{"id":101,"date":"2018-05-25T18:07:53","date_gmt":"2018-05-25T21:07:53","guid":{"rendered":"http:\/\/primeirapauta.ielusc.br\/?p=101"},"modified":"2022-06-22T19:26:16","modified_gmt":"2022-06-22T22:26:16","slug":"inclusao-em-forma-de-arte-um-novo-espaco-em-joinville","status":"publish","type":"post","link":"https:\/\/primeirapauta.ielusc.br\/index.php\/2018\/05\/25\/inclusao-em-forma-de-arte-um-novo-espaco-em-joinville\/","title":{"rendered":"Inclus\u00e3o em forma de arte: um novo espa\u00e7o em Joinville"},"content":{"rendered":"<p><span style=\"font-weight: 400;\">No dia 25 de fevereiro, com um sarau especial e muitas atividades art\u00edsticas, o <\/span><b>Centro de [Trans]forma\u00e7\u00e3o Cultural &#8211; Arte para Todos<\/b><span style=\"font-weight: 400;\">, do Instituto de Pesquisa da Arte pelo Movimento (Impar) e da Associa\u00e7\u00e3o Joinvilense de Apoio e Inclus\u00e3o de Crian\u00e7as Especiais (Ajaice), inaugurou seu novo espa\u00e7o localizado na Rua Salgado Filho, no Sagua\u00e7u. O Centro \u00e9 uma associa\u00e7\u00e3o cultural privada, de utilidade p\u00fablica municipal e tamb\u00e9m sem fins lucrativos. \u00c9 voltado para a forma\u00e7\u00e3o, fomento e tamb\u00e9m para a pesquisa das atividades que s\u00e3o desenvolvidas pelo Centro, entre elas: dan\u00e7a, m\u00fasica, teatro, linguagem corporal e mem\u00f3ria, e tendo como objetivo contribuir com o desenvolvimento humano e social atrav\u00e9s de a\u00e7\u00f5es e projetos culturais desenvolvidos por eles. <\/span><\/p>\n<p><span style=\"font-weight: 400;\">Oferecendo atividades para pessoas com ou sem defici\u00eancia, o Centro foi criado no in\u00edcio de 2012 entre a uni\u00e3o do <\/span><b>Impar<\/b><span style=\"font-weight: 400;\"> e da <\/span><b>Ajaice. <\/b><span style=\"font-weight: 400;\">Por ser considerado um espa\u00e7o cultural novo na cidade, a proposta \u00e9 fazer a inclus\u00e3o e o desenvolvimento das pessoas por meio da arte, al\u00e9m de oferecer atividades para pessoas com ou sem defici\u00eancia. O Instituto conta com o apoio de pessoas f\u00edsicas, empresas e institui\u00e7\u00f5es para a realiza\u00e7\u00e3o de suas atividades e tamb\u00e9m com doa\u00e7\u00f5es de materiais e dinheiro. <\/span><\/p>\n<p><span style=\"font-weight: 400;\">As oficinas de viv\u00eancia art\u00edstica oferecidas s\u00e3o destinadas a crian\u00e7as, adolescentes, adultos e idosos. Possuem tamb\u00e9m atendimento para pessoas surdas, cegas, com transtorno mental, defici\u00eancia f\u00edsica ou intelectual. A equipe de professores conta com Robson Benta, Nathielle Wougles, Manoella Carolina Rego e Andr\u00e9 Felipe que d\u00e3o aula de teatro; F\u00e1bio Cabelo, professor de m\u00fasica; Maria Fortuna, professora de dan\u00e7a e Jos\u00e9 Mauro Silva, professor de artes visuais que atuam junto com as terapeutas ocupacionais Nathielle Wougles e M\u00f4nica Dias. <\/span><\/p>\n<p><span style=\"font-weight: 400;\">O Centro abriu as inscri\u00e7\u00f5es para a primeira turma de <\/span><b>Oficina de Libras &#8211; Aprendendo L\u00ednguas de Sinais, <\/b><span style=\"font-weight: 400;\">dividido em dois n\u00edveis: N\u00edvel Um e N\u00edvel Dois, com a professora Juliana Cipriano Martins Moreira, que \u00e9 p\u00f3s-graduada em Libras. As aulas tiveram in\u00edcio no dia 2 de abril. <\/span><\/p>\n<p><span style=\"font-weight: 400;\">A professora de Libras, Juliana Cipriano Martins Moreira, explicou que o motivo que a fez se tornar professora, foi para ajudar os surdos. \u201cE ensinar as pessoas a se comunicarem em Libras para que aconte\u00e7a realmente a inclus\u00e3o das pessoas surdas na escola, trabalho e sociedade.\u201d Al\u00e9m disso, Juliana ressalta que por ser deficiente auditiva gosta de trabalhar com os alunos e tamb\u00e9m a ter paci\u00eancia de ensinar para que eles realmente aprendam. \u201cPara eles aprenderem de verdade e n\u00e3o num ensino faz de conta, s\u00f3 por eles ser deficientes e acharem que n\u00e3o tem capacidade de aprender.\u201d<\/span><\/p>\n<p><img fetchpriority=\"high\" decoding=\"async\" class=\"alignnone wp-image-103 size-full\" src=\"http:\/\/primeirapauta.ielusc.br\/wp-content\/uploads\/2018\/05\/thumbnail_DSC_0437-1.jpg\" alt=\"\" width=\"1000\" height=\"662\"><\/p>\n<p><span style=\"font-weight: 400;\">Manoella Carolina Rego, professora de teatro e diretora do Grupo de Libra\u00e7\u00e3o fez aulas de libras no Sesi e treinava com surdos. E ap\u00f3s mencionar que trabalhava com teatro, uma menina surda contou que n\u00e3o havia nada de teatro e libras em Joinville para eles. Manoella conta que ap\u00f3s terminar o avan\u00e7ado no curso de Libras, a menina a questionou sobre abrir um lugar para aulas. \u201cEu n\u00e3o sabia muito bem por onde come\u00e7ar, n\u00e3o sabia o que fazer, mas falei \u201cVamos fazer\u201d, e deixei a menina respons\u00e1vel por convidar as pessoas para o curso.\u201d<\/span><\/p>\n<p><span style=\"font-weight: 400;\">A primeira turma foi aberta em agosto de 2011 no local em que trabalhava e contou com cerca de 6 alunos. \u201cFoi legal, foi um aprendizado e foi onde tudo come\u00e7ou\u201d, ressalta. <\/span><\/p>\n<p><span style=\"font-weight: 400;\">A terapeuta ocupacional, Nathielle Wougles conta que antes de trabalhar com Terapia Ocupacional, ela fazia teatro. \u201cDesde os 12 anos, eu sempre gostei da \u00e1rea da sa\u00fade e quando terminei o ensino m\u00e9dio, fui buscar uma profiss\u00e3o que contemplasse a reabilita\u00e7\u00e3o e o fazer art\u00edstico, foi onde encontrei a terapia ocupacional\u201d. Questionada sobre o que a motiva a trabalhar com pessoas com defici\u00eancia, ela menciona que \u00e9 perceber os ganhos e registrar cada pessoa com o seu potencial art\u00edstico e produzir coisas lindas e emocionantes. <\/span><\/p>\n<p><span style=\"font-weight: 400;\">As aulas de Viv\u00eancia em Artes Visuais, Dan\u00e7a, M\u00fasica e Teatro s\u00e3o destinadas ao p\u00fablico em geral e contam com atendimento especializado a pessoas com defici\u00eancia ou transtornos mentais. O principal objetivo dos cursos que s\u00e3o oferecidos \u00e9 fazer com que os alunos vivenciam as express\u00f5es art\u00edsticas, identificando e se apropriando das que melhor contribu\u00edrem para o seu desenvolvimento pessoal. As turmas ter\u00e3o at\u00e9 no m\u00e1ximo 12 alunos, divididos por modalidades art\u00edsticas e faixa et\u00e1ria. As aulas possuem dura\u00e7\u00e3o de at\u00e9 duas horas, \u00e9 uma vez por semana e ser\u00e3o realizadas durante todo o ano.<\/span><\/p>\n<p><img decoding=\"async\" class=\"alignnone size-large wp-image-207\" src=\"http:\/\/primeirapauta.ielusc.br\/wp-content\/uploads\/2018\/05\/thumbnail_WhatsApp-Image-2018-03-08-at-11.25.24-1-1024x768.jpg\" alt=\"\" width=\"1024\" height=\"768\"><\/p>\n<p><span style=\"font-weight: 400;\">Al\u00e9m disso, o atendimento ser\u00e1 gratuito aos usu\u00e1rios atendidos pelo NAIPE &#8211; N\u00facleo de Assist\u00eancia Integral ao Paciente Especial e tamb\u00e9m aos usu\u00e1rios do SOIS &#8211; Servi\u00e7os Organizados de Inclus\u00e3o Social e tamb\u00e9m o fornecimento de vagas gratuitas para fam\u00edlias de baixa renda atendidas por outras institui\u00e7\u00f5es da cidade ou cadastradas diretamente no Centro. <\/span><\/p>\n<p><span style=\"font-weight: 400;\">Outras atividades s\u00e3o oferecidas al\u00e9m das oficinas, s\u00e3o elas: <\/span><\/p>\n<ul>\n<li style=\"font-weight: 400;\"><span style=\"font-weight: 400;\">Encontro de viv\u00eancia art\u00edstica<\/span><\/li>\n<li style=\"font-weight: 400;\"><span style=\"font-weight: 400;\">Encontros did\u00e1ticos \u201cDi\u00e1logos Arte para Todos\u201d<\/span><\/li>\n<li style=\"font-weight: 400;\"><span style=\"font-weight: 400;\">Atividades laborais e viv\u00eancias art\u00edsticas para pais e idosos<\/span><\/li>\n<li style=\"font-weight: 400;\"><span style=\"font-weight: 400;\">Grupos de estudo e suporte terap\u00eautico<\/span><\/li>\n<li style=\"font-weight: 400;\"><span style=\"font-weight: 400;\">Workshops de capacita\u00e7\u00e3o profissional<\/span><\/li>\n<li style=\"font-weight: 400;\"><span style=\"font-weight: 400;\">Programa de acolhimento e suporte para fam\u00edlias de crian\u00e7as com defici\u00eancia (0 a 6 anos)<\/span><\/li>\n<li style=\"font-weight: 400;\"><span style=\"font-weight: 400;\">Espet\u00e1culos e eventos culturais<\/span><\/li>\n<li style=\"font-weight: 400;\">Atividades dos grupos de teatro Libra\u00e7\u00e3o,<span style=\"color: #ec6769;\"><strong> <a style=\"font-size: 1rem; color: #ec6769;\" href=\"https:\/\/www.facebook.com\/institutodepesquisa.impar\/\">Arte para Todos e Coletivo Impar de Teatro.<\/a><\/strong><\/span><\/li>\n<\/ul>\n<p><em>Por: Destiny Goulart<br \/>\n<strong>Conte\u00fado produzido para o Primeira Pauta Digital | Disciplina Jornalismo Digital II<br \/>\n<\/strong><strong>5\u00ba Fase |&nbsp;<\/strong><strong>2018&nbsp;<\/strong><br \/>\n<\/em><\/p>\n\n    <div class=\"xs_social_share_widget xs_share_url after_content \t\tmain_content  wslu-style-1 wslu-share-box-shaped wslu-fill-colored wslu-none wslu-share-horizontal wslu-theme-font-no wslu-main_content\">\n\n\t\t\n        <ul>\n\t\t\t        <\/ul>\n    <\/div> \n","protected":false},"excerpt":{"rendered":"<p>No dia 25 de fevereiro, com um sarau especial e muitas atividades art\u00edsticas, o Centro de [Trans]forma\u00e7\u00e3o Cultural &#8211; Arte para Todos, do Instituto de Pesquisa da Arte pelo Movimento (Impar) e da Associa\u00e7\u00e3o Joinvilense de Apoio e Inclus\u00e3o de Crian\u00e7as Especiais (Ajaice), inaugurou seu novo espa\u00e7o localizado na Rua Salgado Filho, no Sagua\u00e7u. O [&hellip;]<\/p>\n","protected":false},"author":3,"featured_media":2343,"comment_status":"open","ping_status":"open","sticky":false,"template":"","format":"standard","meta":{"footnotes":""},"categories":[266],"tags":[27,28,29],"_links":{"self":[{"href":"https:\/\/primeirapauta.ielusc.br\/index.php\/wp-json\/wp\/v2\/posts\/101"}],"collection":[{"href":"https:\/\/primeirapauta.ielusc.br\/index.php\/wp-json\/wp\/v2\/posts"}],"about":[{"href":"https:\/\/primeirapauta.ielusc.br\/index.php\/wp-json\/wp\/v2\/types\/post"}],"author":[{"embeddable":true,"href":"https:\/\/primeirapauta.ielusc.br\/index.php\/wp-json\/wp\/v2\/users\/3"}],"replies":[{"embeddable":true,"href":"https:\/\/primeirapauta.ielusc.br\/index.php\/wp-json\/wp\/v2\/comments?post=101"}],"version-history":[{"count":1,"href":"https:\/\/primeirapauta.ielusc.br\/index.php\/wp-json\/wp\/v2\/posts\/101\/revisions"}],"predecessor-version":[{"id":2348,"href":"https:\/\/primeirapauta.ielusc.br\/index.php\/wp-json\/wp\/v2\/posts\/101\/revisions\/2348"}],"wp:featuredmedia":[{"embeddable":true,"href":"https:\/\/primeirapauta.ielusc.br\/index.php\/wp-json\/wp\/v2\/media\/2343"}],"wp:attachment":[{"href":"https:\/\/primeirapauta.ielusc.br\/index.php\/wp-json\/wp\/v2\/media?parent=101"}],"wp:term":[{"taxonomy":"category","embeddable":true,"href":"https:\/\/primeirapauta.ielusc.br\/index.php\/wp-json\/wp\/v2\/categories?post=101"},{"taxonomy":"post_tag","embeddable":true,"href":"https:\/\/primeirapauta.ielusc.br\/index.php\/wp-json\/wp\/v2\/tags?post=101"}],"curies":[{"name":"wp","href":"https:\/\/api.w.org\/{rel}","templated":true}]}}