{"id":1059,"date":"2019-12-09T12:08:39","date_gmt":"2019-12-09T14:08:39","guid":{"rendered":"http:\/\/primeirapauta.ielusc.br\/?p=1059"},"modified":"2025-07-04T19:52:02","modified_gmt":"2025-07-04T22:52:02","slug":"criancas-carentes-ganham-bibliotecas","status":"publish","type":"post","link":"https:\/\/primeirapauta.ielusc.br\/index.php\/2019\/12\/09\/criancas-carentes-ganham-bibliotecas\/","title":{"rendered":"Crian\u00e7as carentes ganham bibliotecas da Omunga Grife Social"},"content":{"rendered":"<p style=\"text-align: left;\"><em><span style=\"font-weight: 400;\">Ajudar na capacita\u00e7\u00e3o de professores e transformar a educa\u00e7\u00e3o de lugares carentes \u00e9 a luta do Instituto Omunga<\/span><\/em><\/p>\n<p style=\"text-align: right;\">Texto: Gabriele Abatti<\/p>\n<p style=\"text-align: right;\">Conte\u00fado multim\u00eddia: Mateus Lino<\/p>\n<p><span style=\"font-weight: 400;\">Levar educa\u00e7\u00e3o a todo o mundo com a constru\u00e7\u00e3o de bibliotecas e capacita\u00e7\u00e3o de professores em regi\u00f5es de extrema vulnerabilidade, s\u00e3o os principais objetivos do trabalho Omunga, de Joinville.&nbsp;<\/span><span style=\"font-weight: 400;\">O servi\u00e7o tem a base no empreendimento de diversos produtos como camisas personalizadas, chamada: <\/span><b>\u201cOmunga Grife Social\u201d.<\/b><span style=\"font-weight: 400;\"> Dentro do Omunga, surgiram outros tr\u00eas projetos: <\/span><b>\u201cEscolas do Sert\u00e3o\u201d e \u201cLivros para a \u00c1frica\u201d<\/b><span style=\"font-weight: 400;\">.&nbsp;<\/span><\/p>\n<p><span style=\"font-weight: 400;\"><iframe src=\"https:\/\/www.youtube.com\/embed\/VAV5EkEms8U\" width=\"560\" height=\"315\" frameborder=\"0\" allowfullscreen=\"allowfullscreen\"><\/iframe><\/span><\/p>\n<p>S\u00e3o 4.000 crian\u00e7as e 350 professores<span style=\"font-weight: 400;\">, entre brasileiros e africanos, <\/span>impactados positivamente pelos dois projetos. E, em breve, o projeto Omunga na Amaz\u00f4nia somar\u00e1 mais 1.900 crian\u00e7as e 200 professores beneficiados pela Omunga.<\/p>\n<p><span style=\"font-weight: 400;\">Na busca de fazer alguma diferen\u00e7a no \u00e2mbito social, Roberto Pascoal resolveu deixar a gest\u00e3o de r\u00e1dios em Santa Catarina e foi visitar alguns pa\u00edses mais vulner\u00e1veis do Brasil e do mundo, dentre eles a \u00c1frica, sert\u00e3o do Piau\u00ed e Angola. Ao ver a extrema necessidade de ajuda \u00e0s fam\u00edlias mais carentes, resolveu empreender em um novo neg\u00f3cio solid\u00e1rio. Surgiu ent\u00e3o, em 2013, o<a href=\"https:\/\/omunga.com\/\"> Omunga Grife Social.<\/a><\/span><\/p>\n<p><span style=\"font-weight: 400;\">Os projetos criados a partir da Grife, tem o objetivo de construir bibliotecas e realizar forma\u00e7\u00f5es cont\u00ednuas de professores. <\/span>As cidades foram selecionadas conforme dados do \u00cdndices de Desenvolvimento Humano &#8211; IDH, \u00cdndice de Vulnerabilidade Social \u2013 IVS, \u00cdndice de Desenvolvimento da Educa\u00e7\u00e3o B\u00e1sica \u2013 IDEB<span style=\"font-weight: 400;\">.&nbsp;<\/span><\/p>\n<p><span style=\"font-weight: 400;\">Ap\u00f3s a sele\u00e7\u00e3o e as viagens que Roberto fez no sert\u00e3o do Piau\u00ed e na Angola, foi criado os primeiros projetos: \u201cEscolas do Sert\u00e3o\u201d e \u201cLivros para a \u00c1frica\u201d. As a\u00e7\u00f5es viabilizaram a constru\u00e7\u00e3o de tr\u00eas bibliotecas, sendo duas no sert\u00e3o do Piau\u00ed e uma em Luanda, capital de Angola, beneficiando 4 mil crian\u00e7as e 350 professores.<\/span><\/p>\n<p><span style=\"font-weight: 400;\">O projeto <\/span>Escolas do Sert\u00e3o foi uma das maiores vendas<span style=\"font-weight: 400;\"> de camisetas da Grife para arrecadar fundos e <\/span>construir duas bibliotecas<span style=\"font-weight: 400;\">, uma em Bet\u00e2nia do Piau\u00ed e outra em Curral Novo do Piau\u00ed, em 2013. As bibliotecas foram <\/span>entregues em dez meses<span style=\"font-weight: 400;\">, mas n\u00e3o foi o suficiente. Os professores come\u00e7aram a pedir capacita\u00e7\u00f5es para melhorar os seus conhecimento e ensinamento a todos meninos e meninas. Com isso, os volunt\u00e1rios do Omunga iniciaram <\/span>ciclos de forma\u00e7\u00e3o de professores<span style=\"font-weight: 400;\"> com foco na forma\u00e7\u00e3o de leitores.&nbsp;<\/span><\/p>\n<figure id=\"attachment_1072\" aria-describedby=\"caption-attachment-1072\" style=\"width: 547px\" class=\"wp-caption aligncenter\"><img fetchpriority=\"high\" decoding=\"async\" class=\"wp-image-1072\" src=\"http:\/\/primeirapauta.ielusc.br\/wp-content\/uploads\/2019\/12\/Entrega-Livros03.jpg\" alt=\"bibliotecas s\u00e3o feitas para crian\u00e7as carentes. Eles ganham livros e muito conhecimento.\" width=\"547\" height=\"365\"><figcaption id=\"caption-attachment-1072\" class=\"wp-caption-text\">Projeto Omunga \u00e9 reconhecido pelo Brasil. (Foto: Daniel Machado)<\/figcaption><\/figure>\n<h2><b><i>O professor deve trabalhar COM amor e n\u00e3o POR amor<\/i><\/b><\/h2>\n<p><span style=\"font-weight: 400;\">A professora Ana Carlota (51) de&nbsp; S\u00e3o Paulo \u00e9 um dos exemplos de grandes profissionais que participam do Omunga. Ana \u00e9 Educadora e Psic\u00f3loga, e resolveu entrar nesse mundo do ensino, principalmente com pessoas carentes, para cumprir o seu prop\u00f3sito em vida.&nbsp;<\/span><\/p>\n<blockquote><p><i><span style=\"font-weight: 400;\">\u201cCada vez que tenho a oportunidade de ir ao encontro de professores nos locais mais vulner\u00e1veis, sinto-me obrigada a utilizar todas as minhas potencialidades a fim de mobilizar pessoas do setor privado e p\u00fablico para as melhorias na Educa\u00e7\u00e3o\u201d<\/span><\/i><span style=\"font-weight: 400;\">, destaca a professora.&nbsp;<\/span><\/p><\/blockquote>\n<p><span style=\"font-weight: 400;\">O Livros para a \u00c1frica veio um ano depois, em 2014, com o mesmo projeto realizado em Piau\u00ed, s\u00f3 que agora em Luanda, capital de Angola. Com diversas parcerias, a segunda cole\u00e7\u00e3o de camisetas foi lan\u00e7ada, e conseguiram finalizar a constru\u00e7\u00e3o e colocar o trabalho em pr\u00e1tica.<\/span><\/p>\n<p><span style=\"font-weight: 400;\">Em 2017 foi lan\u00e7ada uma <\/span>nova identidade visual<span style=\"font-weight: 400;\">, juntamente com a terceira cole\u00e7\u00e3o de camisetas, chamada<\/span><b> \u201cMude uma Hist\u00f3ria\u201d<\/b><span style=\"font-weight: 400;\">, para subsidiar os atuais e novos projetos. No mesmo ano deu in\u00edcio o <\/span>Instituto Omunga<span style=\"font-weight: 400;\">, que possibilitou a entrada de ajudas mensais, e\/ou pontuais e da Lei de Incentivo \u00e0 Cultura.&nbsp;<\/span><\/p>\n<p><span style=\"font-weight: 400;\">Para aproximar os apoiadores das causas, foi criado o nome <\/span><b>Omunga Clube<\/b><span style=\"font-weight: 400;\">, que mensalmente os doadores contribuem com os projetos e recebem em troca produtos e kits exclusivos.&nbsp;<\/span><\/p>\n<figure id=\"attachment_1180\" aria-describedby=\"caption-attachment-1180\" style=\"width: 540px\" class=\"wp-caption alignleft\"><img decoding=\"async\" class=\"wp-image-1180 \" src=\"http:\/\/primeirapauta.ielusc.br\/wp-content\/uploads\/2019\/12\/Retranca.jpg\" alt=\"10 pessoas na biblioteca constru\u00edda pela Omunga Grife Social para crian\u00e7as em situa\u00e7\u00e3o de vulnerabilidade\" width=\"540\" height=\"360\"><figcaption id=\"caption-attachment-1180\" class=\"wp-caption-text\">Equipe da Omunga em uma das bibliotecas. (Foto: Daniel Machado)<\/figcaption><\/figure>\n<p>&nbsp;<\/p>\n<p>&nbsp;<\/p>\n<p>&nbsp;<\/p>\n<p>&nbsp;<\/p>\n<p>&nbsp;<\/p>\n<p>&nbsp;<\/p>\n<p>&nbsp;<\/p>\n<p>&nbsp;<\/p>\n<p>&nbsp;<\/p>\n<p><span style=\"font-weight: 400;\">Para aqueles que desejam apenas ajudar financeiramente, sem receber algum material em troca, foi criado o Omunga Doa\u00e7\u00f5es. \u201c\u00c9 um projeto diferenciado, pois, al\u00e9m de n\u00e3o constar com ajuda governamental, vai justamente onde outras OnGs e governos n\u00e3o v\u00e3o, levando livros para as crian\u00e7as\u201d, disse o doador do Omunga, Guilherme Almeida (41).&nbsp;<\/span><\/p>\n<p><span style=\"font-weight: 400;\">Todo trabalho \u00e9 apresentado aos apoiadores, cada avan\u00e7o, a\u00e7\u00e3o e investimento. Guilherme por exemplo, al\u00e9m de ajudar a institui\u00e7\u00e3o com custos financeiros, tamb\u00e9m apoia da divulga\u00e7\u00e3o das redes sociais e contatos em Bras\u00edlia, caso precisem de ajuda ou aux\u00edlio na implementa\u00e7\u00e3o de algum projeto. \u201cVale muito a pena contribuir com a causa. E sinto por n\u00e3o colocar efetivamente m\u00e3os \u00e0 obra.\u201d<\/span><\/p>\n<p>Conhe\u00e7a mais sobre o Omunga Clube<a href=\"https:\/\/www.omungaclube.com\/\"><strong> aqui.<\/strong><\/a><\/p>\n<h2><b>Empres\u00e1rios de Joinville investem na a\u00e7\u00e3o para educa\u00e7\u00e3o<\/b><\/h2>\n<p><span style=\"font-weight: 400;\">O Juiz da <\/span><span style=\"font-weight: 400;\">Vara de Execu\u00e7\u00f5es Penais e Corregedor do Sistema Prisional de Joinville, <\/span><span style=\"font-weight: 400;\">Jo\u00e3o Marcos Buch<\/span><span style=\"font-weight: 400;\">, \u00e9 um dos doadores da causa. \u201cEu acredito na causa que a Omunga faz, por isso que eu resolvi me engajar e assinei a Omunga Clube.\u201d&nbsp;<\/span><\/p>\n<p><span style=\"font-weight: 400;\">O juiz contribui como pessoa f\u00edsica para o projeto, assim como <\/span><span style=\"font-weight: 400;\">Milena Moser, que amou tanto os trabalhos e hoje, \u00e9 funcion\u00e1ria da Grife. \u201cSaber que crian\u00e7as totalmente desassistidas, hoje, est\u00e3o tendo autonomia, liberdade e poder de escolha me faz acreditar em um futuro muito melhor\u201d, declara a estagi\u00e1ria.<\/span><\/p>\n<p><span style=\"font-weight: 400;\">O site Dentro da Hist\u00f3ria, feito para venda de livros infantis, est\u00e1 junto com a equipe. Arrecadam 0,5% do faturamento das vendas para a Omunga, sempre comunicando os compradores sobre esse percentual.&nbsp;<\/span><\/p>\n<figure id=\"attachment_1181\" aria-describedby=\"caption-attachment-1181\" style=\"width: 573px\" class=\"wp-caption alignleft\"><img decoding=\"async\" class=\"wp-image-1181 \" src=\"http:\/\/primeirapauta.ielusc.br\/wp-content\/uploads\/2019\/12\/sugest\u00e3o-de-capa.jpg\" alt=\"Crian\u00e7a com livro na m\u00e3o lendo em uma biblioteca \" width=\"573\" height=\"382\"><figcaption id=\"caption-attachment-1181\" class=\"wp-caption-text\">Crian\u00e7a lendo livro na biblioteca constru\u00edda pelo Instituto Omunga. (Foto: Daniel Machado)<\/figcaption><\/figure>\n<p>&nbsp;<\/p>\n<p>&nbsp;<\/p>\n<p>&nbsp;<\/p>\n<p>&nbsp;<\/p>\n<p>&nbsp;<\/p>\n<p>&nbsp;<\/p>\n<p>&nbsp;<\/p>\n<p>&nbsp;<\/p>\n<p>&nbsp;<\/p>\n<p>&nbsp;<\/p>\n<p><span style=\"font-weight: 400;\">Al\u00e9m do instituto, o site j\u00e1 ajudou com doa\u00e7\u00f5es para o Teleton, junto com a Associa\u00e7\u00e3o de Assist\u00eancia \u00e0 Crian\u00e7a Deficiente &#8211; AACD e o SBT. \u201cPercebemos que o trabalho que a Omunga faz deixa um legado positivo, tanto tang\u00edvel quanto intang\u00edvel\u201d, declara Elson J\u00fanior, coordenador de marketing do site.&nbsp;<\/span><\/p>\n<p><span style=\"font-weight: 400;\">Mas eles n\u00e3o querem somente ajudar com esse percentual, pois quanto mais assinantes tiverem na base, esse \u00edndice tende a aumentar e chegar at\u00e9 1,5%. \u201c\u00c9 uma forma bem direta de comunicar que nosso compromisso com a educa\u00e7\u00e3o e leitura n\u00e3o fica estacionado.\u201d&nbsp;<\/span><\/p>\n<p><span style=\"font-weight: 400;\">Rafael Farias \u00e9 empreendedor da empresa Marklii, e declara que vale a pena investir nesta causa. \u201cAs crian\u00e7as s\u00e3o o futuro do Brasil e do mundo, precisamos de muito trabalho de modo a garantir que elas tenham um futuro digno e feliz de acordo com suas pr\u00f3prias aspira\u00e7\u00f5es\u201d, declara o empres\u00e1rio. Conforme o apoiador, a educa\u00e7\u00e3o \u00e9 essencial e n\u00e3o \u00e9 uma prioridade no pa\u00eds.&nbsp;<\/span><\/p>\n\n    <div class=\"xs_social_share_widget xs_share_url after_content \t\tmain_content  wslu-style-1 wslu-share-box-shaped wslu-fill-colored wslu-none wslu-share-horizontal wslu-theme-font-no wslu-main_content\">\n\n\t\t\n        <ul>\n\t\t\t        <\/ul>\n    <\/div> \n","protected":false},"excerpt":{"rendered":"<p>Ajudar na capacita\u00e7\u00e3o de professores e transformar a educa\u00e7\u00e3o de lugares carentes \u00e9 a luta do Instituto Omunga Texto: Gabriele Abatti Conte\u00fado multim\u00eddia: Mateus Lino Levar educa\u00e7\u00e3o a todo o mundo com a constru\u00e7\u00e3o de bibliotecas e capacita\u00e7\u00e3o de professores em regi\u00f5es de extrema vulnerabilidade, s\u00e3o os principais objetivos do trabalho Omunga, de Joinville.&nbsp;O servi\u00e7o [&hellip;]<\/p>\n","protected":false},"author":3,"featured_media":1061,"comment_status":"open","ping_status":"open","sticky":false,"template":"","format":"standard","meta":{"footnotes":""},"categories":[347],"tags":[180,181,27,182,183,184],"_links":{"self":[{"href":"https:\/\/primeirapauta.ielusc.br\/index.php\/wp-json\/wp\/v2\/posts\/1059"}],"collection":[{"href":"https:\/\/primeirapauta.ielusc.br\/index.php\/wp-json\/wp\/v2\/posts"}],"about":[{"href":"https:\/\/primeirapauta.ielusc.br\/index.php\/wp-json\/wp\/v2\/types\/post"}],"author":[{"embeddable":true,"href":"https:\/\/primeirapauta.ielusc.br\/index.php\/wp-json\/wp\/v2\/users\/3"}],"replies":[{"embeddable":true,"href":"https:\/\/primeirapauta.ielusc.br\/index.php\/wp-json\/wp\/v2\/comments?post=1059"}],"version-history":[{"count":2,"href":"https:\/\/primeirapauta.ielusc.br\/index.php\/wp-json\/wp\/v2\/posts\/1059\/revisions"}],"predecessor-version":[{"id":3047,"href":"https:\/\/primeirapauta.ielusc.br\/index.php\/wp-json\/wp\/v2\/posts\/1059\/revisions\/3047"}],"wp:featuredmedia":[{"embeddable":true,"href":"https:\/\/primeirapauta.ielusc.br\/index.php\/wp-json\/"}],"wp:attachment":[{"href":"https:\/\/primeirapauta.ielusc.br\/index.php\/wp-json\/wp\/v2\/media?parent=1059"}],"wp:term":[{"taxonomy":"category","embeddable":true,"href":"https:\/\/primeirapauta.ielusc.br\/index.php\/wp-json\/wp\/v2\/categories?post=1059"},{"taxonomy":"post_tag","embeddable":true,"href":"https:\/\/primeirapauta.ielusc.br\/index.php\/wp-json\/wp\/v2\/tags?post=1059"}],"curies":[{"name":"wp","href":"https:\/\/api.w.org\/{rel}","templated":true}]}}