{"id":1063,"date":"2019-12-09T22:34:54","date_gmt":"2019-12-10T00:34:54","guid":{"rendered":"http:\/\/primeirapauta.ielusc.br\/?p=1063"},"modified":"2025-07-04T20:32:39","modified_gmt":"2025-07-04T23:32:39","slug":"turismo-em-joinville-9-lugares-para-conhecer-na-cidade","status":"publish","type":"post","link":"https:\/\/primeirapauta.ielusc.br\/index.php\/2019\/12\/09\/turismo-em-joinville-9-lugares-para-conhecer-na-cidade\/","title":{"rendered":"Turismo em Joinville: 9 lugares para conhecer na cidade"},"content":{"rendered":"<p><em>Apesar da fama de ser uma cidade industrial, Joinville tem op\u00e7\u00f5es de lazer para todos os gostos<\/em><\/p>\n<p style=\"text-align: right;\">Por J\u00e9ssica Horr e Jucilene Schneider<\/p>\n<p>&nbsp;<\/p>\n<p><span style=\"font-weight: 400;\">O ano est\u00e1 quase no fim, e com certeza todo mundo j\u00e1 est\u00e1 pensando no que fazer para passar bem as f\u00e9rias. Para voc\u00ea que quer um fim de ano mais econ\u00f4mico, fica tranquilo porque a gente trouxe algumas indica\u00e7\u00f5es de lugares interessantes aqui mesmo, em Joinville! E para quem \u00e9 de fora e quer conhecer um pouco melhor a cidade, essa mat\u00e9ria tamb\u00e9m \u00e9 perfeita.<\/span><\/p>\n<h2>Para quem gosta de arte e hist\u00f3ria<\/h2>\n<p>Al\u00e9m de ruas cheias de ind\u00fastrias, flores e guarda-chuvas, Joinville tamb\u00e9m tem espa\u00e7o para quem quer consumir arte. Desde exposi\u00e7\u00f5es de pinturas e esculturas a museu arqueol\u00f3gico, a cidade apresenta op\u00e7\u00f5es para um passeio mais cultural.<\/p>\n<p><strong>Museu do Sambaqui<br \/>\n<\/strong><br \/>\nPara os amantes de hist\u00f3ria e arqueologia, a cidade tem o Museu Arqueol\u00f3gico de Sambaqui, localizado na rua Dona Francisca, no Centro. Um sambaqui \u00e9 uma pequena montanha feita de materiais org\u00e2nicos, marcas deixadas pelo homem e por animais pr\u00e9-hist\u00f3ricos. Em Joinville, quem visita o museu entra em contato com a forma\u00e7\u00e3o da cultura na Am\u00e9rica do Sul.<\/p>\n<figure id=\"attachment_1175\" aria-describedby=\"caption-attachment-1175\" style=\"width: 5184px\" class=\"wp-caption aligncenter\"><img fetchpriority=\"high\" decoding=\"async\" class=\"size-full wp-image-1175\" src=\"http:\/\/primeirapauta.ielusc.br\/wp-content\/uploads\/2019\/12\/IMG_4483.png\" alt=\"Foto horizontal e colorida de f\u00f3sseis pr\u00e9-hist\u00f3ricos\" width=\"5184\" height=\"3456\"><figcaption id=\"caption-attachment-1175\" class=\"wp-caption-text\">Al\u00e9m de utens\u00edlios dos povos antigos, o Museu do Sambaqui tamb\u00e9m exp\u00f5e f\u00f3sseis de animais pr\u00e9-hist\u00f3ricos. (Foto: Jucilene Schneider)<\/figcaption><\/figure>\n<p><iframe src=\"https:\/\/w.soundcloud.com\/player\/?url=https%3A\/\/api.soundcloud.com\/tracks\/725422753&amp;color=%23446482&amp;auto_play=false&amp;hide_related=false&amp;show_comments=true&amp;show_user=true&amp;show_reposts=false&amp;show_teaser=true&amp;visual=true\" width=\"100%\" height=\"300\" frameborder=\"no\" scrolling=\"no\"><\/iframe><\/p>\n<p><strong>Casa Fritz Alt<\/strong><\/p>\n<p>Fritz Alt foi um artista alem\u00e3o que passou grande parte da vida em Joinville. A casa que construiu na cidade virou um museu com o seu nome, inaugurado na d\u00e9cada de 70. L\u00e1 \u00e9 poss\u00edvel conhecer a hist\u00f3ria de Fritz e aproveitar uma vista panor\u00e2mica de Joinville. A constru\u00e7\u00e3o fica localizada no morro do bairro Boa Vista.<\/p>\n<p><strong>Instituto Juarez Machado<br \/>\n<\/strong><br \/>\nQuem \u00e9 Joinvilense ouve falar do Teatro Juarez Machado, anexo ao Centreventos Cau Hansen, locais onde acontece a maioria dos grandes eventos da cidade. Mas o pintor e escultor que nomeia o teatro tamb\u00e9m tem um instituto dedicado especialmente \u00e0s obras que produziu durante a vida, localizado no bairro Am\u00e9rica. L\u00e1 est\u00e3o expostos os quadros de Juarez, al\u00e9m de exposi\u00e7\u00f5es de outros artistas locais. Quem visita, pode conhecer ainda a casa na qual o artista morava.<\/p>\n<p><iframe src=\"https:\/\/www.youtube.com\/embed\/YlZyBLqw-40\" width=\"560\" height=\"315\" frameborder=\"0\" allowfullscreen=\"allowfullscreen\"><\/iframe><\/p>\n<h2>Para quem gosta de natureza<\/h2>\n<p>O ver\u00e3o est\u00e1 quase a\u00ed, e o que n\u00e3o falta \u00e9 vontade de se refrescar do calor que faz aqui na regi\u00e3o. A cidade tem op\u00e7\u00f5es para quem busca um roteiro mais focado na natureza.<\/p>\n<p><strong>Estrada Bonita<br \/>\n<\/strong><br \/>\nFrequentemente usada como roteiro fotogr\u00e1fico, a Estrada Bonita fica localizada na regi\u00e3o do Quiriri e conta com restaurantes, riachos aptos para banho, campos, pesque e pague e um museu rural. Tamb\u00e9m \u00e9 poss\u00edvel visitar os com\u00e9rcios que vendem produtos caseiros e alugar casas antigas para passar a noite.<\/p>\n<figure id=\"attachment_1177\" aria-describedby=\"caption-attachment-1177\" style=\"width: 2048px\" class=\"wp-caption aligncenter\"><img decoding=\"async\" class=\"size-full wp-image-1177\" src=\"http:\/\/primeirapauta.ielusc.br\/wp-content\/uploads\/2019\/12\/LRM_EXPORT_428506625148310_20191206_183312489.jpeg\" alt=\"Foto horizontal e colorida de um rio na Estrada Bonita\" width=\"2048\" height=\"1365\"><figcaption id=\"caption-attachment-1177\" class=\"wp-caption-text\">Para se refrescar no calor de dezembro, a Estrada Bonita oferece rios aptos para banho. (Foto: J\u00e9ssica Horr)<\/figcaption><\/figure>\n<p><strong>Recanto Nascentes Divinas<br \/>\n<\/strong><br \/>\nO Recanto Nascentes Divinas \u00e9 outro destino interessante para quem quer passar um dia longe do cen\u00e1rio urbano e se refrescar do calor. Fica no distrito Pirabeiraba, na estrada Rio da Prata, e cobra uma taxa simb\u00f3lica de R$5 para a entrada. \u00c9 poss\u00edvel alugar quiosques para quem quer fazer churrasco ou preparar outra comida. Conta tamb\u00e9m com rios e cachoeira para tomar banho. A paisagem \u00e9 verde e perfeita para quem gosta da natureza.<\/p>\n<p><strong>Porta do Mar<br \/>\n<\/strong><br \/>\nPara quem quer um lugar mais pr\u00f3ximo da cidade, a Porta do Mar fica localizada no bairro Espinheiros. Ainda \u00e9 um destino desconhecido para muitos joinvilenses, apesar de mostrar uma parte da beleza da cidade. O monumento d\u00e1 vis\u00e3o para a Ba\u00eda da Babitonga, um gostinho de litoral, j\u00e1 que Joinville n\u00e3o tem praias. Quem quiser passar o dia por l\u00e1 pode almo\u00e7ar nos restaurantes dos arredores.<\/p>\n<h2>Para quem gosta de aventura<\/h2>\n<p>Lazer n\u00e3o se faz apenas com visitas a museus ou passeios naturais. Por isso, Joinville tamb\u00e9m tem op\u00e7\u00f5es para voc\u00ea que procura um pouco de aventura neste fim de ano.<\/p>\n<p><strong>Castelo dos Bugres<br \/>\n<\/strong><br \/>\nO Castelo dos Bugres \u00e9 uma op\u00e7\u00e3o de trilha na cidade, localizado na serra Dona Francisca. O trajeto de ida e volta soma aproximadamente seis quil\u00f4metros. Quem sobe tem uma vis\u00e3o panor\u00e2mica de Joinville inteira. Segundo avalia\u00e7\u00f5es no site TripAdvisor, a caminhada total \u00e9 de cerca de duas horas. Por isso, lembre-se de levar \u00e1gua, protetor solar e todos os equipamentos necess\u00e1rios para a trilha!<\/p>\n<figure id=\"attachment_1178\" aria-describedby=\"caption-attachment-1178\" style=\"width: 4000px\" class=\"wp-caption alignleft\"><img decoding=\"async\" class=\"size-full wp-image-1178\" src=\"http:\/\/primeirapauta.ielusc.br\/wp-content\/uploads\/2019\/12\/DSC2166.jpg\" alt=\"Foto vertical e colorida de um rio no Castelo dos Bugres\" width=\"4000\" height=\"6000\"><figcaption id=\"caption-attachment-1178\" class=\"wp-caption-text\">No Castelo dos Bugres existem rios para completar a vista de quem completa a trilha. (Foto: Heloisa Krzeminski)<\/figcaption><\/figure>\n<p><strong>Morro do Finder<br \/>\n<\/strong><br \/>\nOutra op\u00e7\u00e3o de trilha \u00e9 o Morro do Finder, que fica localizado no bairro Bom Retiro. O nome \u00e9 uma homenagem ao ex-vereador de Joinville Amandos Finder. \u00c9 mais acess\u00edvel que os outros destinos por ficar localizado em um bairro mais f\u00e1cil de achar. Do topo \u00e9 poss\u00edvel ver a Ba\u00eda da Babitonga e boa parte da cidade. O lugar tem 50 mil metros quadrados de \u00e1rea de preserva\u00e7\u00e3o ambiental.<\/p>\n\n    <div class=\"xs_social_share_widget xs_share_url after_content \t\tmain_content  wslu-style-1 wslu-share-box-shaped wslu-fill-colored wslu-none wslu-share-horizontal wslu-theme-font-no wslu-main_content\">\n\n\t\t\n        <ul>\n\t\t\t        <\/ul>\n    <\/div> \n","protected":false},"excerpt":{"rendered":"<p>Apesar da fama de ser uma cidade industrial, Joinville tem op\u00e7\u00f5es de lazer para todos os gostos Por J\u00e9ssica Horr e Jucilene Schneider &nbsp; O ano est\u00e1 quase no fim, e com certeza todo mundo j\u00e1 est\u00e1 pensando no que fazer para passar bem as f\u00e9rias. Para voc\u00ea que quer um fim de ano mais [&hellip;]<\/p>\n","protected":false},"author":3,"featured_media":0,"comment_status":"open","ping_status":"open","sticky":false,"template":"","format":"standard","meta":{"footnotes":""},"categories":[345,266,354],"tags":[185,186,144,187,188,189,29,190,191,192,40],"_links":{"self":[{"href":"https:\/\/primeirapauta.ielusc.br\/index.php\/wp-json\/wp\/v2\/posts\/1063"}],"collection":[{"href":"https:\/\/primeirapauta.ielusc.br\/index.php\/wp-json\/wp\/v2\/posts"}],"about":[{"href":"https:\/\/primeirapauta.ielusc.br\/index.php\/wp-json\/wp\/v2\/types\/post"}],"author":[{"embeddable":true,"href":"https:\/\/primeirapauta.ielusc.br\/index.php\/wp-json\/wp\/v2\/users\/3"}],"replies":[{"embeddable":true,"href":"https:\/\/primeirapauta.ielusc.br\/index.php\/wp-json\/wp\/v2\/comments?post=1063"}],"version-history":[{"count":2,"href":"https:\/\/primeirapauta.ielusc.br\/index.php\/wp-json\/wp\/v2\/posts\/1063\/revisions"}],"predecessor-version":[{"id":3035,"href":"https:\/\/primeirapauta.ielusc.br\/index.php\/wp-json\/wp\/v2\/posts\/1063\/revisions\/3035"}],"wp:attachment":[{"href":"https:\/\/primeirapauta.ielusc.br\/index.php\/wp-json\/wp\/v2\/media?parent=1063"}],"wp:term":[{"taxonomy":"category","embeddable":true,"href":"https:\/\/primeirapauta.ielusc.br\/index.php\/wp-json\/wp\/v2\/categories?post=1063"},{"taxonomy":"post_tag","embeddable":true,"href":"https:\/\/primeirapauta.ielusc.br\/index.php\/wp-json\/wp\/v2\/tags?post=1063"}],"curies":[{"name":"wp","href":"https:\/\/api.w.org\/{rel}","templated":true}]}}