{"id":1207,"date":"2019-12-10T23:10:00","date_gmt":"2019-12-11T02:10:00","guid":{"rendered":"http:\/\/primeirapauta.ielusc.br\/?p=1207"},"modified":"2022-06-22T20:32:59","modified_gmt":"2022-06-22T23:32:59","slug":"pacote-anticrime-de-sergio-moro-e-aprovado-na-camara-dos-deputados","status":"publish","type":"post","link":"https:\/\/primeirapauta.ielusc.br\/index.php\/2019\/12\/10\/pacote-anticrime-de-sergio-moro-e-aprovado-na-camara-dos-deputados\/","title":{"rendered":"Pacote Anticrime de S\u00e9rgio Moro \u00e9 aprovado na C\u00e2mara dos Deputados"},"content":{"rendered":"<p style=\"text-align: left;\">O projeto de lei teve v\u00e1rias partes cortadas do texto original proposto pelo ministro, dentre elas a altera\u00e7\u00e3o no artigo 23, a proposta ir\u00e1 para vota\u00e7\u00e3o no senado<\/p>\n<p style=\"text-align: left;\"><em>*Por Gabriele Morais e Dielin da Silva<\/em><\/p>\n<p style=\"text-align: left;\">Foi aprovado no dia <strong>4 de dezembro,<\/strong> o <a href=\"https:\/\/istoe.com.br\/moro-apresenta-pacote-anticrime\/\" target=\"_blank\" rel=\"noopener\">Pacote Anticrime<\/a>, projeto de lei proposto pelo ministro da Justi\u00e7a e Seguran\u00e7a P\u00fablica, S\u00e9rgio Moro, com <strong>408<\/strong> votos a favor, <strong>nove<\/strong> contra e <strong>duas<\/strong> absten\u00e7\u00f5es. Por\u00e9m, houve alguns t\u00f3picos que foram recusados, dentre eles o artigo 23 que continua o mesmo.<\/p>\n<p style=\"text-align: left;\">O artigo fala sobre o <a href=\"https:\/\/www.camara.leg.br\/noticias\/589060-ENTENDA-O-CONCEITO-DE-EXCLUDENTE-DE-ILICITUDE\" target=\"_blank\" rel=\"noopener\">excludente de ilicitude<\/a>, a lei que trata de como s\u00e3o vistos os excessos cometidos por agentes de seguran\u00e7a p\u00fablica durante o servi\u00e7o, como, por exemplo, policiais que cometem \u201cexcessos\u201d ao responderem de forma violenta em uma atua\u00e7\u00e3o policial. A lei prev\u00ea que em casos como esses, a a\u00e7\u00e3o foi cometida em <strong>leg\u00edtima defesa<\/strong>, por medo, surpresa ou forte emo\u00e7\u00e3o.<\/p>\n<p style=\"text-align: left;\">Inicialmente a proposta feita pelo ministro alterava o trecho em que fala que o agente autor da a\u00e7\u00e3o responde por \u201cexcesso doloso ou culposo\u201d, por\u00e9m sugeria uma mudan\u00e7a na forma como esses \u201cexcessos policiais\u201d seriam julgados.<\/p>\n<p style=\"text-align: left;\">O projeto apresentado por Moro previa que o juiz respons\u00e1vel pelo caso poderia <strong>reduzir a pena<\/strong> pela metade ou n\u00e3o aplic\u00e1-la, considerando que o policial cometeu a a\u00e7\u00e3o em leg\u00edtima defesa e\/ou por forte emo\u00e7\u00e3o. \u201cEle acaba <strong>afrouxando<\/strong> essas abordagens, ent\u00e3o o policial que alegar forte emo\u00e7\u00e3o durante a autua\u00e7\u00e3o, por exemplo, pode se isentar de culpa\u201d, comenta a assessora do Centro de Direitos Humanos (CDH) Maria da Gra\u00e7a Br\u00e1z, de Joinville, Lizandra Carpes. \u201cIsso vai atingir com certeza a popula\u00e7\u00e3o mais vulner\u00e1vel\u201d, acredita Lizandra. Ela diz tamb\u00e9m que essas mudan\u00e7as previstas dentro deste pacote s\u00e3o inconstitucionais e que colocam na constitui\u00e7\u00e3o \u201cuma pena de morte mascarada, abrindo espa\u00e7o para a tortura\u201d.<\/p>\n<p style=\"text-align: left;\">Segundo dados do Anu\u00e1rio Brasileiro de Seguran\u00e7a P\u00fablica divulgado em setembro, somente em 2018, <strong>6.220 pessoas<\/strong> foram <strong>mortas por policiais<\/strong>, o n\u00famero representa mortes tanto de agentes em servi\u00e7o quanto aqueles que estavam a paisana. Em contrapartida, somente no primeiro semestre deste ano houve um aumento de 4% nas mortes causadas por policiais, foram 2.886 civis; o n\u00famero de agentes que morreram em servi\u00e7o caiu 55%, foram 85 neste mesmo per\u00edodo, \u00e9 o que mostra o <a href=\"https:\/\/g1.globo.com\/monitor-da-violencia\/noticia\/2019\/10\/14\/maioria-dos-estados-registra-queda-no-no-de-pessoas-mortas-pela-policia-brasil-porem-tem-alta-no-dado-no-1o-semestre.ghtml\" target=\"_blank\" rel=\"noopener\">Monitor da Viol\u00eancia<\/a>, pesquisa divulgada pelo Portal G1.<\/p>\n<p style=\"text-align: left;\">O delegado do Departamento de Investiga\u00e7\u00e3o Criminal (DIC), de Jaragu\u00e1 do Sul, Daniel Dias, acredita que a aprova\u00e7\u00e3o do projeto iria <strong>garantir<\/strong> ao policial uma <strong>prote\u00e7\u00e3o<\/strong> na hora de realizar seu trabalho e que tal medida evita que os agentes tenham medo no momento de agir. \u201cEle blinda de certa forma o policial, para que n\u00e3o fique a merc\u00ea de interpreta\u00e7\u00f5es por parte do delegado de pol\u00edcia, do promotor e do juiz\u201d, afirma.<\/p>\n<p style=\"text-align: left;\">Ele comenta que a aprova\u00e7\u00e3o do projeto n\u00e3o iria mudar muita coisa aqui em Santa Catarina, tendo em vista que os \u00edndices de viol\u00eancia s\u00e3o pequenos, \u201cn\u00e3o h\u00e1 grandes conflitos entre policiais e criminosos, ent\u00e3o eu eu acredito que poucos reflexos produziria o nosso estado.\u201d<\/p>\n<p style=\"text-align: left;\">Com parte do <a href=\"https:\/\/www1.folha.uol.com.br\/cotidiano\/2019\/12\/comissao-do-senado-aprova-pacote-anticrime-e-texto-vai-a-plenario.shtml\" target=\"_blank\" rel=\"noopener\">texto barrado na c\u00e2mara<\/a>, a altera\u00e7\u00f5es colocadas pelo ministro que ainda se mantiveram foi o trecho que fala sobre leg\u00edtima defesa, nele entende-se que o \u201cagente de seguran\u00e7a p\u00fablica que repele agress\u00e3o ou risco de agress\u00e3o, em casos que a v\u00edtima \u00e9 mantida ref\u00e9m ou em cativeiro\u201d, ampliando portanto as situa\u00e7\u00f5es em que a lei se aplica. E s\u00f3 \u00e9 permitido apenas ao agentes da Garantia de Lei e Ordem (GLO).<\/p>\n<h2 style=\"text-align: left;\">71 anos da declara\u00e7\u00e3o Universal dos Direitos Humanos<\/h2>\n<figure id=\"attachment_1215\" aria-describedby=\"caption-attachment-1215\" style=\"width: 1140px\" class=\"wp-caption alignleft\"><img fetchpriority=\"high\" decoding=\"async\" class=\"size-full wp-image-1215\" src=\"http:\/\/primeirapauta.ielusc.br\/wp-content\/uploads\/2019\/12\/direitos-humanos-10-de-dezembro-foto-us-embassy-e-consulates-in-brazil.png\" alt=\"\" width=\"1140\" height=\"450\" \/><figcaption id=\"caption-attachment-1215\" class=\"wp-caption-text\">Foto US Embassy &amp; Consulates in Brazil<\/figcaption><\/figure>\n<p style=\"text-align: left;\">No dia <strong>10 de dezembro<\/strong> a declara\u00e7\u00e3o Universal dos Direitos Humanos completa <strong>71 anos<\/strong> de hist\u00f3ria, mas a luta existe a muito mais tempo. Dentre as principais garantias asseguradas pelo documento, est\u00e3o: igualdade, liberdade, seguran\u00e7a, moradia, educa\u00e7\u00e3o e sa\u00fade. \u201cAntes da declara\u00e7\u00e3o, muita gente pagou com a pr\u00f3pria vida, para defender esses direitos\u201d, relembra Lizandra. E at\u00e9 hoje, muitas pessoas s\u00e3o perseguidas ao busc\u00e1-los. \u00c9 o caso da paquistanesa <a href=\"http:\/\/g1.globo.com\/mundo\/noticia\/2014\/10\/saiba-quem-e-malala-yousafzai-paquistanesa-que-ganhou-nobel.html\" target=\"_blank\" rel=\"noopener\">Malala Yousafzai<\/a>, que foi perseguida ao protestar por causa do fechamento de escolas para meninas em seu pa\u00eds.<\/p>\n<p style=\"text-align: left;\">Malala ganhou voz ao ter seus textos publicados no portal brit\u00e2nico BBC, que era como um di\u00e1rio de sua vida escolar, com relatos de como era para essas meninas poder estudar, em um tempo que o Talib\u00e3 amea\u00e7ava fechar escolas.<\/p>\n<p style=\"text-align: left;\">Em 2012, ela sofreu um ataque a tiros, disparados por um dos membros do grupo terrorista. Um dos disparos acabou atingindo a cabe\u00e7a da menina. Ap\u00f3s o atentado, ela foi levada \u00e0 Inglaterra onde pode se recuperar.<\/p>\n<p style=\"text-align: left;\">Tempos depois de ter sido baleada, a paquistanesa afirmou que jamais seria silenciada. Ela ganhou diversos pr\u00eamios por suas lutas e foi a <strong>pessoa mais jovem a ganhar o Nobel da Paz<\/strong>, aos 17 anos. \u201cUm livro, uma caneta, uma crian\u00e7a e um professor podem mudar o mundo. Educa\u00e7\u00e3o \u00e9 a solu\u00e7\u00e3o\u201d, afirmou Malala em um de seus discursos.<\/p>\n<p style=\"text-align: left;\">\u00c9 importante ressaltar que a declara\u00e7\u00e3o dos Direitos Humanos defende e visa proteger a todos sem distin\u00e7\u00e3o alguma. As pol\u00edticas p\u00fablicas e discursos que podem incitar a viol\u00eancia podem ser ruins por atingirem as popula\u00e7\u00f5es mais vulner\u00e1veis. \u201cO que a gente t\u00e1 vivendo hoje \u00e9 uma li\u00e7\u00e3o para gente entender que nunca deve baixar a guarda\u201d comenta Lizandra.<\/p>\n\n    <div class=\"xs_social_share_widget xs_share_url after_content \t\tmain_content  wslu-style-1 wslu-share-box-shaped wslu-fill-colored wslu-none wslu-share-horizontal wslu-theme-font-no wslu-main_content\">\n\n\t\t\n        <ul>\n\t\t\t        <\/ul>\n    <\/div> \n","protected":false},"excerpt":{"rendered":"<p>O projeto de lei teve v\u00e1rias partes cortadas do texto original proposto pelo ministro, dentre elas a altera\u00e7\u00e3o no artigo 23, a proposta ir\u00e1 para vota\u00e7\u00e3o no senado *Por Gabriele Morais e Dielin da Silva Foi aprovado no dia 4 de dezembro, o Pacote Anticrime, projeto de lei proposto pelo ministro da Justi\u00e7a e Seguran\u00e7a [&hellip;]<\/p>\n","protected":false},"author":3,"featured_media":1220,"comment_status":"open","ping_status":"open","sticky":false,"template":"","format":"standard","meta":{"footnotes":""},"categories":[233],"tags":[200,58,201],"_links":{"self":[{"href":"https:\/\/primeirapauta.ielusc.br\/index.php\/wp-json\/wp\/v2\/posts\/1207"}],"collection":[{"href":"https:\/\/primeirapauta.ielusc.br\/index.php\/wp-json\/wp\/v2\/posts"}],"about":[{"href":"https:\/\/primeirapauta.ielusc.br\/index.php\/wp-json\/wp\/v2\/types\/post"}],"author":[{"embeddable":true,"href":"https:\/\/primeirapauta.ielusc.br\/index.php\/wp-json\/wp\/v2\/users\/3"}],"replies":[{"embeddable":true,"href":"https:\/\/primeirapauta.ielusc.br\/index.php\/wp-json\/wp\/v2\/comments?post=1207"}],"version-history":[{"count":1,"href":"https:\/\/primeirapauta.ielusc.br\/index.php\/wp-json\/wp\/v2\/posts\/1207\/revisions"}],"predecessor-version":[{"id":2764,"href":"https:\/\/primeirapauta.ielusc.br\/index.php\/wp-json\/wp\/v2\/posts\/1207\/revisions\/2764"}],"wp:featuredmedia":[{"embeddable":true,"href":"https:\/\/primeirapauta.ielusc.br\/index.php\/wp-json\/"}],"wp:attachment":[{"href":"https:\/\/primeirapauta.ielusc.br\/index.php\/wp-json\/wp\/v2\/media?parent=1207"}],"wp:term":[{"taxonomy":"category","embeddable":true,"href":"https:\/\/primeirapauta.ielusc.br\/index.php\/wp-json\/wp\/v2\/categories?post=1207"},{"taxonomy":"post_tag","embeddable":true,"href":"https:\/\/primeirapauta.ielusc.br\/index.php\/wp-json\/wp\/v2\/tags?post=1207"}],"curies":[{"name":"wp","href":"https:\/\/api.w.org\/{rel}","templated":true}]}}