{"id":1396,"date":"2020-08-24T13:57:03","date_gmt":"2020-08-24T16:57:03","guid":{"rendered":"http:\/\/primeirapauta.ielusc.br\/?p=1396"},"modified":"2025-07-04T20:44:31","modified_gmt":"2025-07-04T23:44:31","slug":"setor-cancelado-suspensao-de-eventos-desafia-profissionais","status":"publish","type":"post","link":"https:\/\/primeirapauta.ielusc.br\/index.php\/2020\/08\/24\/setor-cancelado-suspensao-de-eventos-desafia-profissionais\/","title":{"rendered":"Setor Cancelado: suspens\u00e3o de eventos desafia profissionais"},"content":{"rendered":"<p style=\"text-align: center;\"><em><span style=\"font-weight: 400;\">Para aqueles que trabalham no setor mais afetado pela pandemia, o cen\u00e1rio atual pede reinven\u00e7\u00e3o para n\u00e3o ir \u00e0 fal\u00eancia<\/span><\/em><\/p>\n<p>&nbsp;<\/p>\n<p>O setor de eventos \u00e9 um dos mais afetados pela pandemia do novo coronav\u00edrus. Desde o in\u00edcio da quarentena, em mar\u00e7o deste ano, as regras de isolamento social fizeram com que muitos profissionais da \u00e1rea ficassem sem trabalho. Com shows, festas e cerim\u00f4nias sendo cancelados ou adiados, a maioria deles teve que pensar outras fontes de renda para conseguir pagar as contas.<\/p>\n<p>Matheus Henrique Costa, conhecido como DJ Darassa nas festas, n\u00e3o teve o seu trabalho totalmente esquecido na pandemia. Mas para se adaptar \u00e0 situa\u00e7\u00e3o atual, ele teve que modificar por inteiro a sua rotina. Com a quarentena, Matheus fez algumas lives e sets (conjunto de sons e m\u00fasicas tocadas pelo DJ). Mas isso n\u00e3o \u00e9 o suficiente. &#8220;Um pouco antes da pandemia consegui um est\u00e1gio na minha \u00e1rea de engenharia civil. Sou DJ, mas fa\u00e7o faculdade tamb\u00e9m, assim estou conseguindo me manter\u201d, explica.<\/p>\n<p>Mesmo que ainda consiga se manter financeiramente est\u00e1vel, ele sentiu no bolso a falta de trabalho com a proibi\u00e7\u00e3o das festas e eventos onde costumava oferecer seus servi\u00e7os. \u201cTive que renegociar o valor do aluguel onde morava e reduzir drasticamente as contas\u201d, relata.<\/p>\n<p>J\u00e1 faz 13 anos que Maria Eduarda Vieira, mais conhecida como DJ Duda Vee, come\u00e7ou a trabalhar como DJ. Durante este per\u00edodo de quarentena, seu trabalho n\u00e3o est\u00e1 parado. Ela ainda produz algumas lives para terceiros e tamb\u00e9m d\u00e1 aula em uma escola de DJs. As aulas s\u00e3o individuais ou em grupos de at\u00e9 quatro pessoas, sendo uma m\u00e9dia de nove grupos semanais.<\/p>\n<p>Mesmo assim a situa\u00e7\u00e3o est\u00e1 dif\u00edcil. Maria Eduarda est\u00e1 vendendo seus equipamentos de DJ. Ela pretende comprar outros quando os eventos voltarem \u00e0 normalidade, mas nos primeiros trabalhos n\u00e3o ter\u00e1 equipamentos pr\u00f3prios. \u201cVou precisar tirar parte do cach\u00ea para alugar\u201d, conclui.<\/p>\n<p>Daisy Evaristo \u00e9 fot\u00f3grafa, em uma situa\u00e7\u00e3o normal ela produz 20% de seus trabalhos em est\u00fadio e 80% em eventos. Durante este per\u00edodo, apenas os ensaios em est\u00fadio s\u00e3o poss\u00edveis. Mas ela n\u00e3o est\u00e1 fazendo neg\u00f3cios com qualquer cliente, \u201csomente alguns que j\u00e1 conhe\u00e7o e sei que est\u00e3o se cuidando\u201d, conta. Esta barreira serve para resguardar sua seguran\u00e7a, mas tem um pre\u00e7o. \u201cReduziu para quase zero (o n\u00famero de ensaios), em julho fiz tr\u00eas atendimentos\u201d, lamenta.<\/p>\n<p>Um levantamento realizado pelo Sebrae (Servi\u00e7o Brasileiro de Apoio \u00e0s Micro e Pequenas Empresas), em abril deste ano, demonstra em n\u00fameros como est\u00e1 a situa\u00e7\u00e3o deste setor. Segundo os dados divulgados, 98% da \u00e1rea foi afetada. O faturamento, em abril deste ano, comparado com o ano passado, caiu entre 76% e 100%. Neste momento, a inventividade dos profissionais da categoria \u00e9 uma forte aliada para garantir alguma renda e evitar a fal\u00eancia.<\/p>\n<p>Rep\u00f3rter: Roger Cardoso<\/p>\n<p>Foto de capa: Jo\u00e3o Guilherme<\/p>\n<p><strong>Conte\u00fado produzido para o Primeira Pauta Digital<\/strong> | Disciplina Jornal Laborat\u00f3rio I, 4\u00aa fase\/2020.<\/p>\n\n    <div class=\"xs_social_share_widget xs_share_url after_content \t\tmain_content  wslu-style-1 wslu-share-box-shaped wslu-fill-colored wslu-none wslu-share-horizontal wslu-theme-font-no wslu-main_content\">\n\n\t\t\n        <ul>\n\t\t\t        <\/ul>\n    <\/div> \n","protected":false},"excerpt":{"rendered":"<p>Para aqueles que trabalham no setor mais afetado pela pandemia, o cen\u00e1rio atual pede reinven\u00e7\u00e3o para n\u00e3o ir \u00e0 fal\u00eancia &nbsp; O setor de eventos \u00e9 um dos mais afetados pela pandemia do novo coronav\u00edrus. Desde o in\u00edcio da quarentena, em mar\u00e7o deste ano, as regras de isolamento social fizeram com que muitos profissionais da [&hellip;]<\/p>\n","protected":false},"author":3,"featured_media":2450,"comment_status":"open","ping_status":"open","sticky":false,"template":"","format":"standard","meta":{"footnotes":""},"categories":[324,611],"tags":[202,59,215],"_links":{"self":[{"href":"https:\/\/primeirapauta.ielusc.br\/index.php\/wp-json\/wp\/v2\/posts\/1396"}],"collection":[{"href":"https:\/\/primeirapauta.ielusc.br\/index.php\/wp-json\/wp\/v2\/posts"}],"about":[{"href":"https:\/\/primeirapauta.ielusc.br\/index.php\/wp-json\/wp\/v2\/types\/post"}],"author":[{"embeddable":true,"href":"https:\/\/primeirapauta.ielusc.br\/index.php\/wp-json\/wp\/v2\/users\/3"}],"replies":[{"embeddable":true,"href":"https:\/\/primeirapauta.ielusc.br\/index.php\/wp-json\/wp\/v2\/comments?post=1396"}],"version-history":[{"count":1,"href":"https:\/\/primeirapauta.ielusc.br\/index.php\/wp-json\/wp\/v2\/posts\/1396\/revisions"}],"predecessor-version":[{"id":2451,"href":"https:\/\/primeirapauta.ielusc.br\/index.php\/wp-json\/wp\/v2\/posts\/1396\/revisions\/2451"}],"wp:featuredmedia":[{"embeddable":true,"href":"https:\/\/primeirapauta.ielusc.br\/index.php\/wp-json\/wp\/v2\/media\/2450"}],"wp:attachment":[{"href":"https:\/\/primeirapauta.ielusc.br\/index.php\/wp-json\/wp\/v2\/media?parent=1396"}],"wp:term":[{"taxonomy":"category","embeddable":true,"href":"https:\/\/primeirapauta.ielusc.br\/index.php\/wp-json\/wp\/v2\/categories?post=1396"},{"taxonomy":"post_tag","embeddable":true,"href":"https:\/\/primeirapauta.ielusc.br\/index.php\/wp-json\/wp\/v2\/tags?post=1396"}],"curies":[{"name":"wp","href":"https:\/\/api.w.org\/{rel}","templated":true}]}}