{"id":1410,"date":"2020-08-25T09:46:09","date_gmt":"2020-08-25T12:46:09","guid":{"rendered":"http:\/\/primeirapauta.ielusc.br\/?p=1410"},"modified":"2025-07-04T19:51:40","modified_gmt":"2025-07-04T22:51:40","slug":"escolas-buscam-alternativas-de-ensino-durante-a-pandemia","status":"publish","type":"post","link":"https:\/\/primeirapauta.ielusc.br\/index.php\/2020\/08\/25\/escolas-buscam-alternativas-de-ensino-durante-a-pandemia\/","title":{"rendered":"Escolas buscam alternativas de ensino durante isolamento social"},"content":{"rendered":"<p><em>Novos formatos de aula prejudicam o aprendizado de alunos e precariza o trabalho dos professores<\/em><\/p>\n<p>&nbsp;<\/p>\n<p><span style=\"font-weight: 400;\">Em decorr\u00eancia do coronav\u00edrus e das medidas de isolamento social, as aulas das institui\u00e7\u00f5es p\u00fablicas e privadas tiveram que se adaptar ao ensino a dist\u00e2ncia. Com ajuda das plataformas digitais s\u00e3o realizadas atividades quinzenais, que tamb\u00e9m s\u00e3o disponibilizadas impressas para os estudantes sem acesso a internet, por\u00e9m esse novo m\u00e9todo de ensino apresenta problemas como o excesso de trabalho aos professores e a falta de acesso a internet dos alunos.<\/span><\/p>\n<p><span style=\"font-weight: 400;\">Para o professor de escola estadual, Glauber Tabbert, o trabalho dobrou, pois al\u00e9m de criar as atividades elas t\u00eam de ser adaptadas e atualizadas para o sistema online. O professor tamb\u00e9m comenta sobre a falta de motiva\u00e7\u00e3o e suporte: \u201cFomos pegos de surpresa, n\u00e3o houve treinamento pr\u00e9vio e por isso muitos professores&nbsp; t\u00eam dificuldades com o sistema\u201d.<\/span><\/p>\n<p><span style=\"font-weight: 400;\">Apesar de acreditar que a melhor alternativa no momento s\u00e3o as aulas online o &nbsp; professor de escola particular e p\u00fablica, Gabriel Felipe da Silva, tamb\u00e9m sentiu falta de um preparo para a situa\u00e7\u00e3o: \u201cDa parte governamental, sei que \u00e9 preciso investimento, das secretarias de educa\u00e7\u00e3o, maior empenho no planejamento de a\u00e7\u00f5es, que sejam coerentes com a realidade.\u201d O professor termina afirmando que nesse momento dif\u00edcil \u00e9 preciso se reinventar mas mantendo em mente que a educa\u00e7\u00e3o \u00e9 a base de tudo.<\/span><\/p>\n<p><span style=\"font-weight: 400;\">Para os estudantes a situa\u00e7\u00e3o tamb\u00e9m n\u00e3o est\u00e1 sendo f\u00e1cil, Adriana dos Santos Banruque, m\u00e3e de dois estudantes de ensino fundamental relata as dificuldades da&nbsp; escola remota; no caso de sua filha mais nova, Isabella (7) a motiva\u00e7\u00e3o para participar das aula \u00e9 o maior problema j\u00e1 no caso de seu filho mais velho, Vitor (12), a m\u00e3e sente dificuldades em ajud\u00e1-lo e o menino recorre a v\u00eddeos explicativos na internet.<\/span><\/p>\n<p>&nbsp;<\/p>\n<p><strong>Coronav\u00edrus adia realiza\u00e7\u00e3o de vestibulares&nbsp;<\/strong><\/p>\n<p>&nbsp;<\/p>\n<p><span style=\"font-weight: 400;\">A pandemia afetou tamb\u00e9m o calend\u00e1rio dos vestibulares no Brasil, muitas provas ser\u00e3o realizadas em 2021. Como no caso da UFPR (Universidade Federal do Paran\u00e1) com a prova marcada para janeiro, Unesp (Universidade Estadual Paulista) e a USP (Universidade de S\u00e3o Paulo) que possuem na agenda a primeira fase em janeiro e a segunda fase em fevereiro de 2021.<\/span><\/p>\n<p><span style=\"font-weight: 400;\">Algumas institui\u00e7\u00f5es optaram por outros m\u00e9todos de ingresso, como a UFSC (Universidade Federal de Santa Catarina) que utilizar\u00e1 notas dos anos anteriores do Enem como ingresso, outras, como o ITA (Instituto Tecnol\u00f3gico de Aeron\u00e1utica), manter\u00e3o o calend\u00e1rio de provas normalmente.<\/span><\/p>\n<p><span style=\"font-weight: 400;\">Segundo o Minist\u00e9rio da Educa\u00e7\u00e3o as provas do ENEM 2020 ir\u00e3o ocorrer nos dias 17 e 24 de janeiro e&nbsp; caso o candidato estiver contaminado pelo coronav\u00edrus, ter\u00e1 direito a uma reaplica\u00e7\u00e3o dias 24 e 25 de fevereiro.<\/span><\/p>\n<p>Rep\u00f3rter: Arthur Lincoln<\/p>\n<p>Foto:&nbsp;<span style=\"font-weight: 400;\">Adriana dos Santos Banruque<\/span><\/p>\n<p><strong>Conte\u00fado produzido para o Primeira Pauta Digital<\/strong>&nbsp;| Disciplina Jornal Laborat\u00f3rio I, 4\u00aa fase\/2020.<\/p>\n<p>&nbsp;<\/p>\n\n    <div class=\"xs_social_share_widget xs_share_url after_content \t\tmain_content  wslu-style-1 wslu-share-box-shaped wslu-fill-colored wslu-none wslu-share-horizontal wslu-theme-font-no wslu-main_content\">\n\n\t\t\n        <ul>\n\t\t\t        <\/ul>\n    <\/div> \n","protected":false},"excerpt":{"rendered":"<p>Novos formatos de aula prejudicam o aprendizado de alunos e precariza o trabalho dos professores &nbsp; Em decorr\u00eancia do coronav\u00edrus e das medidas de isolamento social, as aulas das institui\u00e7\u00f5es p\u00fablicas e privadas tiveram que se adaptar ao ensino a dist\u00e2ncia. Com ajuda das plataformas digitais s\u00e3o realizadas atividades quinzenais, que tamb\u00e9m s\u00e3o disponibilizadas impressas [&hellip;]<\/p>\n","protected":false},"author":3,"featured_media":2456,"comment_status":"open","ping_status":"open","sticky":false,"template":"","format":"standard","meta":{"footnotes":""},"categories":[347],"tags":[202,27],"_links":{"self":[{"href":"https:\/\/primeirapauta.ielusc.br\/index.php\/wp-json\/wp\/v2\/posts\/1410"}],"collection":[{"href":"https:\/\/primeirapauta.ielusc.br\/index.php\/wp-json\/wp\/v2\/posts"}],"about":[{"href":"https:\/\/primeirapauta.ielusc.br\/index.php\/wp-json\/wp\/v2\/types\/post"}],"author":[{"embeddable":true,"href":"https:\/\/primeirapauta.ielusc.br\/index.php\/wp-json\/wp\/v2\/users\/3"}],"replies":[{"embeddable":true,"href":"https:\/\/primeirapauta.ielusc.br\/index.php\/wp-json\/wp\/v2\/comments?post=1410"}],"version-history":[{"count":1,"href":"https:\/\/primeirapauta.ielusc.br\/index.php\/wp-json\/wp\/v2\/posts\/1410\/revisions"}],"predecessor-version":[{"id":2457,"href":"https:\/\/primeirapauta.ielusc.br\/index.php\/wp-json\/wp\/v2\/posts\/1410\/revisions\/2457"}],"wp:featuredmedia":[{"embeddable":true,"href":"https:\/\/primeirapauta.ielusc.br\/index.php\/wp-json\/wp\/v2\/media\/2456"}],"wp:attachment":[{"href":"https:\/\/primeirapauta.ielusc.br\/index.php\/wp-json\/wp\/v2\/media?parent=1410"}],"wp:term":[{"taxonomy":"category","embeddable":true,"href":"https:\/\/primeirapauta.ielusc.br\/index.php\/wp-json\/wp\/v2\/categories?post=1410"},{"taxonomy":"post_tag","embeddable":true,"href":"https:\/\/primeirapauta.ielusc.br\/index.php\/wp-json\/wp\/v2\/tags?post=1410"}],"curies":[{"name":"wp","href":"https:\/\/api.w.org\/{rel}","templated":true}]}}