{"id":1507,"date":"2020-10-01T09:39:57","date_gmt":"2020-10-01T12:39:57","guid":{"rendered":"http:\/\/primeirapauta.ielusc.br\/?p=1507"},"modified":"2025-07-04T20:09:15","modified_gmt":"2025-07-04T23:09:15","slug":"o-outro-lado-da-pandemia-isolamento-social-intensifica-transtornos-mentais","status":"publish","type":"post","link":"https:\/\/primeirapauta.ielusc.br\/index.php\/2020\/10\/01\/o-outro-lado-da-pandemia-isolamento-social-intensifica-transtornos-mentais\/","title":{"rendered":"O outro lado da pandemia: isolamento social intensifica transtornos mentais"},"content":{"rendered":"\t\t<div data-elementor-type=\"wp-post\" data-elementor-id=\"1507\" class=\"elementor elementor-1507 elementor-bc-flex-widget\">\n\t\t\t\t\t\t<section class=\"elementor-section elementor-top-section elementor-element elementor-element-73f1a49e elementor-section-boxed elementor-section-height-default elementor-section-height-default\" data-id=\"73f1a49e\" data-element_type=\"section\">\n\t\t\t\t\t\t<div class=\"elementor-container elementor-column-gap-default\">\n\t\t\t\t\t<div class=\"elementor-column elementor-col-100 elementor-top-column elementor-element elementor-element-6799d645\" data-id=\"6799d645\" data-element_type=\"column\">\n\t\t\t<div class=\"elementor-widget-wrap elementor-element-populated\">\n\t\t\t\t\t\t<div class=\"elementor-element elementor-element-3e9c604b elementor-widget elementor-widget-text-editor\" data-id=\"3e9c604b\" data-element_type=\"widget\" data-settings=\"{&quot;ekit_we_effect_on&quot;:&quot;none&quot;}\" data-widget_type=\"text-editor.default\">\n\t\t\t\t<div class=\"elementor-widget-container\">\n\t\t\t<style>\/*! elementor - v3.21.0 - 26-05-2024 *\/\n.elementor-widget-text-editor.elementor-drop-cap-view-stacked .elementor-drop-cap{background-color:#69727d;color:#fff}.elementor-widget-text-editor.elementor-drop-cap-view-framed .elementor-drop-cap{color:#69727d;border:3px solid;background-color:transparent}.elementor-widget-text-editor:not(.elementor-drop-cap-view-default) .elementor-drop-cap{margin-top:8px}.elementor-widget-text-editor:not(.elementor-drop-cap-view-default) .elementor-drop-cap-letter{width:1em;height:1em}.elementor-widget-text-editor .elementor-drop-cap{float:left;text-align:center;line-height:1;font-size:50px}.elementor-widget-text-editor .elementor-drop-cap-letter{display:inline-block}<\/style>\t\t\t\t<p style=\"text-align: center;\"><em>Estresse e ansiedade acumulados durante per\u00edodo de quarentena podem se manifestar por meio de sintomas f\u00edsicos<\/em><\/p><p>De acordo com o Mapa brasileiro da Covid-19, desenvolvido pela startup Inloco, nas tr\u00eas primeiras semanas de setembro, uma m\u00e9dia de 37,3% da popula\u00e7\u00e3o brasileira respeitou a recomenda\u00e7\u00e3o de isolamento social, forma mais eficaz de combate ao v\u00edrus at\u00e9 o momento. Em Santa Catarina, a m\u00e9dia \u00e9 de 37,1%. Para aqueles isolados h\u00e1 meses, o estresse e ansiedade acumulados podem causar sintomas f\u00edsicos, como dores no corpo. \u201cTudo aquilo que n\u00e3o pode ficar dentro da capacidade de circular pelo psiquismo, vai para o corpo em in\u00fameras manifesta\u00e7\u00f5es\u201d, explica Gabriela Kunz Silveira, mestre em Psicologia Social e Institucional pela Universidade Federal do Rio Grande do Sul (UFRGS).<\/p><p>A psic\u00f3loga esclarece que a mudan\u00e7a de rotina, causada pelo contexto da pandemia, provoca o estresse, que por sua vez \u00e9 provocado pela tens\u00e3o originada do medo de adoecer ou morrer. \u201cO estresse \u00e9 fruto dessa quebra de ilus\u00e3o, desse real que se imp\u00f5e\u201d, explica. Gabriela sugere que cada pessoa se permita olhar para si e para esse medo, e ent\u00e3o, colocar em palavras. Al\u00e9m da procura por um psic\u00f3logo ou psicanalista, ela aconselha a conversa com amigos e, at\u00e9 mesmo, a arte, para poder entrar em contato consigo mesmo e produzir algo al\u00e9m dos sintomas.<\/p><h4><strong>Alguns relatos<\/strong><\/h4><p>A pandemia agravou o caso de hipocondria da estudante de Biologia L\u00edvia Meinert, 18 anos, o que faz com que ela pense constantemente na ideia de ter um problema m\u00e9dico. Com o surto de coronav\u00edrus, cada tosse ou espirro \u00e9 motivo de preocupa\u00e7\u00e3o para a estudante. \u201cNo come\u00e7o desse ano, eu passei uma semana me despedindo de todo mundo, achando que eu tava com c\u00e2ncer. No fim, era s\u00f3 uma \u00edngua\u201d, relata L\u00edvia. Ela conta que toda vez que achava estar doente, sentia dores, como pontadas, no corpo todo.<\/p><p>O psicanalista e professor Titular do Instituto de Psicologia da USP, Christian Dunker, comenta, em seu blog, que um hipocondr\u00edaco n\u00e3o finge que tem uma doen\u00e7a, ele realmente sofre com isso. E, falar para a pessoa que sofre de hipocondria que isso tudo \u00e9 psicol\u00f3gico, \u00e9 como uma humilha\u00e7\u00e3o. \u201cSe eu sinto uma dorzinha em algum lugar, eu j\u00e1 come\u00e7o a especular o que pode ser, o que geralmente leva a uma crise de ansiedade e a certeza que eu estou morrendo\u201d, conta L\u00edvia. A acad\u00eamica fazia acompanhamento h\u00e1 um ano, por\u00e9m parou. Atualmente, ela est\u00e1 \u00e0 procura de um terapeuta online.<\/p><p>A estudante de Rela\u00e7\u00f5es P\u00fablicas Thays Machado, 22 anos, que j\u00e1 sofria de crises de ansiedade antes da pandemia, relata que ficou mais ansiosa durante o per\u00edodo de isolamento, e at\u00e9 teve crises de p\u00e2nico quando precisou sair de casa. \u201cPassei mal dentro de um mercado. Acho que foi por conta das pessoas com m\u00e1scaras e luvas. No come\u00e7o era bem assustador\u201d, conta a acad\u00eamica. Ela relata tamb\u00e9m ter ficado de cama por dores nas costas. Segundo a psic\u00f3loga Gabriela, o corpo sente aquilo que o psiquismo n\u00e3o pode elaborar, podendo descarregar a tens\u00e3o no corpo. Thays perdeu o emprego no come\u00e7o da pandemia. A empresa em que trabalhava fez uma demiss\u00e3o em massa. A falta de trabalho dificultou a situa\u00e7\u00e3o dela, j\u00e1 que precisou fazer terapia por conta das crises e tamb\u00e9m tinha a faculdade para pagar.<\/p><p>J\u00e1 Vin\u00edcius Pietschmann, 21 anos, estudante de Jornalismo, teve a sua primeira crise de ansiedade durante o per\u00edodo de isolamento social, no m\u00eas de setembro. Ele afirma sentir dores musculares no pesco\u00e7o e ombros por conta do estresse. Uma semana ap\u00f3s a crise, Pietschmann come\u00e7ou acompanhamento psicol\u00f3gico. O acad\u00eamico comenta que apesar de ter vontade, nunca teve orienta\u00e7\u00e3o de um psic\u00f3logo antes.<\/p><p>Vin\u00edcius trabalha na R\u00e1dio Udesc e voltou ao emprego normalmente h\u00e1 dois meses. Para ele, o receio com a contamina\u00e7\u00e3o do irm\u00e3o de quatro meses e dos demais membros da fam\u00edlia contribuiu para a crise. \u201cTalvez o t\u00e9rmino do meu relacionamento junto \u00e0 preocupa\u00e7\u00e3o do coronav\u00edrus tenha me afetado mais\u201d, conclui. A psic\u00f3loga Gabriela explica que a pandemia traz o medo de se contaminar ou contaminar o outro, fazendo outra pessoa adoecer, o que coloca em evid\u00eancia elementos mais primitivos, que o \u201ceu\u201d pode ter dificuldade de processar.<\/p><p>Texto: Fred Romano Franco<\/p><p>Editor: Pedro Novais<\/p><figure id=\"attachment_1508\" aria-describedby=\"caption-attachment-1508\" style=\"width: 780px\" class=\"wp-caption aligncenter\"><img fetchpriority=\"high\" decoding=\"async\" class=\"size-full wp-image-1508\" src=\"http:\/\/primeirapauta.ielusc.br\/wp-content\/uploads\/2020\/10\/Fred-Sa\u00fade-mental-na-pandemia_EDITADA.jpg\" alt=\"\" width=\"780\" height=\"1024\" \/><figcaption id=\"caption-attachment-1508\" class=\"wp-caption-text\">Pandemia agravou quadro de hipocondria de L\u00edvia<\/figcaption><\/figure>\t\t\t\t\t\t<\/div>\n\t\t\t\t<\/div>\n\t\t\t\t\t<\/div>\n\t\t<\/div>\n\t\t\t\t\t<\/div>\n\t\t<\/section>\n\t\t\t\t<\/div>\n\t\t\n    <div class=\"xs_social_share_widget xs_share_url after_content \t\tmain_content  wslu-style-1 wslu-share-box-shaped wslu-fill-colored wslu-none wslu-share-horizontal wslu-theme-font-no wslu-main_content\">\n\n\t\t\n        <ul>\n\t\t\t        <\/ul>\n    <\/div> \n","protected":false},"excerpt":{"rendered":"<p>Estresse e ansiedade acumulados durante per\u00edodo de quarentena podem se manifestar por meio de sintomas f\u00edsicos De acordo com o Mapa brasileiro da Covid-19, desenvolvido pela startup Inloco, nas tr\u00eas primeiras semanas de setembro, uma m\u00e9dia de 37,3% da popula\u00e7\u00e3o brasileira respeitou a recomenda\u00e7\u00e3o de isolamento social, forma mais eficaz de combate ao v\u00edrus at\u00e9 [&hellip;]<\/p>\n","protected":false},"author":3,"featured_media":2552,"comment_status":"open","ping_status":"open","sticky":false,"template":"","format":"standard","meta":{"footnotes":""},"categories":[345,244],"tags":[220,221,222,223,205,209],"_links":{"self":[{"href":"https:\/\/primeirapauta.ielusc.br\/index.php\/wp-json\/wp\/v2\/posts\/1507"}],"collection":[{"href":"https:\/\/primeirapauta.ielusc.br\/index.php\/wp-json\/wp\/v2\/posts"}],"about":[{"href":"https:\/\/primeirapauta.ielusc.br\/index.php\/wp-json\/wp\/v2\/types\/post"}],"author":[{"embeddable":true,"href":"https:\/\/primeirapauta.ielusc.br\/index.php\/wp-json\/wp\/v2\/users\/3"}],"replies":[{"embeddable":true,"href":"https:\/\/primeirapauta.ielusc.br\/index.php\/wp-json\/wp\/v2\/comments?post=1507"}],"version-history":[{"count":1,"href":"https:\/\/primeirapauta.ielusc.br\/index.php\/wp-json\/wp\/v2\/posts\/1507\/revisions"}],"predecessor-version":[{"id":2553,"href":"https:\/\/primeirapauta.ielusc.br\/index.php\/wp-json\/wp\/v2\/posts\/1507\/revisions\/2553"}],"wp:featuredmedia":[{"embeddable":true,"href":"https:\/\/primeirapauta.ielusc.br\/index.php\/wp-json\/wp\/v2\/media\/2552"}],"wp:attachment":[{"href":"https:\/\/primeirapauta.ielusc.br\/index.php\/wp-json\/wp\/v2\/media?parent=1507"}],"wp:term":[{"taxonomy":"category","embeddable":true,"href":"https:\/\/primeirapauta.ielusc.br\/index.php\/wp-json\/wp\/v2\/categories?post=1507"},{"taxonomy":"post_tag","embeddable":true,"href":"https:\/\/primeirapauta.ielusc.br\/index.php\/wp-json\/wp\/v2\/tags?post=1507"}],"curies":[{"name":"wp","href":"https:\/\/api.w.org\/{rel}","templated":true}]}}