{"id":2060,"date":"2021-12-02T14:44:19","date_gmt":"2021-12-02T17:44:19","guid":{"rendered":"http:\/\/primeirapauta.ielusc.br\/?p=2060"},"modified":"2025-07-04T20:08:42","modified_gmt":"2025-07-04T23:08:42","slug":"governador-de-santa-catarina-marca-presenca-na-cop26","status":"publish","type":"post","link":"https:\/\/primeirapauta.ielusc.br\/index.php\/2021\/12\/02\/governador-de-santa-catarina-marca-presenca-na-cop26\/","title":{"rendered":"Governador de Santa  Catarina marca presen\u00e7a na COP26"},"content":{"rendered":"\n<p><em>Objetivo da confer\u00eancia da ONU \u00e9 combater as mudan\u00e7as clim\u00e1ticas<\/em><\/p>\n\n\n\n<p>A COP26 aconteceu em Glasgow, na Esc\u00f3cia, em novembro deste ano. O evento tem o intuito de combater as mudan\u00e7as clim\u00e1ticas a partir de a\u00e7\u00f5es conjuntas entre as na\u00e7\u00f5es. Nesta edi\u00e7\u00e3o, a meta foi estimular os pa\u00edses a zerar as emiss\u00f5es de carbono at\u00e9 2050, desta forma, eles alcan\u00e7ariam a neutralidade de carbono.&nbsp;<\/p>\n\n\n\n<p>A Confer\u00eancia das Na\u00e7\u00f5es Unidas sobre as Mudan\u00e7as Clim\u00e1ticas (COP) \u00e9 a maior e mais importante confer\u00eancia sobre o clima do planeta. A primeira edi\u00e7\u00e3o do evento foi realizada em Berlim, na Alemanha, em 1995. Participam dela 197 pa\u00edses membros da Conven\u00e7\u00e3o-Quadro das Na\u00e7\u00f5es Unidas sobre Altera\u00e7\u00f5es Clim\u00e1ticas (UNFCCC). A reuni\u00e3o acontece anualmente para avaliar os progressos e as dificuldades das na\u00e7\u00f5es em lidarem com as mudan\u00e7as do clima e seus impactos nas esferas econ\u00f4mica, ambiental e social. A edi\u00e7\u00e3o de 2020 foi adiada devido a pandemia da Covid-19.<\/p>\n\n\n\n<p>Tamb\u00e9m foi&nbsp; debatido o Acordo de Paris, que busca manter o aquecimento global abaixo de 2\u00b0C neste s\u00e9culo, al\u00e9m de seguir com os esfor\u00e7os para mant\u00ea-lo abaixo de 1,5\u00b0C.&nbsp;<\/p>\n\n\n\n<p>O Brasil est\u00e1 entre os pa\u00edses mais poluidores do mundo, aparecendo em quarto lugar no ranking de emiss\u00f5es desde 1850. A maior parte da emiss\u00e3o de gases do pa\u00eds vem do uso do solo para pecu\u00e1ria e agricultura e da derrubada de florestas. O pa\u00eds tamb\u00e9m apresentou novas diretrizes para ajudar na estrat\u00e9gia voltada \u00e0 neutralidade clim\u00e1tica, como zerar o desmatamento ilegal at\u00e9 2028: 15% ao ano at\u00e9 2024, 40% em 2025 e 2026, e 50% em 2027; Recuperar 30 milh\u00f5es de hectares de pastagens degradadas; Restaurar e reflorestar 18 milh\u00f5es de hectares de florestas at\u00e9 2030; Em 2030 alcan\u00e7ar a participa\u00e7\u00e3o de 45% a 50% das energias renov\u00e1veis na composi\u00e7\u00e3o da matriz energ\u00e9tica; Incentivar a amplia\u00e7\u00e3o da malha ferrovi\u00e1ria.<\/p>\n\n\n\n<p>O governador do estado de Santa Catarina, Carlos Mois\u00e9s da Silva (sem partido), que participou do evento, assinou a Rede de Governos Locais pela Sustentabilidade (Iclei) da Am\u00e9rica do Sul, um termo de ades\u00e3o ao acordo de desenvolvimento sustent\u00e1vel. Esse documento firma o compromisso do estado em reduzir em 50% a emiss\u00e3o do g\u00e1s carb\u00f4nico at\u00e9 2030 e atingir a neutralidade at\u00e9 2050.<\/p>\n\n\n\n<p>Al\u00e9m disso, Mois\u00e9s apresentou para o diretor de Advocacia Global do ICLEI, Yunus Arikan, a\u00e7\u00f5es que o Estado j\u00e1 colocou em pr\u00e1tica.&nbsp; Elas s\u00e3o focadas na redu\u00e7\u00e3o da emiss\u00e3o de gases de efeito estufa, como o investimento de R$ 300 milh\u00f5es para a prote\u00e7\u00e3o e recupera\u00e7\u00e3o de nascentes, sistemas que ajudam a fiscaliza\u00e7\u00e3o por \u00f3rg\u00e3os ambientais, a implanta\u00e7\u00e3o de uma rede de postos para recarga de carros el\u00e9tricos, al\u00e9m de incentivos fiscais a empresas comprometidas com a prote\u00e7\u00e3o ambiental.<\/p>\n\n\n\n<p>A comitiva do governo catarinense tamb\u00e9m se reuniu com integrantes do Banco Europeu. No encontro, foram expostas linhas de cr\u00e9dito espec\u00edficas para investimentos nas a\u00e7\u00f5es debatidas durante a COP26. Entre elas, se destacam a preserva\u00e7\u00e3o de nascentes, energias renov\u00e1veis, recupera\u00e7\u00e3o ambiental e produ\u00e7\u00e3o de \u00e1gua pot\u00e1vel.<\/p>\n\n\n\n<p>Ap\u00f3s o retorno da COP26, o governador e integrantes do governo se reuniram com representantes da&nbsp; General Motors (GM) para atuarem juntos em um Grupo de Trabalho para planejar e incentivar a eletromobilidade no Estado. O intuito \u00e9 desenvolver a\u00e7\u00f5es que envolvam o&nbsp; processo de transi\u00e7\u00e3o, com o uso dos novos modelos de ve\u00edculos el\u00e9tricos que ajudem a reduzir a emiss\u00e3o de gases poluentes.<\/p>\n\n    <div class=\"xs_social_share_widget xs_share_url after_content \t\tmain_content  wslu-style-1 wslu-share-box-shaped wslu-fill-colored wslu-none wslu-share-horizontal wslu-theme-font-no wslu-main_content\">\n\n\t\t\n        <ul>\n\t\t\t        <\/ul>\n    <\/div> \n","protected":false},"excerpt":{"rendered":"<p>Objetivo da confer\u00eancia da ONU \u00e9 combater as mudan\u00e7as clim\u00e1ticas A COP26 aconteceu em Glasgow, na Esc\u00f3cia, em novembro deste ano. O evento tem o intuito de combater as mudan\u00e7as clim\u00e1ticas a partir de a\u00e7\u00f5es conjuntas entre as na\u00e7\u00f5es. Nesta edi\u00e7\u00e3o, a meta foi estimular os pa\u00edses a zerar as emiss\u00f5es de carbono at\u00e9 2050, [&hellip;]<\/p>\n","protected":false},"author":3,"featured_media":2649,"comment_status":"open","ping_status":"open","sticky":true,"template":"","format":"standard","meta":{"footnotes":""},"categories":[326,233],"tags":[299,173,231,96],"_links":{"self":[{"href":"https:\/\/primeirapauta.ielusc.br\/index.php\/wp-json\/wp\/v2\/posts\/2060"}],"collection":[{"href":"https:\/\/primeirapauta.ielusc.br\/index.php\/wp-json\/wp\/v2\/posts"}],"about":[{"href":"https:\/\/primeirapauta.ielusc.br\/index.php\/wp-json\/wp\/v2\/types\/post"}],"author":[{"embeddable":true,"href":"https:\/\/primeirapauta.ielusc.br\/index.php\/wp-json\/wp\/v2\/users\/3"}],"replies":[{"embeddable":true,"href":"https:\/\/primeirapauta.ielusc.br\/index.php\/wp-json\/wp\/v2\/comments?post=2060"}],"version-history":[{"count":1,"href":"https:\/\/primeirapauta.ielusc.br\/index.php\/wp-json\/wp\/v2\/posts\/2060\/revisions"}],"predecessor-version":[{"id":2650,"href":"https:\/\/primeirapauta.ielusc.br\/index.php\/wp-json\/wp\/v2\/posts\/2060\/revisions\/2650"}],"wp:featuredmedia":[{"embeddable":true,"href":"https:\/\/primeirapauta.ielusc.br\/index.php\/wp-json\/wp\/v2\/media\/2649"}],"wp:attachment":[{"href":"https:\/\/primeirapauta.ielusc.br\/index.php\/wp-json\/wp\/v2\/media?parent=2060"}],"wp:term":[{"taxonomy":"category","embeddable":true,"href":"https:\/\/primeirapauta.ielusc.br\/index.php\/wp-json\/wp\/v2\/categories?post=2060"},{"taxonomy":"post_tag","embeddable":true,"href":"https:\/\/primeirapauta.ielusc.br\/index.php\/wp-json\/wp\/v2\/tags?post=2060"}],"curies":[{"name":"wp","href":"https:\/\/api.w.org\/{rel}","templated":true}]}}