{"id":2076,"date":"2021-12-03T19:52:49","date_gmt":"2021-12-03T22:52:49","guid":{"rendered":"http:\/\/primeirapauta.ielusc.br\/?p=2076"},"modified":"2025-07-04T20:04:44","modified_gmt":"2025-07-04T23:04:44","slug":"copa-2022-catar-inova-em-sustentabilidade-mas-fere-direitos-humanos","status":"publish","type":"post","link":"https:\/\/primeirapauta.ielusc.br\/index.php\/2021\/12\/03\/copa-2022-catar-inova-em-sustentabilidade-mas-fere-direitos-humanos\/","title":{"rendered":"Copa 2022: Catar inova em sustentabilidade, mas fere direitos humanos"},"content":{"rendered":"\n<p><strong>Copa 2022: Catar inova em sustentabilidade, mas fere direitos humanos<\/strong><\/p>\n\n\n\n<p><em>Pol\u00eamicas sobre explora\u00e7\u00f5es trabalhistas ofuscam constru\u00e7\u00f5es ecol\u00f3gicas<\/em><\/p>\n\n\n\n<p>A copa do mundo de futebol masculino \u00e9 um dos eventos esportivos mais importantes do planeta. A edi\u00e7\u00e3o da Copa do Mundo de 2022, sediada no Catar, ser\u00e1 marcada pelas novidades tecnol\u00f3gicas e inova\u00e7\u00f5es sustent\u00e1veis. Por outro lado, o pa\u00eds passa por problemas quanto aos direitos humanos.<\/p>\n\n\n\n<p>O plano do governo catari \u00e9 fazer com que esta Copa seja um exemplo em estrutura\u00e7\u00e3o e sustentabilidade. A maioria dos est\u00e1dios est\u00e3o sendo constru\u00eddos com materiais sustent\u00e1veis. H\u00e1 exemplos como o Ahmed bin Ali, na cidade de Al Rayyan, no qual as arquibancadas s\u00e3o feitas com produtos recicl\u00e1veis. J\u00e1 o est\u00e1dio Abu Aboud possui materiais que poder\u00e3o ser reutilizados ap\u00f3s os jogos.<\/p>\n\n\n\n<p>O Abu Aboud \u00e9 um dos est\u00e1dios mais modernos quando se fala em preserva\u00e7\u00e3o. Por ser feito com cont\u00eaineres, ele permite que, ap\u00f3s a copa, seja desmontado e o local seja preservado. O Education City tamb\u00e9m \u00e9 um dos exemplos quando o assunto \u00e9 sustentabilidade, j\u00e1 que 55% do est\u00e1dio foi feito com materiais bio sustent\u00e1veis e 28% deles s\u00e3o feitos com produtos recicl\u00e1veis, reduzindo a emiss\u00e3o de carbono durante o processo de constru\u00e7\u00e3o da arena. A organiza\u00e7\u00e3o do evento tamb\u00e9m investiu nos transportes p\u00fablicos, como \u00f4nibus e metr\u00f4s, para acesso ao local dos jogos.&nbsp;<\/p>\n\n\n\n<p>Por\u00e9m, desde a escolha do pa\u00eds como sede para o evento, a Anistia Internacional analisa o respeito aos direitos trabalhistas. \u201cO Catar procedeu um certo n\u00famero de reformas positivas nos \u00faltimos anos. Mas milhares de trabalhadores migrantes continuam sendo explorados e sendo v\u00edtimas de abusos\u201d, afirmou a Anistia em um comunicado. Portanto, a constru\u00e7\u00e3o de modernos e sustent\u00e1veis est\u00e1dios \u00e9 feita por trabalhadores que nem sempre tem seus direitos garantidos. A reportagem do jornal brit\u00e2nico The Guardian afirma que ao menos 6.500 trabalhadores morreram desde o in\u00edcio das obras. O governo local alega que as mortes s\u00e3o por causas \u201cnaturais\u201d.<\/p>\n\n\n\n<p>As pol\u00eamicas ao redor da prepara\u00e7\u00e3o para o mundial fez com que alguns jogadores deixassem de ir \u00e0 copa. &#8220;Os imigrantes s\u00e3o submetidos a jornadas de trabalho cont\u00ednuas, sob temperaturas de 50\u00baC, n\u00e3o s\u00e3o alimentados de forma digna e n\u00e3o t\u00eam acesso a \u00e1gua pot\u00e1vel&#8221;, afirmou o jogador alem\u00e3o do Real Madrid<em>,<\/em> Toni Kroos, em um podcast com o seu irm\u00e3o F\u00e9lix Kroos.<\/p>\n\n\n\n<p>Al\u00e9m das declara\u00e7\u00f5es do jogador madridista, a sele\u00e7\u00e3o dinamarquesa, que j\u00e1 est\u00e1 classificada para Copa do Mundo de 2022, tamb\u00e9m prepara um boicote contra o governo que sediar\u00e1 a competi\u00e7\u00e3o. &#8220;Estamos intensificando ainda mais nossos esfor\u00e7os por um di\u00e1logo cr\u00edtico. Vamos aproveitar o fato de estarmos classificados para trabalhar por mais mudan\u00e7as no pa\u00eds&#8221;, declarou Jakob Jensen, presidente da Federa\u00e7\u00e3o Dinamarquesa de Futebol, em comunicado oficial.<\/p>\n\n\n\n<p>A sele\u00e7\u00e3o dinamarquesa chega ao Catar com a mensagem de&nbsp; &#8220;direitos humanos dentro e fora de campo&#8221;. A Federa\u00e7\u00e3o Norueguesa tamb\u00e9m tinha seus planos de boicotar a Copa com mensagens de apoio \u00e0s poss\u00edveis v\u00edtimas de trabalho abusivo, mas a Noruega n\u00e3o se classificou para o torneio.&nbsp;<\/p>\n\n\n\n<p><strong>Temperaturas altas podem prejudicar rendimento de atletas no Catar<\/strong><\/p>\n\n\n\n<p>A temperatura m\u00e9dia do pa\u00eds sede \u00e9 de 32\u00b0C, e com as poucas chuvas, o clima durante o ano \u00e9 seco. Para isso, o governo catari investiu na compra de ar-condicionados para serem instalados nas arenas, deixando um clima mais ameno para os jogadores e torcida dentro dos est\u00e1dios.<\/p>\n\n\n\n<p>\u201cO tempo \u00e9 um fator que pode interferir completamente quando falamos de temperaturas altas. Os jogadores poderiam passar mal, chegando inclusive a vomitar antes ou durante os jogos, ter problemas na pele devido ao contato com o calor, al\u00e9m de um cansa\u00e7o mais r\u00e1pido durante as partidas e outros problemas\u201d, fala Bruno Zenn, p\u00f3s graduado em educa\u00e7\u00e3o f\u00edsica.&nbsp;<\/p>\n\n\n\n<p>Segundo o cardiologista Nabil Ghorayeb, chefe da se\u00e7\u00e3o CardioEsporte do Instituto Dante Pazzanese Cardiologia, o calor ocasiona em 75% das vezes c\u00e3ibras. O professor de educa\u00e7\u00e3o f\u00edsica completa: &#8220;com isso tudo, podemos ver que \u00e9 extremamente necess\u00e1rio um ambiente que ofere\u00e7a aos atletas boas condi\u00e7\u00f5es para jogar as partidas pelas suas sele\u00e7\u00f5es.&#8221;&nbsp;<\/p>\n\n\n\n<p>Para que o evento possa ser realizado, ser\u00e1 estritamente necess\u00e1rio o uso dos ar- condicionados e os ambientes criados para favorecer um jogo mais competitivo e movimentado.<\/p>\n\n\n\n<p><\/p>\n\n    <div class=\"xs_social_share_widget xs_share_url after_content \t\tmain_content  wslu-style-1 wslu-share-box-shaped wslu-fill-colored wslu-none wslu-share-horizontal wslu-theme-font-no wslu-main_content\">\n\n\t\t\n        <ul>\n\t\t\t        <\/ul>\n    <\/div> \n","protected":false},"excerpt":{"rendered":"<p>Copa 2022: Catar inova em sustentabilidade, mas fere direitos humanos Pol\u00eamicas sobre explora\u00e7\u00f5es trabalhistas ofuscam constru\u00e7\u00f5es ecol\u00f3gicas A copa do mundo de futebol masculino \u00e9 um dos eventos esportivos mais importantes do planeta. A edi\u00e7\u00e3o da Copa do Mundo de 2022, sediada no Catar, ser\u00e1 marcada pelas novidades tecnol\u00f3gicas e inova\u00e7\u00f5es sustent\u00e1veis. Por outro lado, [&hellip;]<\/p>\n","protected":false},"author":3,"featured_media":2635,"comment_status":"open","ping_status":"open","sticky":true,"template":"","format":"standard","meta":{"footnotes":""},"categories":[328],"tags":[344,304,305,172,306,96],"_links":{"self":[{"href":"https:\/\/primeirapauta.ielusc.br\/index.php\/wp-json\/wp\/v2\/posts\/2076"}],"collection":[{"href":"https:\/\/primeirapauta.ielusc.br\/index.php\/wp-json\/wp\/v2\/posts"}],"about":[{"href":"https:\/\/primeirapauta.ielusc.br\/index.php\/wp-json\/wp\/v2\/types\/post"}],"author":[{"embeddable":true,"href":"https:\/\/primeirapauta.ielusc.br\/index.php\/wp-json\/wp\/v2\/users\/3"}],"replies":[{"embeddable":true,"href":"https:\/\/primeirapauta.ielusc.br\/index.php\/wp-json\/wp\/v2\/comments?post=2076"}],"version-history":[{"count":1,"href":"https:\/\/primeirapauta.ielusc.br\/index.php\/wp-json\/wp\/v2\/posts\/2076\/revisions"}],"predecessor-version":[{"id":2637,"href":"https:\/\/primeirapauta.ielusc.br\/index.php\/wp-json\/wp\/v2\/posts\/2076\/revisions\/2637"}],"wp:featuredmedia":[{"embeddable":true,"href":"https:\/\/primeirapauta.ielusc.br\/index.php\/wp-json\/wp\/v2\/media\/2635"}],"wp:attachment":[{"href":"https:\/\/primeirapauta.ielusc.br\/index.php\/wp-json\/wp\/v2\/media?parent=2076"}],"wp:term":[{"taxonomy":"category","embeddable":true,"href":"https:\/\/primeirapauta.ielusc.br\/index.php\/wp-json\/wp\/v2\/categories?post=2076"},{"taxonomy":"post_tag","embeddable":true,"href":"https:\/\/primeirapauta.ielusc.br\/index.php\/wp-json\/wp\/v2\/tags?post=2076"}],"curies":[{"name":"wp","href":"https:\/\/api.w.org\/{rel}","templated":true}]}}