{"id":2104,"date":"2021-12-09T19:34:13","date_gmt":"2021-12-09T22:34:13","guid":{"rendered":"http:\/\/primeirapauta.ielusc.br\/?p=2104"},"modified":"2025-07-04T20:10:15","modified_gmt":"2025-07-04T23:10:15","slug":"moda-circular-ganha-destaque-como-modelo-sustentavel-no-brasil","status":"publish","type":"post","link":"https:\/\/primeirapauta.ielusc.br\/index.php\/2021\/12\/09\/moda-circular-ganha-destaque-como-modelo-sustentavel-no-brasil\/","title":{"rendered":"Moda circular ganha destaque como modelo sustent\u00e1vel no Brasil"},"content":{"rendered":"\n<p><em><strong>Apesar de ser um dos setores mais poluentes, iniciativas do ramo ajudam a transformar o futuro do meio ambiente<\/strong><\/em><\/p>\n\n\n\n<p><em>Reportagem: Mariana Murara<\/em><\/p>\n\n\n\n<p>A crescente preocupa\u00e7\u00e3o com o meio ambiente tem obrigado as pessoas a repensarem suas formas de consumo e o impacto de seus atos no planeta. A ind\u00fastria, respons\u00e1vel por 20% da polui\u00e7\u00e3o da \u00e1gua no mundo, \u00e9 um dos setores que ganha destaque com iniciativas com foco na sustentabilidade, como a moda circular.<\/p>\n\n\n\n<p>A ind\u00fastria t\u00eaxtil, segundo a Organiza\u00e7\u00e3o das Na\u00e7\u00f5es Unidas do Meio Ambiente (ONU do Meio Ambiente), <a href=\"https:\/\/brasil.un.org\/pt-br\">despeja cerca de 500 mil toneladas<\/a> de res\u00edduos nos oceanos por ano, al\u00e9m de responder por 10% da emiss\u00e3o de gases de efeito estufa, mais que os setores da avia\u00e7\u00e3o e do transporte mar\u00edtimo juntos. A moda circular e&nbsp; a sustent\u00e1vel s\u00e3o modelos que visam ajudar a melhorar esses dados alarmantes, fazendo com que as pessoas busquem consumir cada vez&nbsp; menos e, se consumirem, fazerem isso de forma consciente.<\/p>\n\n\n\n<p>Enquanto a sustent\u00e1vel se preocupa em usar m\u00e9todos de produ\u00e7\u00e3o que minimizem o impacto ambiental, a circular est\u00e1 baseada&nbsp; na preocupa\u00e7\u00e3o do consumidor com quest\u00f5es sociais e ambientais que envolvem a fabrica\u00e7\u00e3o de pe\u00e7as em massa. Ela tamb\u00e9m frisa a observa\u00e7\u00e3o do ciclo da natureza, no qual tudo \u00e9 reaproveitado. \u00c9 poss\u00edvel usar como base para esse modelo a frase \u201cna natureza, nada se cria, nada se perde, tudo se transforma\u201d, do cientista Antoine-Laurent de Lavoisier.<\/p>\n\n\n\n<p>De acordo com a Funda\u00e7\u00e3o Ellen MacArthur, a ess\u00eancia principal da moda circular se baseia em <a href=\"https:\/\/archive.ellenmacarthurfoundation.org\/explore\">tr\u00eas princ\u00edpios b\u00e1sicos<\/a>: eliminar res\u00edduos e polui\u00e7\u00e3o, manter materiais em uso e regenerar sistemas naturais. Para isso, \u00e9 necess\u00e1rio que as grandes empresas deste setor desenvolvam produtos que possam ser aproveitados em diferentes ciclos de produ\u00e7\u00e3o.<\/p>\n\n\n\n<p>Para Mari\u00e1h Cidral, especialista em tend\u00eancias de moda, e Giovana Cornacchia, mestra em gest\u00e3o de moda e luxo, s\u00f3 \u00e9 poss\u00edvel mudar esta ind\u00fastria da como uma das mais poluentes do mundo com a forma como as pessoas consomem, preferindo marcas que prezam pela responsabilidade ambiental e social.&nbsp;<\/p>\n\n\n\n<figure class=\"wp-block-image\"><img decoding=\"async\" src=\"https:\/\/lh6.googleusercontent.com\/TcqB7GzXsPUGo4_ekMdPz9cgKs3MlSCXif42ZZTNogPBfYwIhQe9LNuSOj9ouIgt3Kz6WoIjlNrBsQwZyq05ukEJBm00uBpttFdiIxIxUfsXSKRYalYnWXxnSCA7zwkWKo0CMIvV\" alt=\"\"\/><figcaption><mark style=\"background-color:rgba(0, 0, 0, 0)\" class=\"has-inline-color has-black-color\">Giovana e Mari\u00e1h, propriet\u00e1rias da Cl\u00e9mentine Paris  |  Foto: Divulga\u00e7\u00e3o\/Cl\u00e9mentine Paris<\/mark><\/figcaption><\/figure>\n\n\n\n<p>Propriet\u00e1rias da ag\u00eancia de tend\u00eancias <a href=\"https:\/\/www.clementineparis.net\/\">Cl\u00e9mentine Paris<\/a>, ambas acreditam que a cadeia de produ\u00e7\u00e3o sustent\u00e1vel s\u00f3 tende a evoluir. &#8220;Ainda estamos engatinhando para um mundo realmente sustent\u00e1vel, mas j\u00e1 vemos a ascens\u00e3o de brech\u00f3s e o consumo de novos recursos tecnol\u00f3gicos&#8221;, diz Mari\u00e1h. &#8220;Al\u00e9m disso, grandes conglomerados de moda j\u00e1 est\u00e3o dirigindo seus esfor\u00e7os para uma cadeia de produ\u00e7\u00e3o mais sustent\u00e1vel e transparente&#8221;, completa.<\/p>\n\n\n\n<p>A moda circular \u00e9 fortemente associada \u00e0 economia circular. S\u00f3 no Brasil, cerca de R$ 26 bilh\u00f5es foram movimentados em 2018 neste mercado. Segundo um estudo feito pela Consultoria Euromonitor Internacional, \u00e9 previsto que, at\u00e9 2023, esse valor chegue a R$ 29 bilh\u00f5es.&nbsp;<\/p>\n\n\n\n<p>Os consumidores deste tipo de modelo buscam produtos com materiais sustent\u00e1veis e de qualidade, al\u00e9m de uma maior durabilidade e atemporalidade. Este conceito vai na contram\u00e3o do princ\u00edpio do <em>fast fashion<\/em>, presente no com\u00e9rcio de moda como um sistema em que os produtos s\u00e3o fabricados, consumidos e descartados constantemente e com muita rapidez.<\/p>\n\n\n\n<p>Apesar dos benef\u00edcios que o <a href=\"https:\/\/www.digitaletextil.com.br\/blog\/o-que-e-fast-fashion\/\"><em>fast fashion<\/em><\/a> traz ao mercado &#8211; como a gera\u00e7\u00e3o de empregos, produtos com custo acess\u00edvel e uma maior rentabilidade &#8211; deve-se olhar para este modelo com responsabilidade. Um dos maiores fatores prejudiciais deste sistema \u00e9 o descarte exacerbado de roupas, motivado pelo anseio de estar sempre dentro das tend\u00eancias. Com isso, as pe\u00e7as se tornam descart\u00e1veis, sendo jogadas fora em poucas semanas.<\/p>\n\n\n\n<p>A quarentena durante a pandemia da Covid-19 ajudou a acelerar o pensamento da conscientiza\u00e7\u00e3o sobre os impactos do consumo desenfreado da popula\u00e7\u00e3o, deixando em evid\u00eancia o movimento consciente e sustent\u00e1vel. &#8220;Estamos despertando como seres humanos, indiv\u00edduos e como sociedade. A moda \u00e9 s\u00f3 um dos muitos aspectos em que nos tornamos mais conscientes&#8221;, afirmam Mari\u00e1h e Giovana.<\/p>\n\n\n\n<p>A reutiliza\u00e7\u00e3o e novas formas de consumo sustent\u00e1vel j\u00e1 vem ganhando for\u00e7a no Brasil, com o famoso upcycling. Essa t\u00e9cnica reaproveita materiais j\u00e1 existentes e transforma pe\u00e7as que seriam rejeitadas em algo novo. Segundo a ONU do Meio Ambiente, cerca de US$ 500 bilh\u00f5es ao ano s\u00e3o perdidos no descarte de roupas em aterros e lix\u00f5es. De acordo com o mesmo estudo, 500 mil toneladas de res\u00edduos s\u00e3o despejados nos oceanos por ano.&nbsp;<\/p>\n\n\n\n<p>Marca conhecida pela moda circular, a <a href=\"https:\/\/instagram.com\/ventana____?utm_medium=copy_link\">Ventana<\/a> se tornou refer\u00eancia no mercado de upcycle brasileiro. De acordo com a propriet\u00e1ria, Gabrielle Rodrigues Pilotto, 31, o trabalho que ela faz na marca \u00e9 relevante para quem se identifica com todo o movimento que acontece al\u00e9m das pe\u00e7as.<\/p>\n\n\n\n<figure class=\"wp-block-image\"><img decoding=\"async\" src=\"https:\/\/lh6.googleusercontent.com\/GiADGRIvdXS6Cyw429SmJsczHjIRfpF0idxftM3iC575QAjMdczTX33jznqd9jzb0JItoB-S1HwTGX1B6TVEoWsVpW2NTGggi5qFUVL3gP6p4iRy6-1D7UzWDh8h3MCpSXkD02eh\" alt=\"\"\/><figcaption><mark style=\"background-color:rgba(0, 0, 0, 0)\" class=\"has-inline-color has-black-color\">Gabrielle Pilotto, propriet\u00e1ria da marca Ventana  |  Foto: Arquivo Pessoal<\/mark><\/figcaption><\/figure>\n\n\n\n<p>A Ventana, h\u00e1 nove anos no mercado, come\u00e7ou como um brech\u00f3 e foi se transformando na marca sustent\u00e1vel que \u00e9 hoje. &#8220;Sempre gostei de moda mas de um jeito diferente. Teve uma \u00e9poca que comecei a me questionar sobre minha maneira de consumir, descobri os brech\u00f3s e foi a\u00ed que come\u00e7ou minha rela\u00e7\u00e3o com a moda sustent\u00e1vel\u201d, conta. \u201cEu customizava roupas de brech\u00f3 e minhas amigas come\u00e7aram a gostar, vendi algumas coisas pra elas e as coisas foram acontecendo.\u201d<\/p>\n\n\n\n<p>Em junho deste ano, a Ventana criou pe\u00e7as para a cole\u00e7\u00e3o de inverno 2021 a partir de objetos de casa. Gabrielle, que participa de todo processo criativo da marca, transformou edredons, roupas de cama, jogos de mesa e cortinas em cal\u00e7as, vestidos e casacos. A cole\u00e7\u00e3o foi apresentada durante a S\u00e3o Paulo Fashion Week (SPFW) e contou com um <em>fashion film<\/em>, <a href=\"https:\/\/www.instagram.com\/p\/CQRw3eZDxHf\/?utm_medium=copy_link\">dispon\u00edvel no IGTV<\/a> do Instagram da Ventana.<\/p>\n\n\n\n<p>Para Gabrielle, o modelo circular e sustent\u00e1vel s\u00e3o pontos fortes para a sociedade e o futuro da moda, por\u00e9m eles n\u00e3o devem caminhar sozinhos. \u201cPor mais que reaproveitar uma roupa ou um material que est\u00e1 desuso seja muito melhor do que produzir uma nova pe\u00e7a, e obviamente \u00e9, a moda n\u00e3o vai mudar se a ind\u00fastria seguir produzindo do jeito que produz, desperdi\u00e7ando do jeito que desperdi\u00e7a e n\u00e3o olhando para todas as camadas e pessoas que est\u00e3o envolvidas no processo todo\u201d, diz.&nbsp;<\/p>\n\n\n\n<p>Somente a ind\u00fastria t\u00eaxtil brasileira \u00e9 respons\u00e1vel por <a href=\"https:\/\/www.abit.org.br\/\">gerar aproximadamente 175 mil toneladas de refugos<\/a>&nbsp; anualmente, conforme a Associa\u00e7\u00e3o Brasileira da Ind\u00fastria T\u00eaxtil e de Confec\u00e7\u00e3o (Abit). Uma das formas mais conhecidas de reaproveitamento de pe\u00e7as atualmente \u00e9 o brech\u00f3, presente em todo o pa\u00eds.&nbsp;<\/p>\n\n\n\n<h3 class=\"wp-block-heading\"><strong>Brech\u00f3s funcionam como modelo sustent\u00e1vel<\/strong><\/h3>\n\n\n\n<p>Ampliar o tempo de vida de roupas j\u00e1 feitas e impulsionar a economia circular s\u00e3o os principais objetivos dos brech\u00f3s hoje em dia. Segundo pesquisa feita pela GlobalData, em 2019, o com\u00e9rcio de produtos usados <a href=\"https:\/\/www.thredup.com\/resale\/2019?tswc_redir=true\">deve dobrar o tamanho do mercado do <em>fast fashion<\/em> at\u00e9 2029<\/a>.&nbsp;<\/p>\n\n\n\n<p>D\u00e9bora Lorene, 30, \u00e9 propriet\u00e1ria do <a href=\"https:\/\/instagram.com\/brecho.ovelhanegra?utm_medium=copy_link\">brech\u00f3 Ovelha Negra<\/a>, que nasceu em meio \u00e0 pandemia. Ela conta que esse momento foi de reflex\u00e3o, j\u00e1 que sempre esteve inserida no mundo da moda e n\u00e3o consome roupas &#8220;novas&#8221; h\u00e1 no m\u00ednimo tr\u00eas anos. &#8220;Minha fam\u00edlia trabalha com brech\u00f3s h\u00e1 oito anos e sempre foi minha meta poder agregar neste trabalho. Foi o momento de refletir e perceber que eu tinha essa necessidade&#8221;, conta.<\/p>\n\n\n\n<p>Ela come\u00e7ou a investir neste ramo em julho de 2020. Em setembro do mesmo ano ela inaugurou seu primeiro com\u00e9rcio f\u00edsico. &#8220;Meu brech\u00f3 possui curadoria, pois todo o meu garimpo \u00e9 bruto. Todas as pe\u00e7as passam por v\u00e1rios processos at\u00e9 chegar ao consumidor&#8221;, diz. &#8220;N\u00e3o costumo fazer personaliza\u00e7\u00e3o, pois ainda n\u00e3o achei tempo para isso, mas est\u00e1 nos planos.&#8221;<\/p>\n\n\n\n<figure class=\"wp-block-image\"><img decoding=\"async\" src=\"https:\/\/lh3.googleusercontent.com\/EYpQ64_kI-4H4faq1K6wJKIX1lAvQE0a1C_nn-5VSY-Ni3fWL0Dxjy_GwqZ1uviGt4r47yhRjVHQc09hPG6g_QP4l_bJ_l7XCrnnU7Ajx7BqPReFXcIk0LU3mCj9FgMg1bZH_2C0\" alt=\"\"\/><figcaption><mark style=\"background-color:rgba(0, 0, 0, 0)\" class=\"has-inline-color has-black-color\">Espa\u00e7o f\u00edsico do brech\u00f3 Ovelha Negra, no bairro Iriri\u00fa, antes da inaugura\u00e7\u00e3o  | Foto: Arquivo Pessoal<\/mark><\/figcaption><\/figure>\n\n\n\n<p>Em compara\u00e7\u00e3o com 15 anos atr\u00e1s, o n\u00famero de vezes que uma roupa \u00e9 utilizada at\u00e9 o seu descarte <a href=\"https:\/\/ellenmacarthurfoundation.org\/a-new-textiles-economy\">diminuiu 36%<\/a>, de acordo com o relat\u00f3rio&nbsp; \u201cA New Textiles Economy: Redesigning Fashion&#8217;s Future\u201d da Funda\u00e7\u00e3o Ellen MacArthur. O aumento da procura por brech\u00f3s ajuda a mudar este n\u00famero, fazendo com que cada vez mais pe\u00e7as de roupa tenham destinos diferentes do que o lixo todos os dias.<\/p>\n\n\n\n<p>&#8220;A busca por brech\u00f3 virou uma alternativa muito inteligente para o consumidor. Com certeza a procura \u00e9 muito maior pois foi criada uma necessidade no cliente&#8221;, fala D\u00e9bora. Para ela, os brech\u00f3s trazem uma oportunidade enorme de melhora para a sociedade. &#8220;S\u00e3o muitas possibilidades do que antes era s\u00f3 uma roupa que n\u00e3o se usa mais. Cada pe\u00e7a \u00e9 uma hist\u00f3ria e todo dia um novo tabu \u00e9 quebrado&#8221;, diz.<\/p>\n\n\n\n<h3 class=\"wp-block-heading\"><strong>Marcas j\u00e1 promovem inova\u00e7\u00f5es no mercado<\/strong><\/h3>\n\n\n\n<p>Atualmente, grandes conglomerados de moda j\u00e1 dirigem seus esfor\u00e7os para uma cadeia de produ\u00e7\u00e3o mais sustent\u00e1vel e transparente, como a marca italiana Gucci, que foi uma das pioneiras neste quesito. Em setembro de 2019, <a href=\"https:\/\/www.gucci.com\/us\/en\/st\/stories\/article\/carbon-neutral\">a marca anunciou que iria se tornar &#8220;carbon neutral&#8221;<\/a> e iria compensar as emiss\u00f5es de gases de efeito estufa de suas opera\u00e7\u00f5es e de suas cadeias de suprimentos.&nbsp;<\/p>\n\n\n\n<p>Stella McCartney, marca inglesa, \u00e9 uma das mais conhecidas pelo cuidado com o meio ambiente. Ela foi a primeira a fechar parceria com a Bolt Threads, empresa de solu\u00e7\u00f5es de materiais, e <a href=\"https:\/\/www.stellamccartney.com\/gb\/en\/stellas-world\/the-worlds-first-mylo-garments-created-from-vegan-mushroom-leather.html\">usar o &#8220;n\u00e3o couro&#8221; ecol\u00f3gico Mylo<\/a>, cultivado a partir do mic\u00e9lio de cogumelos.&nbsp;<\/p>\n\n\n\n<p>Outro exemplo \u00e9 a Pangaia, empresa brit\u00e2nica, que lan\u00e7ou em abril deste ano a <a href=\"https:\/\/thepangaia.com\/pages\/airink\">&#8220;Air Ink&#8221;<\/a>, uma tinta preta \u00e0 base de \u00e1gua produzida a partir da polui\u00e7\u00e3o do ar. Pe\u00e7as&nbsp;como camisetas, moletons e sacolas que utilizam essa tecnologia j\u00e1 est\u00e3o \u00e0 venda.&nbsp;<\/p>\n\n\n\n<h3 class=\"wp-block-heading\"><strong>Semana de programa\u00e7\u00e3o ecol\u00f3gica do Brasil \u00e9 destaque na Am\u00e9rica Latina<\/strong><\/h3>\n\n\n\n<p>A primeira semana de moda da Am\u00e9rica Latina dedicada \u00e0 ind\u00fastria sustent\u00e1vel chegou \u00e0 sua quinta edi\u00e7\u00e3o neste ano. A <a href=\"https:\/\/brasilecofashion.com.br\/\">Brasil Eco Fashion Week (BEFW)<\/a> aconteceu entre os dias 24 e 30 de setembro no formato on-line. Neste ano, ela tamb\u00e9m realizou, de forma simult\u00e2nea, a edi\u00e7\u00e3o especial na It\u00e1lia nos dias 24 e 25 durante a Milan Fashion Week (MFW).<\/p>\n\n\n\n<p>A BEFW levou oito marcas convidadas para desfilar no Jardim Bot\u00e2nico de Brera, em Mil\u00e3o. Todas elas, Eneas Neto, Rico Bracco, KF Branding + Woolmay Mayden, Natural Cotton Color, Libertees, Catarina Mina, Helena Pontes e Dona Rufina, apresentaram-se com desfiles presenciais transmitidos ao vivo. A plataforma tomou essa iniciativa para posicionar os estilistas e as marcas no mercado internacional.<\/p>\n\n\n\n<figure class=\"wp-block-image\"><img decoding=\"async\" src=\"https:\/\/lh6.googleusercontent.com\/KQAECYFr7YRGhXtEyk_qdS-ZeblyJtoAFQKtyrjWHoVdMvmUFoTwQep5MGZ_Q_13vnt9jWt4mc4TkMFFJ8hL-qHZEDIQd9479ZdbHkJE85K-RWsSxkQrL7Rt3py-eQ563IhS7bhv\" alt=\"\"\/><figcaption><mark style=\"background-color:rgba(0, 0, 0, 0)\" class=\"has-inline-color has-black-color\">Desfile da marca Helena Pontes durante a Milan Fashion Week  |  Foto: Arquivo Pessoal<\/mark><\/figcaption><\/figure>\n\n\n\n<p>Fundada em 2017, a BEFW tornou-se refer\u00eancia na Am\u00e9rica Latina ao apresentar uma diversidade de mat\u00e9rias primas ecol\u00f3gicas para a ind\u00fastria e promover di\u00e1logos sobre os processos t\u00eaxteis. Entre 2017 e 2020, cerca de 150 marcas se reuniram no evento para o desenvolvimento de novos produtos.<\/p>\n\n\n\n<p>Com o tema &#8220;Ecossistemas Globais&#8221;, a programa\u00e7\u00e3o on-line deste ano contou com 24 pain\u00e9is, 17 workshops pr\u00e1ticos e 18 fashion films. Al\u00e9m disso, 66 marcas expuseram seus produtos no <em>showroom<\/em> digital da plataforma.<\/p>\n\n    <div class=\"xs_social_share_widget xs_share_url after_content \t\tmain_content  wslu-style-1 wslu-share-box-shaped wslu-fill-colored wslu-none wslu-share-horizontal wslu-theme-font-no wslu-main_content\">\n\n\t\t\n        <ul>\n\t\t\t        <\/ul>\n    <\/div> \n","protected":false},"excerpt":{"rendered":"<p>Apesar de ser um dos setores mais poluentes, iniciativas do ramo ajudam a transformar o futuro do meio ambiente Reportagem: Mariana Murara A crescente preocupa\u00e7\u00e3o com o meio ambiente tem obrigado as pessoas a repensarem suas formas de consumo e o impacto de seus atos no planeta. A ind\u00fastria, respons\u00e1vel por 20% da polui\u00e7\u00e3o da [&hellip;]<\/p>\n","protected":false},"author":3,"featured_media":2540,"comment_status":"open","ping_status":"open","sticky":false,"template":"","format":"standard","meta":{"footnotes":""},"categories":[326,266],"tags":[104,343,319,320,322,195,96,323],"_links":{"self":[{"href":"https:\/\/primeirapauta.ielusc.br\/index.php\/wp-json\/wp\/v2\/posts\/2104"}],"collection":[{"href":"https:\/\/primeirapauta.ielusc.br\/index.php\/wp-json\/wp\/v2\/posts"}],"about":[{"href":"https:\/\/primeirapauta.ielusc.br\/index.php\/wp-json\/wp\/v2\/types\/post"}],"author":[{"embeddable":true,"href":"https:\/\/primeirapauta.ielusc.br\/index.php\/wp-json\/wp\/v2\/users\/3"}],"replies":[{"embeddable":true,"href":"https:\/\/primeirapauta.ielusc.br\/index.php\/wp-json\/wp\/v2\/comments?post=2104"}],"version-history":[{"count":1,"href":"https:\/\/primeirapauta.ielusc.br\/index.php\/wp-json\/wp\/v2\/posts\/2104\/revisions"}],"predecessor-version":[{"id":2541,"href":"https:\/\/primeirapauta.ielusc.br\/index.php\/wp-json\/wp\/v2\/posts\/2104\/revisions\/2541"}],"wp:featuredmedia":[{"embeddable":true,"href":"https:\/\/primeirapauta.ielusc.br\/index.php\/wp-json\/wp\/v2\/media\/2540"}],"wp:attachment":[{"href":"https:\/\/primeirapauta.ielusc.br\/index.php\/wp-json\/wp\/v2\/media?parent=2104"}],"wp:term":[{"taxonomy":"category","embeddable":true,"href":"https:\/\/primeirapauta.ielusc.br\/index.php\/wp-json\/wp\/v2\/categories?post=2104"},{"taxonomy":"post_tag","embeddable":true,"href":"https:\/\/primeirapauta.ielusc.br\/index.php\/wp-json\/wp\/v2\/tags?post=2104"}],"curies":[{"name":"wp","href":"https:\/\/api.w.org\/{rel}","templated":true}]}}