{"id":230,"date":"2018-06-06T16:21:03","date_gmt":"2018-06-06T19:21:03","guid":{"rendered":"http:\/\/primeirapauta.ielusc.br\/?p=230"},"modified":"2025-07-04T19:51:10","modified_gmt":"2025-07-04T22:51:10","slug":"fe-nas-montanhas-igreja-e-atracao-de-turistas-em-jaragua-do-sul","status":"publish","type":"post","link":"https:\/\/primeirapauta.ielusc.br\/index.php\/2018\/06\/06\/fe-nas-montanhas-igreja-e-atracao-de-turistas-em-jaragua-do-sul\/","title":{"rendered":"F\u00e9 nas Montanhas: Igreja \u00e9 atra\u00e7\u00e3o de turistas em Jaragu\u00e1 do Sul"},"content":{"rendered":"\t\t<div data-elementor-type=\"wp-post\" data-elementor-id=\"230\" class=\"elementor elementor-230 elementor-bc-flex-widget\">\n\t\t\t\t\t\t<section class=\"elementor-section elementor-top-section elementor-element elementor-element-f8d3d77 elementor-section-boxed elementor-section-height-default elementor-section-height-default\" data-id=\"f8d3d77\" data-element_type=\"section\">\n\t\t\t\t\t\t<div class=\"elementor-container elementor-column-gap-default\">\n\t\t\t\t\t<div class=\"elementor-column elementor-col-100 elementor-top-column elementor-element elementor-element-a35b709\" data-id=\"a35b709\" data-element_type=\"column\">\n\t\t\t<div class=\"elementor-widget-wrap elementor-element-populated\">\n\t\t\t\t\t\t<div class=\"elementor-element elementor-element-8ba47fc elementor-widget elementor-widget-text-editor\" data-id=\"8ba47fc\" data-element_type=\"widget\" data-settings=\"{&quot;ekit_we_effect_on&quot;:&quot;none&quot;}\" data-widget_type=\"text-editor.default\">\n\t\t\t\t<div class=\"elementor-widget-container\">\n\t\t\t<style>\/*! elementor - v3.21.0 - 26-05-2024 *\/\n.elementor-widget-text-editor.elementor-drop-cap-view-stacked .elementor-drop-cap{background-color:#69727d;color:#fff}.elementor-widget-text-editor.elementor-drop-cap-view-framed .elementor-drop-cap{color:#69727d;border:3px solid;background-color:transparent}.elementor-widget-text-editor:not(.elementor-drop-cap-view-default) .elementor-drop-cap{margin-top:8px}.elementor-widget-text-editor:not(.elementor-drop-cap-view-default) .elementor-drop-cap-letter{width:1em;height:1em}.elementor-widget-text-editor .elementor-drop-cap{float:left;text-align:center;line-height:1;font-size:50px}.elementor-widget-text-editor .elementor-drop-cap-letter{display:inline-block}<\/style>\t\t\t\t<p><span style=\"font-weight: 400;\">Ao entrar em <\/span><b>Jaragu\u00e1 do Sul,<\/b><span style=\"font-weight: 400;\"> uma imagem que intriga e impressiona turistas. Localizada no<\/span><b> Morro Boa Vista<\/b><span style=\"font-weight: 400;\"> h\u00e1 570 metros de altitude, uma pequena igreja est\u00e1 situada em uma das vistas mais exuberantes da cidade. A impress\u00e3o ao percorrer um dos principais pontos tur\u00edsticos \u00e9 de estar se aproximando da regi\u00e3o dos Alpes, no vale europeu.<\/span><\/p><p><span style=\"font-weight: 400;\">Desde 2012, ano de sua inaugura\u00e7\u00e3o, milhares de pessoas j\u00e1 visitaram o monumento. Somente em 2016, 20 mil pessoas de 26 estados do Brasil e de 26 pa\u00edses chegaram a visitar a <\/span><b>Chiesetta Alpina.<\/b><span style=\"font-weight: 400;\"> Entre estas idas e vindas de turistas e moradores at\u00e9 a regi\u00e3o, ser\u00e1 que todos sabem o que est\u00e1 por tr\u00e1s deste marco arquitet\u00f4nico?<\/span><\/p><p><span style=\"font-weight: 400;\">Logo na sua chegada, uma placa informando: \u2018Chiasetta Alpina a 4km\u2019. Ao avistar a igreja debaixo o destino parece ser r\u00e1pido. A impress\u00e3o \u00e9 de que ela se encontra bem pr\u00f3xima, por\u00e9m, a medida em que ciclistas, pedestres e motoristas avan\u00e7am percebe-se que h\u00e1 um longo caminho pela frente. O tempo de dura\u00e7\u00e3o at\u00e9 o alto da igrejinha leva quinze minutos de carro.Para os mais aventureiros o destino final, em m\u00e9dia, dura uma hora.<\/span><\/p>\t\t\t\t\t\t<\/div>\n\t\t\t\t<\/div>\n\t\t\t\t\t<\/div>\n\t\t<\/div>\n\t\t\t\t\t<\/div>\n\t\t<\/section>\n\t\t\t\t<section class=\"elementor-section elementor-top-section elementor-element elementor-element-fafd756 elementor-section-boxed elementor-section-height-default elementor-section-height-default\" data-id=\"fafd756\" data-element_type=\"section\">\n\t\t\t\t\t\t<div class=\"elementor-container elementor-column-gap-default\">\n\t\t\t\t\t<div class=\"elementor-column elementor-col-100 elementor-top-column elementor-element elementor-element-e8683a6\" data-id=\"e8683a6\" data-element_type=\"column\">\n\t\t\t<div class=\"elementor-widget-wrap elementor-element-populated\">\n\t\t\t\t\t\t<div class=\"elementor-element elementor-element-db32165 elementor-widget elementor-widget-image\" data-id=\"db32165\" data-element_type=\"widget\" data-settings=\"{&quot;ekit_we_effect_on&quot;:&quot;none&quot;}\" data-widget_type=\"image.default\">\n\t\t\t\t<div class=\"elementor-widget-container\">\n\t\t\t<style>\/*! elementor - v3.21.0 - 26-05-2024 *\/\n.elementor-widget-image{text-align:center}.elementor-widget-image a{display:inline-block}.elementor-widget-image a img[src$=\".svg\"]{width:48px}.elementor-widget-image img{vertical-align:middle;display:inline-block}<\/style>\t\t\t\t\t\t\t<figure class=\"wp-caption\">\n\t\t\t\t\t\t\t\t\t\t<img decoding=\"async\" src=\"http:\/\/primeirapauta.ielusc.br\/wp-content\/uploads\/2018\/06\/MAAPA.png\" title=\"\" alt=\"\" loading=\"lazy\" \/>\t\t\t\t\t\t\t\t\t\t\t<figcaption class=\"widget-image-caption wp-caption-text\">Turistas e moradores tem uma vista deslumbrante ao chegar no ponto tur\u00edstico  | Foto: Google Maps<\/figcaption>\n\t\t\t\t\t\t\t\t\t\t<\/figure>\n\t\t\t\t\t\t\t<\/div>\n\t\t\t\t<\/div>\n\t\t\t\t\t<\/div>\n\t\t<\/div>\n\t\t\t\t\t<\/div>\n\t\t<\/section>\n\t\t\t\t<section class=\"elementor-section elementor-top-section elementor-element elementor-element-36134b5 elementor-section-boxed elementor-section-height-default elementor-section-height-default\" data-id=\"36134b5\" data-element_type=\"section\">\n\t\t\t\t\t\t<div class=\"elementor-container elementor-column-gap-default\">\n\t\t\t\t\t<div class=\"elementor-column elementor-col-100 elementor-top-column elementor-element elementor-element-3692ecd\" data-id=\"3692ecd\" data-element_type=\"column\">\n\t\t\t<div class=\"elementor-widget-wrap elementor-element-populated\">\n\t\t\t\t\t\t<div class=\"elementor-element elementor-element-3e1aea8 elementor-widget elementor-widget-text-editor\" data-id=\"3e1aea8\" data-element_type=\"widget\" data-settings=\"{&quot;ekit_we_effect_on&quot;:&quot;none&quot;}\" data-widget_type=\"text-editor.default\">\n\t\t\t\t<div class=\"elementor-widget-container\">\n\t\t\t\t\t\t\t<p><span style=\"font-weight: 400;\">O ambiente \u00e9 buc\u00f3lico e a subida \u00e9 \u00edngreme. Os visitantes precisam de preparo f\u00edsico para encarar o percurso. No decorrer do trajeto as fachadas das casas simples d\u00e3o o contraste com o verde da <\/span><b>Mata Atl\u00e2ntica<\/b><span style=\"font-weight: 400;\">. Atualmente, o local est\u00e1 pavimentado<\/span><a href=\"http:\/\/anoticia.clicrbs.com.br\/sc\/geral\/an-jaragua\/noticia\/2016\/03\/comeca-a-pavimentacao-de-acesso-a-chiesetta-alpina-em-jaragua-do-sul-4994223.html\"><span style=\"font-weight: 400;\">. Foi investido R$ 975 mil para a pavimenta\u00e7\u00e3o do trecho<\/span><\/a><span style=\"font-weight: 400;\">. O destino n\u00e3o termina no topo da igreja, o caminho ainda \u00e9 longo para quem quiser se aventurar nas alturas. Pois, al\u00e9m, de uma vista de tirar o f\u00f4lego, \u00e9 poss\u00edvel apreciar a queda de v\u00f4o livre durante a visita.<\/span><\/p>\t\t\t\t\t\t<\/div>\n\t\t\t\t<\/div>\n\t\t\t\t\t<\/div>\n\t\t<\/div>\n\t\t\t\t\t<\/div>\n\t\t<\/section>\n\t\t\t\t<section class=\"elementor-section elementor-top-section elementor-element elementor-element-e89d7fb elementor-section-boxed elementor-section-height-default elementor-section-height-default\" data-id=\"e89d7fb\" data-element_type=\"section\">\n\t\t\t\t\t\t<div class=\"elementor-container elementor-column-gap-default\">\n\t\t\t\t\t<div class=\"elementor-column elementor-col-100 elementor-top-column elementor-element elementor-element-a417061\" data-id=\"a417061\" data-element_type=\"column\">\n\t\t\t<div class=\"elementor-widget-wrap elementor-element-populated\">\n\t\t\t\t\t\t<div class=\"elementor-element elementor-element-ebdfa4c elementor-widget elementor-widget-heading\" data-id=\"ebdfa4c\" data-element_type=\"widget\" data-settings=\"{&quot;ekit_we_effect_on&quot;:&quot;none&quot;}\" data-widget_type=\"heading.default\">\n\t\t\t\t<div class=\"elementor-widget-container\">\n\t\t\t<style>\/*! elementor - v3.21.0 - 26-05-2024 *\/\n.elementor-heading-title{padding:0;margin:0;line-height:1}.elementor-widget-heading .elementor-heading-title[class*=elementor-size-]>a{color:inherit;font-size:inherit;line-height:inherit}.elementor-widget-heading .elementor-heading-title.elementor-size-small{font-size:15px}.elementor-widget-heading .elementor-heading-title.elementor-size-medium{font-size:19px}.elementor-widget-heading .elementor-heading-title.elementor-size-large{font-size:29px}.elementor-widget-heading .elementor-heading-title.elementor-size-xl{font-size:39px}.elementor-widget-heading .elementor-heading-title.elementor-size-xxl{font-size:59px}<\/style><h2 class=\"elementor-heading-title elementor-size-large\">Homenagem aos imigrantes<\/h2>\t\t<\/div>\n\t\t\t\t<\/div>\n\t\t\t\t\t<\/div>\n\t\t<\/div>\n\t\t\t\t\t<\/div>\n\t\t<\/section>\n\t\t\t\t<section class=\"elementor-section elementor-top-section elementor-element elementor-element-48cf57f elementor-section-boxed elementor-section-height-default elementor-section-height-default\" data-id=\"48cf57f\" data-element_type=\"section\">\n\t\t\t\t\t\t<div class=\"elementor-container elementor-column-gap-default\">\n\t\t\t\t\t<div class=\"elementor-column elementor-col-100 elementor-top-column elementor-element elementor-element-91e895e\" data-id=\"91e895e\" data-element_type=\"column\">\n\t\t\t<div class=\"elementor-widget-wrap elementor-element-populated\">\n\t\t\t\t\t\t<div class=\"elementor-element elementor-element-6922836 elementor-widget elementor-widget-text-editor\" data-id=\"6922836\" data-element_type=\"widget\" data-settings=\"{&quot;ekit_we_effect_on&quot;:&quot;none&quot;}\" data-widget_type=\"text-editor.default\">\n\t\t\t\t<div class=\"elementor-widget-container\">\n\t\t\t\t\t\t\t<p><span style=\"font-weight: 400;\">A constru\u00e7\u00e3o da<\/span><b> Igreja Cristo dos Alpes<\/b><span style=\"font-weight: 400;\"> teve como principal objetivo homenagear os imigrantes europeus. A ideia partiu de um alpino radicado no Brasil,<\/span><b> Franco Gentili,<\/b><span style=\"font-weight: 400;\"> segundo a correspondente consular da It\u00e1lia,<\/span><b> Iria Tancon.<\/b><span style=\"font-weight: 400;\"> \u201cComemoramos em 2011 e 2012, o ano da It\u00e1lia no Brasil e tamb\u00e9m os 150 anos da Unifica\u00e7\u00e3o Italiana. A nossa regi\u00e3o ousou em marcar estas datas com esta significativa obra\u201d, comentou. A sua constru\u00e7\u00e3o foi dedicada tamb\u00e9m aos trinta anos da morte do papa sorriso<\/span><b> Jo\u00e3o Paulo I<\/b><span style=\"font-weight: 400;\">.<\/span><\/p><p><span style=\"font-weight: 400;\">De acordo com Iria, o projeto foi inspirado na igreja italiana<\/span><b> Chiaiesetta Bellunese.<\/b><span style=\"font-weight: 400;\"> Apesar disso, a igrejinha possui uma identidade pr\u00f3pria. Cada detalhe criado foi pensado como uma forma de representar a dram\u00e1tica hist\u00f3ria da imigra\u00e7\u00e3o europeia na regi\u00e3o sul do Brasil.<\/span><\/p><p><span style=\"font-weight: 400;\">Ao andar pelos arredores, os visitantes podem perceber estas caracter\u00edsticas da regi\u00e3o dos Alpes em cada detalhe de sua constru\u00e7\u00e3o. Somente no contorno do jardim os pinheiros e bosques com \u00e1rvores t\u00edpicas da regi\u00e3o alpina d\u00e3o os primeiros sinais de lembran\u00e7as da coloniza\u00e7\u00e3o italiana. \u201cProcurei da melhor forma poss\u00edvel, introduzir e viabilizar as v\u00e1rias ideias que recebi das pessoas envolvidas na cria\u00e7\u00e3o\u201d, comentou o arquiteto <\/span><b>Jo\u00e3o Barba Neto<\/b><span style=\"font-weight: 400;\">.<\/span><\/p>\t\t\t\t\t\t<\/div>\n\t\t\t\t<\/div>\n\t\t\t\t\t<\/div>\n\t\t<\/div>\n\t\t\t\t\t<\/div>\n\t\t<\/section>\n\t\t\t\t<section class=\"elementor-section elementor-top-section elementor-element elementor-element-a65815c elementor-section-boxed elementor-section-height-default elementor-section-height-default\" data-id=\"a65815c\" data-element_type=\"section\">\n\t\t\t\t\t\t<div class=\"elementor-container elementor-column-gap-default\">\n\t\t\t\t\t<div class=\"elementor-column elementor-col-100 elementor-top-column elementor-element elementor-element-27b4df6\" data-id=\"27b4df6\" data-element_type=\"column\">\n\t\t\t<div class=\"elementor-widget-wrap elementor-element-populated\">\n\t\t\t\t\t\t<div class=\"elementor-element elementor-element-fe03030 elementor-widget elementor-widget-video\" data-id=\"fe03030\" data-element_type=\"widget\" data-settings=\"{&quot;autoplay&quot;:&quot;yes&quot;,&quot;youtube_url&quot;:&quot;https:\\\/\\\/youtu.be\\\/NYgkZlhfzME&quot;,&quot;video_type&quot;:&quot;youtube&quot;,&quot;controls&quot;:&quot;yes&quot;,&quot;ekit_we_effect_on&quot;:&quot;none&quot;}\" data-widget_type=\"video.default\">\n\t\t\t\t<div class=\"elementor-widget-container\">\n\t\t\t<style>\/*! elementor - v3.21.0 - 26-05-2024 *\/\n.elementor-widget-video .elementor-widget-container{overflow:hidden;transform:translateZ(0)}.elementor-widget-video .elementor-wrapper{aspect-ratio:var(--video-aspect-ratio)}.elementor-widget-video .elementor-wrapper iframe,.elementor-widget-video .elementor-wrapper video{height:100%;width:100%;display:flex;border:none;background-color:#000}@supports not (aspect-ratio:1\/1){.elementor-widget-video .elementor-wrapper{position:relative;overflow:hidden;height:0;padding-bottom:calc(100% \/ var(--video-aspect-ratio))}.elementor-widget-video .elementor-wrapper iframe,.elementor-widget-video .elementor-wrapper video{position:absolute;top:0;right:0;bottom:0;left:0}}.elementor-widget-video .elementor-open-inline .elementor-custom-embed-image-overlay{position:absolute;top:0;right:0;bottom:0;left:0;background-size:cover;background-position:50%}.elementor-widget-video .elementor-custom-embed-image-overlay{cursor:pointer;text-align:center}.elementor-widget-video .elementor-custom-embed-image-overlay:hover .elementor-custom-embed-play i{opacity:1}.elementor-widget-video .elementor-custom-embed-image-overlay img{display:block;width:100%;aspect-ratio:var(--video-aspect-ratio);-o-object-fit:cover;object-fit:cover;-o-object-position:center center;object-position:center center}@supports not (aspect-ratio:1\/1){.elementor-widget-video .elementor-custom-embed-image-overlay{position:relative;overflow:hidden;height:0;padding-bottom:calc(100% \/ var(--video-aspect-ratio))}.elementor-widget-video .elementor-custom-embed-image-overlay img{position:absolute;top:0;right:0;bottom:0;left:0}}.elementor-widget-video .e-hosted-video .elementor-video{-o-object-fit:cover;object-fit:cover}.e-con-inner>.elementor-widget-video,.e-con>.elementor-widget-video{width:var(--container-widget-width);--flex-grow:var(--container-widget-flex-grow)}<\/style>\t\t<div class=\"elementor-wrapper elementor-open-inline\">\n\t\t\t<div class=\"elementor-video\"><\/div>\t\t<\/div>\n\t\t\t\t<\/div>\n\t\t\t\t<\/div>\n\t\t\t\t\t<\/div>\n\t\t<\/div>\n\t\t\t\t\t<\/div>\n\t\t<\/section>\n\t\t\t\t<section class=\"elementor-section elementor-top-section elementor-element elementor-element-ff8bc59 elementor-section-boxed elementor-section-height-default elementor-section-height-default\" data-id=\"ff8bc59\" data-element_type=\"section\">\n\t\t\t\t\t\t<div class=\"elementor-container elementor-column-gap-default\">\n\t\t\t\t\t<div class=\"elementor-column elementor-col-100 elementor-top-column elementor-element elementor-element-91f2044\" data-id=\"91f2044\" data-element_type=\"column\">\n\t\t\t<div class=\"elementor-widget-wrap elementor-element-populated\">\n\t\t\t\t\t\t<div class=\"elementor-element elementor-element-2f94628 elementor-widget elementor-widget-text-editor\" data-id=\"2f94628\" data-element_type=\"widget\" data-settings=\"{&quot;ekit_we_effect_on&quot;:&quot;none&quot;}\" data-widget_type=\"text-editor.default\">\n\t\t\t\t<div class=\"elementor-widget-container\">\n\t\t\t\t\t\t\t<p><span style=\"font-weight: 400;\">Para criar o projeto e se inspirar, Neto viajou em maio de 2010 aos Alpes italianos para conhecer a verdadeira obra. \u201cN\u00e3o havia meios nem motivos para reproduzir uma imagem t\u00e3o singular da pequena igreja g\u00f3tica. No entanto, alguns elementos foram importantes para conectar os dois mundos, t\u00e3o distantes e t\u00e3o ligados\u201d, explicou o arquiteto.<\/span><\/p>\t\t\t\t\t\t<\/div>\n\t\t\t\t<\/div>\n\t\t\t\t\t<\/div>\n\t\t<\/div>\n\t\t\t\t\t<\/div>\n\t\t<\/section>\n\t\t\t\t<section class=\"elementor-section elementor-top-section elementor-element elementor-element-7a96707 elementor-section-boxed elementor-section-height-default elementor-section-height-default\" data-id=\"7a96707\" data-element_type=\"section\">\n\t\t\t\t\t\t<div class=\"elementor-container elementor-column-gap-default\">\n\t\t\t\t\t<div class=\"elementor-column elementor-col-50 elementor-top-column elementor-element elementor-element-0912f6c\" data-id=\"0912f6c\" data-element_type=\"column\">\n\t\t\t<div class=\"elementor-widget-wrap elementor-element-populated\">\n\t\t\t\t\t\t<div class=\"elementor-element elementor-element-3e72f4e elementor-widget elementor-widget-image\" data-id=\"3e72f4e\" data-element_type=\"widget\" data-settings=\"{&quot;ekit_we_effect_on&quot;:&quot;none&quot;}\" data-widget_type=\"image.default\">\n\t\t\t\t<div class=\"elementor-widget-container\">\n\t\t\t\t\t\t\t\t\t\t<figure class=\"wp-caption\">\n\t\t\t\t\t\t\t\t\t\t<img decoding=\"async\" src=\"http:\/\/primeirapauta.ielusc.br\/wp-content\/uploads\/2018\/06\/INTERIOR-DA-IGREJA.jpeg\" title=\"\" alt=\"\" loading=\"lazy\" \/>\t\t\t\t\t\t\t\t\t\t\t<figcaption class=\"widget-image-caption wp-caption-text\">De arquitetura moderna, a Chiasseta Alpina mant\u00eam os tra\u00e7os da cultura Italiana. | Foto: Leonardo Koch<\/figcaption>\n\t\t\t\t\t\t\t\t\t\t<\/figure>\n\t\t\t\t\t\t\t<\/div>\n\t\t\t\t<\/div>\n\t\t\t\t\t<\/div>\n\t\t<\/div>\n\t\t\t\t<div class=\"elementor-column elementor-col-50 elementor-top-column elementor-element elementor-element-c982fa6\" data-id=\"c982fa6\" data-element_type=\"column\">\n\t\t\t<div class=\"elementor-widget-wrap elementor-element-populated\">\n\t\t\t\t\t\t<div class=\"elementor-element elementor-element-1b6f6da elementor-widget elementor-widget-image\" data-id=\"1b6f6da\" data-element_type=\"widget\" data-settings=\"{&quot;ekit_we_effect_on&quot;:&quot;none&quot;}\" data-widget_type=\"image.default\">\n\t\t\t\t<div class=\"elementor-widget-container\">\n\t\t\t\t\t\t\t\t\t\t<figure class=\"wp-caption\">\n\t\t\t\t\t\t\t\t\t\t<img decoding=\"async\" src=\"http:\/\/primeirapauta.ielusc.br\/wp-content\/uploads\/2018\/06\/WhatsApp-Image-2018-04-21-at-15.39.26-1-1.jpeg\" title=\"\" alt=\"\" loading=\"lazy\" \/>\t\t\t\t\t\t\t\t\t\t\t<figcaption class=\"widget-image-caption wp-caption-text\">Aventureiros seguem caminho para pular de asa delta no alto do morro Boa Vista. | Foto: Leonardo Koch<\/figcaption>\n\t\t\t\t\t\t\t\t\t\t<\/figure>\n\t\t\t\t\t\t\t<\/div>\n\t\t\t\t<\/div>\n\t\t\t\t\t<\/div>\n\t\t<\/div>\n\t\t\t\t\t<\/div>\n\t\t<\/section>\n\t\t\t\t<section class=\"elementor-section elementor-top-section elementor-element elementor-element-309706c elementor-section-boxed elementor-section-height-default elementor-section-height-default\" data-id=\"309706c\" data-element_type=\"section\">\n\t\t\t\t\t\t<div class=\"elementor-container elementor-column-gap-default\">\n\t\t\t\t\t<div class=\"elementor-column elementor-col-100 elementor-top-column elementor-element elementor-element-0ab4623\" data-id=\"0ab4623\" data-element_type=\"column\">\n\t\t\t<div class=\"elementor-widget-wrap elementor-element-populated\">\n\t\t\t\t\t\t<div class=\"elementor-element elementor-element-cc464b6 elementor-widget elementor-widget-text-editor\" data-id=\"cc464b6\" data-element_type=\"widget\" data-settings=\"{&quot;ekit_we_effect_on&quot;:&quot;none&quot;}\" data-widget_type=\"text-editor.default\">\n\t\t\t\t<div class=\"elementor-widget-container\">\n\t\t\t\t\t\t\t<p><span style=\"font-weight: 400;\">Ap\u00f3s sua ida ao exterior, o outro desafio do arquiteto foi colocar em pr\u00e1tica um sonho que estava apenas no papel. O primeiro passo foi procurar uma localiza\u00e7\u00e3o para o monumento. A escolha do terreno foi uma pequena por\u00e7\u00e3o de terra plana por<\/span><b> Dorval Sp\u00e9zia e Zenilde Maria Sp\u00e9zia <\/b><span style=\"font-weight: 400;\">para constru\u00e7\u00e3o de uma casa, que n\u00e3o foi executada.<\/span><\/p>\t\t\t\t\t\t<\/div>\n\t\t\t\t<\/div>\n\t\t\t\t\t<\/div>\n\t\t<\/div>\n\t\t\t\t\t<\/div>\n\t\t<\/section>\n\t\t\t\t<section class=\"elementor-section elementor-top-section elementor-element elementor-element-aebcaf4 elementor-section-boxed elementor-section-height-default elementor-section-height-default\" data-id=\"aebcaf4\" data-element_type=\"section\">\n\t\t\t\t\t\t<div class=\"elementor-container elementor-column-gap-default\">\n\t\t\t\t\t<div class=\"elementor-column elementor-col-100 elementor-top-column elementor-element elementor-element-a1273c1\" data-id=\"a1273c1\" data-element_type=\"column\">\n\t\t\t<div class=\"elementor-widget-wrap elementor-element-populated\">\n\t\t\t\t\t\t<div class=\"elementor-element elementor-element-98fa24e elementor-widget elementor-widget-image\" data-id=\"98fa24e\" data-element_type=\"widget\" data-settings=\"{&quot;ekit_we_effect_on&quot;:&quot;none&quot;}\" data-widget_type=\"image.default\">\n\t\t\t\t<div class=\"elementor-widget-container\">\n\t\t\t\t\t\t\t\t\t\t<figure class=\"wp-caption\">\n\t\t\t\t\t\t\t\t\t\t<img decoding=\"async\" src=\"http:\/\/primeirapauta.ielusc.br\/wp-content\/uploads\/2018\/06\/MAPA-DA-CONSTRU\u00c7\u00c3O.jpeg\" title=\"\" alt=\"\" loading=\"lazy\" \/>\t\t\t\t\t\t\t\t\t\t\t<figcaption class=\"widget-image-caption wp-caption-text\">Arquiteto jaraguaense foi um dos respons\u00e1veis pela cria\u00e7\u00e3o do monumento. | Foto: Divulga\u00e7\u00e3o<\/figcaption>\n\t\t\t\t\t\t\t\t\t\t<\/figure>\n\t\t\t\t\t\t\t<\/div>\n\t\t\t\t<\/div>\n\t\t\t\t\t<\/div>\n\t\t<\/div>\n\t\t\t\t\t<\/div>\n\t\t<\/section>\n\t\t\t\t<section class=\"elementor-section elementor-top-section elementor-element elementor-element-71151a2 elementor-section-boxed elementor-section-height-default elementor-section-height-default\" data-id=\"71151a2\" data-element_type=\"section\">\n\t\t\t\t\t\t<div class=\"elementor-container elementor-column-gap-default\">\n\t\t\t\t\t<div class=\"elementor-column elementor-col-100 elementor-top-column elementor-element elementor-element-9d53df6\" data-id=\"9d53df6\" data-element_type=\"column\">\n\t\t\t<div class=\"elementor-widget-wrap elementor-element-populated\">\n\t\t\t\t\t\t<div class=\"elementor-element elementor-element-6ead010 elementor-widget elementor-widget-text-editor\" data-id=\"6ead010\" data-element_type=\"widget\" data-settings=\"{&quot;ekit_we_effect_on&quot;:&quot;none&quot;}\" data-widget_type=\"text-editor.default\">\n\t\t\t\t<div class=\"elementor-widget-container\">\n\t\t\t\t\t\t\t<p><span style=\"font-weight: 400;\">Eles fizeram uma doa\u00e7\u00e3o de 20.00m2. A primeira conversa com os propriet\u00e1rios aconteceu no dia 30 de julho de 2010. Fazia frio e havia muita neblina naquela manh\u00e3 nas montanhas do Boa Vista. Lugar perfeito para um monumento que remetesse as lembran\u00e7as dos alpes europeus.<\/span><\/p>\t\t\t\t\t\t<\/div>\n\t\t\t\t<\/div>\n\t\t\t\t\t<\/div>\n\t\t<\/div>\n\t\t\t\t\t<\/div>\n\t\t<\/section>\n\t\t\t\t<section class=\"elementor-section elementor-top-section elementor-element elementor-element-ff52ce6 elementor-section-boxed elementor-section-height-default elementor-section-height-default\" data-id=\"ff52ce6\" data-element_type=\"section\">\n\t\t\t\t\t\t<div class=\"elementor-container elementor-column-gap-default\">\n\t\t\t\t\t<div class=\"elementor-column elementor-col-100 elementor-top-column elementor-element elementor-element-9fe10ab\" data-id=\"9fe10ab\" data-element_type=\"column\">\n\t\t\t<div class=\"elementor-widget-wrap elementor-element-populated\">\n\t\t\t\t\t\t<div class=\"elementor-element elementor-element-642d4e6 elementor-widget elementor-widget-html\" data-id=\"642d4e6\" data-element_type=\"widget\" data-settings=\"{&quot;ekit_we_effect_on&quot;:&quot;none&quot;}\" data-widget_type=\"html.default\">\n\t\t\t\t<div class=\"elementor-widget-container\">\n\t\t\t<iframe src='https:\/\/cdn.knightlab.com\/libs\/timeline3\/latest\/embed\/index.html?source=1ObjMZFGzrWCaD9n9d1opJizejffHnpedDTcf-oRX1Bo&font=Default&lang=en&initial_zoom=2&height=650' width='100%' height='650' webkitallowfullscreen mozallowfullscreen allowfullscreen frameborder='0'><\/iframe>\t\t<\/div>\n\t\t\t\t<\/div>\n\t\t\t\t\t<\/div>\n\t\t<\/div>\n\t\t\t\t\t<\/div>\n\t\t<\/section>\n\t\t\t\t<section class=\"elementor-section elementor-top-section elementor-element elementor-element-285ae91 elementor-section-boxed elementor-section-height-default elementor-section-height-default\" data-id=\"285ae91\" data-element_type=\"section\">\n\t\t\t\t\t\t<div class=\"elementor-container elementor-column-gap-default\">\n\t\t\t\t\t<div class=\"elementor-column elementor-col-100 elementor-top-column elementor-element elementor-element-533d99c\" data-id=\"533d99c\" data-element_type=\"column\">\n\t\t\t<div class=\"elementor-widget-wrap elementor-element-populated\">\n\t\t\t\t\t\t<div class=\"elementor-element elementor-element-26fe41c elementor-widget elementor-widget-text-editor\" data-id=\"26fe41c\" data-element_type=\"widget\" data-settings=\"{&quot;ekit_we_effect_on&quot;:&quot;none&quot;}\" data-widget_type=\"text-editor.default\">\n\t\t\t\t<div class=\"elementor-widget-container\">\n\t\t\t\t\t\t\t<p><span style=\"font-weight: 400;\">Depois de alguns anos de trabalho e esfor\u00e7o, o projeto que antes era um sonho, ganhava forma em cada parede erguida. \u201cEu me emocionei ao escutar o sino da <\/span><b>Chiasetta batendo<\/b><span style=\"font-weight: 400;\">. Tenho certeza que todos que ouviram seu badalar tamb\u00e9m se emocionaram. Foi magn\u00edfico\u201d, relembra o ex-prefeito <\/span><b>Dieter Janssen<\/b><span style=\"font-weight: 400;\">.<\/span><\/p><p><span style=\"font-weight: 400;\">No dia de sua inaugura\u00e7\u00e3o, estavam presentes duas centenas de pessoas, dentre elas uma delega\u00e7\u00e3o de italianos da prov\u00edncia de Belluno e autoridades locais. \u201cQuando fui convidado para dar a b\u00ean\u00e7\u00e3o a uma igrejinha que representa a presen\u00e7a da imigra\u00e7\u00e3o italiana, jamais pensei em me deparar com uma obra de arte\u201d, destacou o<\/span><b> Bispo Diocesano Dom Jos\u00e9 Negri<\/b><span style=\"font-weight: 400;\">. \u00a0<\/span><\/p><p><span style=\"font-weight: 400;\">Seis anos ap\u00f3s a sua inaugura\u00e7\u00e3o, o complexo est\u00e1 com as suas estruturas abaladas. Paredes rachadas e a pintura desgastada mostram que o monumento est\u00e1 precisando de uma restaura\u00e7\u00e3o. \u201cA nossa inten\u00e7\u00e3o \u00e9 pintar todas as paredes internas com a hist\u00f3ria da imigra\u00e7\u00e3o\u201d, explicou a corresponde consular. Ainda, segundo ela, os pr\u00f3ximos objetivos \u00e9 fazer uma Via-Sacra. O sonho vem de um dos idealizadores da Chiasseta, o ex-Deputado Estadual (PSDB),<\/span><b> Vicente Caropreso.<\/b><span style=\"font-weight: 400;\"> \u00a0<\/span><\/p>\t\t\t\t\t\t<\/div>\n\t\t\t\t<\/div>\n\t\t\t\t\t<\/div>\n\t\t<\/div>\n\t\t\t\t\t<\/div>\n\t\t<\/section>\n\t\t\t\t<section class=\"elementor-section elementor-top-section elementor-element elementor-element-d832a97 elementor-section-boxed elementor-section-height-default elementor-section-height-default\" data-id=\"d832a97\" data-element_type=\"section\">\n\t\t\t\t\t\t<div class=\"elementor-container elementor-column-gap-default\">\n\t\t\t\t\t<div class=\"elementor-column elementor-col-100 elementor-top-column elementor-element elementor-element-e8a0e84\" data-id=\"e8a0e84\" data-element_type=\"column\">\n\t\t\t<div class=\"elementor-widget-wrap elementor-element-populated\">\n\t\t\t\t\t\t<div class=\"elementor-element elementor-element-ebd276e elementor-widget elementor-widget-heading\" data-id=\"ebd276e\" data-element_type=\"widget\" data-settings=\"{&quot;ekit_we_effect_on&quot;:&quot;none&quot;}\" data-widget_type=\"heading.default\">\n\t\t\t\t<div class=\"elementor-widget-container\">\n\t\t\t<h2 class=\"elementor-heading-title elementor-size-default\">Turismo religioso em Santa Catarina<\/h2>\t\t<\/div>\n\t\t\t\t<\/div>\n\t\t\t\t\t<\/div>\n\t\t<\/div>\n\t\t\t\t\t<\/div>\n\t\t<\/section>\n\t\t\t\t<section class=\"elementor-section elementor-top-section elementor-element elementor-element-dde4c36 elementor-section-boxed elementor-section-height-default elementor-section-height-default\" data-id=\"dde4c36\" data-element_type=\"section\">\n\t\t\t\t\t\t<div class=\"elementor-container elementor-column-gap-default\">\n\t\t\t\t\t<div class=\"elementor-column elementor-col-100 elementor-top-column elementor-element elementor-element-ae3997e\" data-id=\"ae3997e\" data-element_type=\"column\">\n\t\t\t<div class=\"elementor-widget-wrap elementor-element-populated\">\n\t\t\t\t\t\t<div class=\"elementor-element elementor-element-f5bc4d6 elementor-widget elementor-widget-text-editor\" data-id=\"f5bc4d6\" data-element_type=\"widget\" data-settings=\"{&quot;ekit_we_effect_on&quot;:&quot;none&quot;}\" data-widget_type=\"text-editor.default\">\n\t\t\t\t<div class=\"elementor-widget-container\">\n\t\t\t\t\t\t\t<p><span style=\"font-weight: 400;\">H\u00e1 167 km de Jaragu\u00e1 do Sul um outro roteiro tur\u00edstico \u00e9 bastante conhecido pelos catarinenses. Habitada por 12 mil habitantes, a cidade de<\/span><b> Nova Trento<\/b><span style=\"font-weight: 400;\"> \u00e9 nacionalmente conhecida por ser uma cidade religiosa. O local foi constru\u00eddo em homenagem \u00e0 primeira santa brasileira.<\/span><\/p><p><span style=\"font-weight: 400;\">Diferente de Jaragu\u00e1, que tem a tradi\u00e7\u00e3o alem\u00e3 muito forte, o munic\u00edpio de Nova Trento mant\u00e9m at\u00e9 hoje as ra\u00edzes da cultura italiana. F\u00e9, promessa, ou simplesmente o desejo de conhecer um peda\u00e7o da<\/span><b> It\u00e1lia <\/b><span style=\"font-weight: 400;\">em Nova Trento, o santu\u00e1rio \u00e9 bastante procurado por fi\u00e9is cat\u00f3licos e devotos da Santa. Esse \u00e9 o caso de<\/span><b> Liane Zoz<\/b><span style=\"font-weight: 400;\">, a funcion\u00e1ria p\u00fablica foi durante 12 anos na Santa para pagar um juramento por problemas de sa\u00fade na fam\u00edlia.<\/span><\/p>\t\t\t\t\t\t<\/div>\n\t\t\t\t<\/div>\n\t\t\t\t\t<\/div>\n\t\t<\/div>\n\t\t\t\t\t<\/div>\n\t\t<\/section>\n\t\t\t\t<section class=\"elementor-section elementor-top-section elementor-element elementor-element-a2500df elementor-section-boxed elementor-section-height-default elementor-section-height-default\" data-id=\"a2500df\" data-element_type=\"section\">\n\t\t\t\t\t\t<div class=\"elementor-container elementor-column-gap-default\">\n\t\t\t\t\t<div class=\"elementor-column elementor-col-100 elementor-top-column elementor-element elementor-element-0ffe2ee\" data-id=\"0ffe2ee\" data-element_type=\"column\">\n\t\t\t<div class=\"elementor-widget-wrap elementor-element-populated\">\n\t\t\t\t\t\t<div class=\"elementor-element elementor-element-c4f4b91 elementor-widget elementor-widget-video\" data-id=\"c4f4b91\" data-element_type=\"widget\" data-settings=\"{&quot;youtube_url&quot;:&quot;https:\\\/\\\/www.youtube.com\\\/watch?v=WBikjBoARk0&quot;,&quot;video_type&quot;:&quot;youtube&quot;,&quot;controls&quot;:&quot;yes&quot;,&quot;ekit_we_effect_on&quot;:&quot;none&quot;}\" data-widget_type=\"video.default\">\n\t\t\t\t<div class=\"elementor-widget-container\">\n\t\t\t\t\t<div class=\"elementor-wrapper elementor-open-inline\">\n\t\t\t<div class=\"elementor-video\"><\/div>\t\t<\/div>\n\t\t\t\t<\/div>\n\t\t\t\t<\/div>\n\t\t\t\t\t<\/div>\n\t\t<\/div>\n\t\t\t\t\t<\/div>\n\t\t<\/section>\n\t\t\t\t<section class=\"elementor-section elementor-top-section elementor-element elementor-element-4823071 elementor-section-boxed elementor-section-height-default elementor-section-height-default\" data-id=\"4823071\" data-element_type=\"section\">\n\t\t\t\t\t\t<div class=\"elementor-container elementor-column-gap-default\">\n\t\t\t\t\t<div class=\"elementor-column elementor-col-100 elementor-top-column elementor-element elementor-element-ae0d8e1\" data-id=\"ae0d8e1\" data-element_type=\"column\">\n\t\t\t<div class=\"elementor-widget-wrap elementor-element-populated\">\n\t\t\t\t\t\t<div class=\"elementor-element elementor-element-6ecc86d elementor-widget elementor-widget-text-editor\" data-id=\"6ecc86d\" data-element_type=\"widget\" data-settings=\"{&quot;ekit_we_effect_on&quot;:&quot;none&quot;}\" data-widget_type=\"text-editor.default\">\n\t\t\t\t<div class=\"elementor-widget-container\">\n\t\t\t\t\t\t\t<p><span style=\"font-weight: 400;\">Ao todo, h\u00e1 espa\u00e7o para tr\u00eas mil pessoas dentro do <\/span><b>Santu\u00e1rio<\/b><span style=\"font-weight: 400;\">. A cidade transformou-se no segundo turismo religioso do Brasil e chega a receber mais de 80 mil turistas por m\u00eas. Ap\u00f3s pedir a ben\u00e7\u00e3o da Santa, os fi\u00e9is podem apreciar os atrativos que o lugar proporciona aos arredores do complexo.<\/span><\/p><p><span style=\"font-weight: 400;\">O ambiente \u00e9 acolhedor e proporciona momentos incr\u00edveis para os fi\u00e9is. A sensa\u00e7\u00e3o ao percorrer o local \u00e9 de estar em uma cidadezinha no interior da Europa, principalmente pela arquitetura da igreja no centro do espa\u00e7o. <\/span><\/p><p><i><span style=\"font-weight: 400;\">Por: Leonardo Koch<\/span><\/i><\/p><p><b>Conte\u00fado produzido para o Primeira Pauta Digital | Disciplina Jornalismo Digital II<\/b><\/p><p><b>5\u00ba Fase | 2018<\/b><\/p>\t\t\t\t\t\t<\/div>\n\t\t\t\t<\/div>\n\t\t\t\t\t<\/div>\n\t\t<\/div>\n\t\t\t\t\t<\/div>\n\t\t<\/section>\n\t\t\t\t<\/div>\n\t\t\n    <div class=\"xs_social_share_widget xs_share_url after_content \t\tmain_content  wslu-style-1 wslu-share-box-shaped wslu-fill-colored wslu-none wslu-share-horizontal wslu-theme-font-no wslu-main_content\">\n\n\t\t\n        <ul>\n\t\t\t        <\/ul>\n    <\/div> \n","protected":false},"excerpt":{"rendered":"<p>Ao entrar em Jaragu\u00e1 do Sul, uma imagem que intriga e impressiona turistas. Localizada no Morro Boa Vista h\u00e1 570 metros de altitude, uma pequena igreja est\u00e1 situada em uma das vistas mais exuberantes da cidade. A impress\u00e3o ao percorrer um dos principais pontos tur\u00edsticos \u00e9 de estar se aproximando da regi\u00e3o dos Alpes, no [&hellip;]<\/p>\n","protected":false},"author":3,"featured_media":2671,"comment_status":"open","ping_status":"open","sticky":false,"template":"","format":"standard","meta":{"footnotes":""},"categories":[266],"tags":[38,39,40],"_links":{"self":[{"href":"https:\/\/primeirapauta.ielusc.br\/index.php\/wp-json\/wp\/v2\/posts\/230"}],"collection":[{"href":"https:\/\/primeirapauta.ielusc.br\/index.php\/wp-json\/wp\/v2\/posts"}],"about":[{"href":"https:\/\/primeirapauta.ielusc.br\/index.php\/wp-json\/wp\/v2\/types\/post"}],"author":[{"embeddable":true,"href":"https:\/\/primeirapauta.ielusc.br\/index.php\/wp-json\/wp\/v2\/users\/3"}],"replies":[{"embeddable":true,"href":"https:\/\/primeirapauta.ielusc.br\/index.php\/wp-json\/wp\/v2\/comments?post=230"}],"version-history":[{"count":1,"href":"https:\/\/primeirapauta.ielusc.br\/index.php\/wp-json\/wp\/v2\/posts\/230\/revisions"}],"predecessor-version":[{"id":2674,"href":"https:\/\/primeirapauta.ielusc.br\/index.php\/wp-json\/wp\/v2\/posts\/230\/revisions\/2674"}],"wp:featuredmedia":[{"embeddable":true,"href":"https:\/\/primeirapauta.ielusc.br\/index.php\/wp-json\/wp\/v2\/media\/2671"}],"wp:attachment":[{"href":"https:\/\/primeirapauta.ielusc.br\/index.php\/wp-json\/wp\/v2\/media?parent=230"}],"wp:term":[{"taxonomy":"category","embeddable":true,"href":"https:\/\/primeirapauta.ielusc.br\/index.php\/wp-json\/wp\/v2\/categories?post=230"},{"taxonomy":"post_tag","embeddable":true,"href":"https:\/\/primeirapauta.ielusc.br\/index.php\/wp-json\/wp\/v2\/tags?post=230"}],"curies":[{"name":"wp","href":"https:\/\/api.w.org\/{rel}","templated":true}]}}