{"id":368,"date":"2018-06-07T00:59:34","date_gmt":"2018-06-07T03:59:34","guid":{"rendered":"http:\/\/primeirapauta.ielusc.br\/?p=368"},"modified":"2022-06-22T19:53:01","modified_gmt":"2022-06-22T22:53:01","slug":"intervencao-militar-e-a-solucao","status":"publish","type":"post","link":"https:\/\/primeirapauta.ielusc.br\/index.php\/2018\/06\/07\/intervencao-militar-e-a-solucao\/","title":{"rendered":"Interven\u00e7\u00e3o militar \u00e9 a solu\u00e7\u00e3o?"},"content":{"rendered":"<p>O fervoroso pedido para que as for\u00e7as armadas assumam o governo federal deixou vis\u00edvel a falta de conhecimento dos brasileiros acerca da Constitui\u00e7\u00e3o de 1988. A frase \u201cInterven\u00e7\u00e3o militar j\u00e1!\u201d circulou pelo pa\u00eds durante a greve dos caminhoneiros e trouxe diferentes vis\u00f5es sobre o per\u00edodo ditatorial que aconteceu entre 1964 e 1985.<\/p>\n<p>O primeiro protesto em Joinville ocorreu no dia 27 de maio. Os manifestantes se concentraram na Pra\u00e7a da Bandeira e, em seguida, dirigiram- -se para a rua em frente ao 62\u00ba Batalh\u00e3o de Infantaria. L\u00e1, os participantes que s\u00e3o a favor de um regime militar pediam para que o ex\u00e9rcito assuma o governo e traga ordem e progresso para o pa\u00eds.<\/p>\n<p>A semana seguinte contou com mais manifesta\u00e7\u00f5es, como a do dia 30 de maio, por exemplo. Durante a tarde, pessoas circulavam na Pra\u00e7a da Bandeira, todas devidamente trajadas com camisetas da Sele\u00e7\u00e3o Brasileira ou com cores que remetessem \u00e0 bandeira nacional. Ao anoitecer, mais manifestantes juntaram-se ao grupo. Em torno de 50 estavam ali em apoio aos caminhoneiros.<\/p>\n<p>Emerson Antunes era um desses manifestantes. Para ele, n\u00e3o basta derrubar um \u00fanico pol\u00edtico, \u00e9 preciso derrubar o sistema. \u201cE para isso, interven\u00e7\u00e3o militar j\u00e1\u201d, defende. Antunes conta que acompanhou o Diretas J\u00e1! &#8211; movimento civil de reivindica\u00e7\u00e3o por elei\u00e7\u00f5es presidenciais diretas -, Tancredo Neves e os \u201ccaras pintadas\u201d. \u201cN\u00f3s fomos caras pintadas para sermos saqueados. O que aconteceu nesses \u00faltimos 20 anos foi a morte da democracia\u201d, alega.<\/p>\n<p>Para o advogado Rodrigo Limas, que tamb\u00e9m estava no protesto, a popula\u00e7\u00e3o n\u00e3o pode sair das ruas. Limas ainda relata a tentativa dos partidos pol\u00edticos em tirar proveito das manifesta\u00e7\u00f5es. \u201cO tempo todo tem gente querendo se infiltrar\u201d, afirma.<\/p>\n<p>A estudante Vit\u00f3ria Cristina e sua tia Raquel de S\u00e1 tamb\u00e9m participaram de todas as manifesta\u00e7\u00f5es. Vit\u00f3ria, 16, tem sua opini\u00e3o bem marcada. A estudante \u00e9 a favor da interven\u00e7\u00e3o militar e acredita que o regime resultaria em melhorias ao pa\u00eds. \u201cQueremos um Brasil melhor, com uma gasolina e um transporte mais barato, um pa\u00eds justo\u201d, diz.<\/p>\n<p>Alguns acreditam que n\u00e3o houve a Ditadura Militar e h\u00e1 quem apoie uma interven\u00e7\u00e3o militar constitucional. Assim, ap\u00f3s pouco tempo de governo, os militares \u201cdevolveriam\u201d o poder nas m\u00e3os da popula\u00e7\u00e3o para haver uma elei\u00e7\u00e3o direta. Em 1964 foi exatamente isso o que aconteceu. Quando Castelo Branco tornou-se presidente, a promessa era a de que, em um ano, haveria a volta da democracia com uma elei\u00e7\u00e3o. O que era para ser um r\u00e1pido governo para reerguer o pa\u00eds, durou 21 anos. Desde ent\u00e3o, a democracia sofre para se recuperar.<\/p>\n<h3><strong>Grupo joinvilense pr\u00f3-Bolsonaro se manifesta<\/strong><\/h3>\n<p>Assim como membros da igreja, grupos pol\u00edticos tamb\u00e9m se posicionaram sobre a greve dos caminhoneiros e as manifesta\u00e7\u00f5es populares de rua. Um deles foi o Bolsonaro Joinville, formado no in\u00edcio de 2018 e que cont\u00e9m mais de 8.700 curtidas na p\u00e1gina do Facebook e grupos de informa\u00e7\u00e3o via WhatsApp, ficando atr\u00e1s somente do Movimento Brasil Livre &#8211; Joinville.<\/p>\n<p>Segundo o fisioterapeuta Sipiani Allievi, uma das pessoas que est\u00e1 \u00e0 frente do grupo, o apoio aos caminhoneiros aconteceu porque eles avaliaram que essa era uma greve leg\u00edtima. \u201cAlguns de n\u00f3s fomos at\u00e9 onde estavam os caminhoneiros, conversamos com eles e at\u00e9 levamos mantimentos\u201d, explica. Al\u00e9m disso, ele tamb\u00e9m afirma que muitas pessoas das redes sociais pr\u00f3-Bolsonaro ou s\u00e3o caminhoneiros ou s\u00e3o familiares dos manifestantes.<\/p>\n<p>Eles tamb\u00e9m estiveram presentes na organiza\u00e7\u00e3o do ato principal nas ruas de Joinville, no dia 27 de maio, domingo. \u201cQuando nos perguntavam se t\u00ednhamos algum partido, falamos que fazemos parte do Bolsonaro Joinville, mas naquele momento n\u00f3s \u00e9ramos apenas a favor do povo\u201d, explica. \u201cN\u00f3s apoiamos, divulgamos, mas quando come\u00e7armos a perceber que grupos pol\u00edticos come\u00e7aram a se infiltrar e se beneficiar, decidimos recuar\u201d, finaliza. O rev\u00e9s da equipe se deu quando eles come\u00e7aram a n\u00e3o divulgar e nem participar das manifesta\u00e7\u00f5es de rua.<\/p>\n<p>A interven\u00e7\u00e3o militar tamb\u00e9m se tornou pauta do Bolsonaro Joinville, j\u00e1 que em muitos atos foi pedido a volta dos militares. De acordo com o professor M\u00e1rio Pereira, a equipe que apoia o candidato no Sul sabe que \u00e9 quase imposs\u00edvel acontecer. \u201cUm dos motivos \u00e9 que os militares s\u00e3o mandados pelos poderes e n\u00e3o querem se incomodar como em 1964\u201d, afirma ele, e acrescenta que sabe que, mesmo sem essa possibilidade, falar em interven\u00e7\u00e3o \u00e9 algo que d\u00e1 medo ao Congresso.<\/p>\n<p>A posi\u00e7\u00e3o deles \u00e9 clara, gostariam dos militares no poder se fosse at\u00e9 o final deste ano, quando um novo presidente para o pa\u00eds ser\u00e1 escolhido. \u201cS\u00f3 se fosse para solucionar o caos, mas assumir para sempre n\u00e3o d\u00e1\u201d, afirma o fisioterapeuta.<\/p>\n<p>Limpar o congresso, tirar todos e fazer com que s\u00f3 entrem candidatos \u201cficha limpa\u201d na pr\u00f3xima elei\u00e7\u00e3o \u00e9 a ideia defendida pela equipe, que acredita ser essa a solu\u00e7\u00e3o que a maioria da popula\u00e7\u00e3o procura nas situa\u00e7\u00f5es pol\u00edticas atuais.<\/p>\n<h3><strong>\u201cO brasileiro \u00e9 patriarcal\u201d, afirma cientista social<\/strong><\/h3>\n<p>Quando uma crian\u00e7a nasce ela \u00e9 incentivada a projetar no pai um papel de her\u00f3i. \u00c9 esse pai, ou her\u00f3i, que vai proteger ela de todo perigo e mal. Quando ela cresce e o pai envelhece isso muda, e o salvador acaba se tornando o governante que ela escolheu, atrav\u00e9s do voto. A economia n\u00e3o est\u00e1 indo bem? Troca o presidente. A educa\u00e7\u00e3o precisa de mais aten\u00e7\u00e3o? Troca o governante. Nenhum dos pol\u00edticos t\u00eam o perfil que queremos? Pede interven\u00e7\u00e3o!<\/p>\n<p>O cientista social Belini Meurer acredita que o problema do Brasil n\u00e3o \u00e9 a pol\u00edtica, mas sim os setores social, intelectual, \u00e9 saber o que de fato se quer para o pa\u00eds. \u201cRodamos e sempre ca\u00edmos na educa\u00e7\u00e3o, afinal, quantos de n\u00f3s aprendemos sobre o Estado brasileiro? Quantos de n\u00f3s entendemos de pol\u00edtica partid\u00e1ria e economia? Quem conhece a Constitui\u00e7\u00e3o, as leis trabalhistas e o c\u00f3digo de defesa do consumidor?\u201d, questiona.<\/p>\n<p>De acordo com a reflex\u00e3o feita pelo cientista social, manifesta\u00e7\u00f5es como estas que vemos nas ruas junto \u00e0 greve dos caminhoneiros, mostram a cara do brasileiro. \u201cEsse problema e essa falha n\u00e3o s\u00e3o de hoje, n\u00f3s costumamos colocar a culpa das nossas fragilidades nos outros\u201d, explica. \u201cFalamos dos corruptos do Congresso como se eles n\u00e3o tivessem vindo da mesma sociedade que n\u00f3s, mas e a\u00ed, o que estamos fazendo para mudar essa situa\u00e7\u00e3o? Onde estamos errando? Como podemos mudar essa situa\u00e7\u00e3o? Ser\u00e1 que as urnas v\u00e3o responder isso em outubro?.\u201d<\/p>\n<h3><strong>Igreja apoia caminhoneiros<\/strong><\/h3>\n<p>O engajamento da sociedade foi tanto que nem mesmo os caminhoneiros mais otimistas esperavam tanto apoio como receberam desde o dia em que come\u00e7aram a greve. Lideran\u00e7as religiosas e pessoas de diferentes comunidades levaram sua solidariedade aos profissionais que estavam realizando o protesto. Em S\u00e3o Bento do Sul, por exemplo, os padres das par\u00f3quias Nossa Senhora Aparecida e S\u00e3o Jos\u00e9 se uniram para celebrar uma missa para mais de 3 mil pessoas, em especial, caminhoneiros, no trevo do len\u00e7ol, no dia 26 de maio.<\/p>\n<p>J\u00e1 em Joinville, Dom Ezequiel, bispo da igreja Anglicana da cidade, n\u00e3o estava apenas apoiando os caminhoneiros, mas tamb\u00e9m os manifestantes que foram para a rua. \u201cN\u00f3s estamos aqui por um bem comum e como igreja n\u00e3o podemos silenciar, temos que aderir e ficar junto do povo.\u201d Mesmo o Brasil sendo um estado laico, ele acredita que a igreja tem que se impor em momentos como estes. Segundo ele, isso s\u00f3 funciona na constitui\u00e7\u00e3o, pois em \u00e9poca de elei\u00e7\u00e3o o corrupto oferece dinheiro para que a igreja fique de m\u00e3o dada com ele.<\/p>\n<p>O bispo tamb\u00e9m destaca que estar do lado da popula\u00e7\u00e3o n\u00e3o \u00e9 defender tudo que ela quer, como a interven\u00e7\u00e3o militar. \u201cAs pessoas desconhecem a hist\u00f3ria do Brasil no que diz respeito \u00e0 ditadura\u201d, acrescenta. Dom Ezequiel tamb\u00e9m afirma que os manifestantes que pedem pela volta dos militares acreditam que isso far\u00e1 a corrup\u00e7\u00e3o do pa\u00eds acabar, assim como a criminaliza\u00e7\u00e3o. \u201cNa \u00e9poca tamb\u00e9m tinha isso, s\u00f3 n\u00e3o era falado como hoje, porque era uma ditadura&#8221;.<\/p>\n<p><em>Reportagem: Let\u00edcia Demori e Mariana Costa<\/em><br \/>\n<em>Foto: Mariana Costa<\/em><br \/>\n<strong>Conte\u00fado original do Primeira Pauta Impresso, Edi\u00e7\u00e3o 139<\/strong><\/p>\n\n    <div class=\"xs_social_share_widget xs_share_url after_content \t\tmain_content  wslu-style-1 wslu-share-box-shaped wslu-fill-colored wslu-none wslu-share-horizontal wslu-theme-font-no wslu-main_content\">\n\n\t\t\n        <ul>\n\t\t\t        <\/ul>\n    <\/div> \n","protected":false},"excerpt":{"rendered":"<p>O fervoroso pedido para que as for\u00e7as armadas assumam o governo federal deixou vis\u00edvel a falta de conhecimento dos brasileiros acerca da Constitui\u00e7\u00e3o de 1988. A frase \u201cInterven\u00e7\u00e3o militar j\u00e1!\u201d circulou pelo pa\u00eds durante a greve dos caminhoneiros e trouxe diferentes vis\u00f5es sobre o per\u00edodo ditatorial que aconteceu entre 1964 e 1985. O primeiro protesto [&hellip;]<\/p>\n","protected":false},"author":3,"featured_media":2494,"comment_status":"open","ping_status":"open","sticky":false,"template":"","format":"standard","meta":{"footnotes":""},"categories":[332],"tags":[69,51,70,71,72],"_links":{"self":[{"href":"https:\/\/primeirapauta.ielusc.br\/index.php\/wp-json\/wp\/v2\/posts\/368"}],"collection":[{"href":"https:\/\/primeirapauta.ielusc.br\/index.php\/wp-json\/wp\/v2\/posts"}],"about":[{"href":"https:\/\/primeirapauta.ielusc.br\/index.php\/wp-json\/wp\/v2\/types\/post"}],"author":[{"embeddable":true,"href":"https:\/\/primeirapauta.ielusc.br\/index.php\/wp-json\/wp\/v2\/users\/3"}],"replies":[{"embeddable":true,"href":"https:\/\/primeirapauta.ielusc.br\/index.php\/wp-json\/wp\/v2\/comments?post=368"}],"version-history":[{"count":1,"href":"https:\/\/primeirapauta.ielusc.br\/index.php\/wp-json\/wp\/v2\/posts\/368\/revisions"}],"predecessor-version":[{"id":2495,"href":"https:\/\/primeirapauta.ielusc.br\/index.php\/wp-json\/wp\/v2\/posts\/368\/revisions\/2495"}],"wp:featuredmedia":[{"embeddable":true,"href":"https:\/\/primeirapauta.ielusc.br\/index.php\/wp-json\/wp\/v2\/media\/2494"}],"wp:attachment":[{"href":"https:\/\/primeirapauta.ielusc.br\/index.php\/wp-json\/wp\/v2\/media?parent=368"}],"wp:term":[{"taxonomy":"category","embeddable":true,"href":"https:\/\/primeirapauta.ielusc.br\/index.php\/wp-json\/wp\/v2\/categories?post=368"},{"taxonomy":"post_tag","embeddable":true,"href":"https:\/\/primeirapauta.ielusc.br\/index.php\/wp-json\/wp\/v2\/tags?post=368"}],"curies":[{"name":"wp","href":"https:\/\/api.w.org\/{rel}","templated":true}]}}