{"id":430,"date":"2018-06-07T21:59:44","date_gmt":"2018-06-08T00:59:44","guid":{"rendered":"http:\/\/primeirapauta.ielusc.br\/?p=430"},"modified":"2022-06-22T19:55:38","modified_gmt":"2022-06-22T22:55:38","slug":"profissoes-do-futuro-sao-influenciadas-pela-tecnologia","status":"publish","type":"post","link":"https:\/\/primeirapauta.ielusc.br\/index.php\/2018\/06\/07\/profissoes-do-futuro-sao-influenciadas-pela-tecnologia\/","title":{"rendered":"Profiss\u00f5es do futuro s\u00e3o influenciadas pela tecnologia"},"content":{"rendered":"\t\t<div data-elementor-type=\"wp-post\" data-elementor-id=\"430\" class=\"elementor elementor-430 elementor-bc-flex-widget\">\n\t\t\t\t\t\t<section class=\"elementor-section elementor-top-section elementor-element elementor-element-7156f68 elementor-section-boxed elementor-section-height-default elementor-section-height-default\" data-id=\"7156f68\" data-element_type=\"section\">\n\t\t\t\t\t\t<div class=\"elementor-container elementor-column-gap-default\">\n\t\t\t\t\t<div class=\"elementor-column elementor-col-100 elementor-top-column elementor-element elementor-element-17d9e08\" data-id=\"17d9e08\" data-element_type=\"column\">\n\t\t\t<div class=\"elementor-widget-wrap elementor-element-populated\">\n\t\t\t\t\t\t<div class=\"elementor-element elementor-element-a7668b9 elementor-widget elementor-widget-text-editor\" data-id=\"a7668b9\" data-element_type=\"widget\" data-settings=\"{&quot;ekit_we_effect_on&quot;:&quot;none&quot;}\" data-widget_type=\"text-editor.default\">\n\t\t\t\t<div class=\"elementor-widget-container\">\n\t\t\t<style>\/*! elementor - v3.21.0 - 26-05-2024 *\/\n.elementor-widget-text-editor.elementor-drop-cap-view-stacked .elementor-drop-cap{background-color:#69727d;color:#fff}.elementor-widget-text-editor.elementor-drop-cap-view-framed .elementor-drop-cap{color:#69727d;border:3px solid;background-color:transparent}.elementor-widget-text-editor:not(.elementor-drop-cap-view-default) .elementor-drop-cap{margin-top:8px}.elementor-widget-text-editor:not(.elementor-drop-cap-view-default) .elementor-drop-cap-letter{width:1em;height:1em}.elementor-widget-text-editor .elementor-drop-cap{float:left;text-align:center;line-height:1;font-size:50px}.elementor-widget-text-editor .elementor-drop-cap-letter{display:inline-block}<\/style>\t\t\t\t<p><span style=\"font-weight: 400;\">Houve um tempo em que alfaiate era uma profiss\u00e3o desejada. Precisava-se de anos de trabalho para ganhar prest\u00edgio. A tecnologia avan\u00e7a e o s\u00e9culo XXI \u00e9 considerado a potencializa\u00e7\u00e3o da <\/span><b>Revolu\u00e7\u00e3o Digital<\/b><span style=\"font-weight: 400;\">, enquanto a globaliza\u00e7\u00e3o aprofunda a economia e a informa\u00e7\u00e3o. Mas e no futuro? Quais as profiss\u00f5es que v\u00e3o ou n\u00e3o existir? Quais cursos ser\u00e3o necess\u00e1rios? \u00a0<\/span><\/p><p><span style=\"font-weight: 400;\">Confira no v\u00eddeo o que alunos do ensino m\u00e9dio est\u00e3o escolhendo para o seu futuro:<\/span><\/p>\t\t\t\t\t\t<\/div>\n\t\t\t\t<\/div>\n\t\t\t\t\t<\/div>\n\t\t<\/div>\n\t\t\t\t\t<\/div>\n\t\t<\/section>\n\t\t\t\t<section class=\"elementor-section elementor-top-section elementor-element elementor-element-5e9ffa8 elementor-section-boxed elementor-section-height-default elementor-section-height-default\" data-id=\"5e9ffa8\" data-element_type=\"section\">\n\t\t\t\t\t\t<div class=\"elementor-container elementor-column-gap-default\">\n\t\t\t\t\t<div class=\"elementor-column elementor-col-100 elementor-top-column elementor-element elementor-element-08e9246\" data-id=\"08e9246\" data-element_type=\"column\">\n\t\t\t<div class=\"elementor-widget-wrap elementor-element-populated\">\n\t\t\t\t\t\t<div class=\"elementor-element elementor-element-81b10b8 elementor-widget elementor-widget-video\" data-id=\"81b10b8\" data-element_type=\"widget\" data-settings=\"{&quot;youtube_url&quot;:&quot;https:\\\/\\\/youtu.be\\\/bI0EiRp5Ibk&quot;,&quot;video_type&quot;:&quot;youtube&quot;,&quot;controls&quot;:&quot;yes&quot;,&quot;ekit_we_effect_on&quot;:&quot;none&quot;}\" data-widget_type=\"video.default\">\n\t\t\t\t<div class=\"elementor-widget-container\">\n\t\t\t<style>\/*! elementor - v3.21.0 - 26-05-2024 *\/\n.elementor-widget-video .elementor-widget-container{overflow:hidden;transform:translateZ(0)}.elementor-widget-video .elementor-wrapper{aspect-ratio:var(--video-aspect-ratio)}.elementor-widget-video .elementor-wrapper iframe,.elementor-widget-video .elementor-wrapper video{height:100%;width:100%;display:flex;border:none;background-color:#000}@supports not (aspect-ratio:1\/1){.elementor-widget-video .elementor-wrapper{position:relative;overflow:hidden;height:0;padding-bottom:calc(100% \/ var(--video-aspect-ratio))}.elementor-widget-video .elementor-wrapper iframe,.elementor-widget-video .elementor-wrapper video{position:absolute;top:0;right:0;bottom:0;left:0}}.elementor-widget-video .elementor-open-inline .elementor-custom-embed-image-overlay{position:absolute;top:0;right:0;bottom:0;left:0;background-size:cover;background-position:50%}.elementor-widget-video .elementor-custom-embed-image-overlay{cursor:pointer;text-align:center}.elementor-widget-video .elementor-custom-embed-image-overlay:hover .elementor-custom-embed-play i{opacity:1}.elementor-widget-video .elementor-custom-embed-image-overlay img{display:block;width:100%;aspect-ratio:var(--video-aspect-ratio);-o-object-fit:cover;object-fit:cover;-o-object-position:center center;object-position:center center}@supports not (aspect-ratio:1\/1){.elementor-widget-video .elementor-custom-embed-image-overlay{position:relative;overflow:hidden;height:0;padding-bottom:calc(100% \/ var(--video-aspect-ratio))}.elementor-widget-video .elementor-custom-embed-image-overlay img{position:absolute;top:0;right:0;bottom:0;left:0}}.elementor-widget-video .e-hosted-video .elementor-video{-o-object-fit:cover;object-fit:cover}.e-con-inner>.elementor-widget-video,.e-con>.elementor-widget-video{width:var(--container-widget-width);--flex-grow:var(--container-widget-flex-grow)}<\/style>\t\t<div class=\"elementor-wrapper elementor-open-inline\">\n\t\t\t<div class=\"elementor-video\"><\/div>\t\t<\/div>\n\t\t\t\t<\/div>\n\t\t\t\t<\/div>\n\t\t\t\t\t<\/div>\n\t\t<\/div>\n\t\t\t\t\t<\/div>\n\t\t<\/section>\n\t\t\t\t<section class=\"elementor-section elementor-top-section elementor-element elementor-element-11d56ec elementor-section-boxed elementor-section-height-default elementor-section-height-default\" data-id=\"11d56ec\" data-element_type=\"section\">\n\t\t\t\t\t\t<div class=\"elementor-container elementor-column-gap-default\">\n\t\t\t\t\t<div class=\"elementor-column elementor-col-100 elementor-top-column elementor-element elementor-element-91e5b6d\" data-id=\"91e5b6d\" data-element_type=\"column\">\n\t\t\t<div class=\"elementor-widget-wrap elementor-element-populated\">\n\t\t\t\t\t\t<div class=\"elementor-element elementor-element-f73dae6 elementor-widget elementor-widget-text-editor\" data-id=\"f73dae6\" data-element_type=\"widget\" data-settings=\"{&quot;ekit_we_effect_on&quot;:&quot;none&quot;}\" data-widget_type=\"text-editor.default\">\n\t\t\t\t<div class=\"elementor-widget-container\">\n\t\t\t\t\t\t\t<p><span style=\"font-weight: 400;\">Pensando nisso, a ONG Projeto Resgate desenvolve, neste ano, uma iniciativa voltada \u00e0 reflex\u00e3o dessas quest\u00f5es. O <\/span><b>Think Tank 2018<\/b><span style=\"font-weight: 400;\"> auxilia os alunos a pensarem nas profiss\u00f5es de 2030. \u201cO grande desafio \u00e9 sair do modelo tecnicista de que as pessoas precisam aprender blocos de conte\u00fado para desenvolver habilidades e compet\u00eancias\u201d, afirma o presidente da organiza\u00e7\u00e3o, M\u00e1rio Sant\u2019Ana. <\/span><\/p>\t\t\t\t\t\t<\/div>\n\t\t\t\t<\/div>\n\t\t\t\t\t<\/div>\n\t\t<\/div>\n\t\t\t\t\t<\/div>\n\t\t<\/section>\n\t\t\t\t<section class=\"elementor-section elementor-top-section elementor-element elementor-element-89ef9e9 elementor-section-boxed elementor-section-height-default elementor-section-height-default\" data-id=\"89ef9e9\" data-element_type=\"section\">\n\t\t\t\t\t\t<div class=\"elementor-container elementor-column-gap-default\">\n\t\t\t\t\t<div class=\"elementor-column elementor-col-100 elementor-top-column elementor-element elementor-element-b645d3d\" data-id=\"b645d3d\" data-element_type=\"column\">\n\t\t\t<div class=\"elementor-widget-wrap elementor-element-populated\">\n\t\t\t\t\t\t<div class=\"elementor-element elementor-element-a8e8d40 elementor-widget elementor-widget-image\" data-id=\"a8e8d40\" data-element_type=\"widget\" data-settings=\"{&quot;ekit_we_effect_on&quot;:&quot;none&quot;}\" data-widget_type=\"image.default\">\n\t\t\t\t<div class=\"elementor-widget-container\">\n\t\t\t<style>\/*! elementor - v3.21.0 - 26-05-2024 *\/\n.elementor-widget-image{text-align:center}.elementor-widget-image a{display:inline-block}.elementor-widget-image a img[src$=\".svg\"]{width:48px}.elementor-widget-image img{vertical-align:middle;display:inline-block}<\/style>\t\t\t\t\t\t\t<figure class=\"wp-caption\">\n\t\t\t\t\t\t\t\t\t\t<img decoding=\"async\" src=\"http:\/\/primeirapauta.ielusc.br\/wp-content\/uploads\/2018\/06\/Foto-Projeto-Resgate.jpg\" title=\"\" alt=\"\" loading=\"lazy\" \/>\t\t\t\t\t\t\t\t\t\t\t<figcaption class=\"widget-image-caption wp-caption-text\">Alunos e mentores debatem profiss\u00f5es do futuro durante primeira reuni\u00e3o do Projeto Resgate em 2018.<\/figcaption>\n\t\t\t\t\t\t\t\t\t\t<\/figure>\n\t\t\t\t\t\t\t<\/div>\n\t\t\t\t<\/div>\n\t\t\t\t\t<\/div>\n\t\t<\/div>\n\t\t\t\t\t<\/div>\n\t\t<\/section>\n\t\t\t\t<section class=\"elementor-section elementor-top-section elementor-element elementor-element-71b897e elementor-section-boxed elementor-section-height-default elementor-section-height-default\" data-id=\"71b897e\" data-element_type=\"section\">\n\t\t\t\t\t\t<div class=\"elementor-container elementor-column-gap-default\">\n\t\t\t\t\t<div class=\"elementor-column elementor-col-100 elementor-top-column elementor-element elementor-element-c00eab4\" data-id=\"c00eab4\" data-element_type=\"column\">\n\t\t\t<div class=\"elementor-widget-wrap elementor-element-populated\">\n\t\t\t\t\t\t<div class=\"elementor-element elementor-element-4918eb1 elementor-widget elementor-widget-text-editor\" data-id=\"4918eb1\" data-element_type=\"widget\" data-settings=\"{&quot;ekit_we_effect_on&quot;:&quot;none&quot;}\" data-widget_type=\"text-editor.default\">\n\t\t\t\t<div class=\"elementor-widget-container\">\n\t\t\t\t\t\t\t<p><span style=\"font-weight: 400;\">Para M\u00e1rio, os meios estar\u00e3o diferentes e os servi\u00e7os mudar\u00e3o em 2030. \u201cN\u00f3s, do Projeto Resgate, enxergamos as necessidades humanas e queremos reduzir os contrastes socioecon\u00f4micos\u201d, explica. O presidente afirma que n\u00e3o faz sentido um ser humano fazer o servi\u00e7o que uma m\u00e1quina pode realizar. Por isso, essa pessoa precisa se reinventar e encontrar uma profiss\u00e3o que fa\u00e7a diferen\u00e7a na sociedade.<\/span><\/p>\t\t\t\t\t\t<\/div>\n\t\t\t\t<\/div>\n\t\t\t\t\t<\/div>\n\t\t<\/div>\n\t\t\t\t\t<\/div>\n\t\t<\/section>\n\t\t\t\t<section class=\"elementor-section elementor-top-section elementor-element elementor-element-60e820f elementor-section-boxed elementor-section-height-default elementor-section-height-default\" data-id=\"60e820f\" data-element_type=\"section\">\n\t\t\t\t\t\t<div class=\"elementor-container elementor-column-gap-default\">\n\t\t\t\t\t<div class=\"elementor-column elementor-col-66 elementor-top-column elementor-element elementor-element-82af285\" data-id=\"82af285\" data-element_type=\"column\">\n\t\t\t<div class=\"elementor-widget-wrap elementor-element-populated\">\n\t\t\t\t\t\t<div class=\"elementor-element elementor-element-f4fcf80 elementor-widget elementor-widget-text-editor\" data-id=\"f4fcf80\" data-element_type=\"widget\" data-settings=\"{&quot;ekit_we_effect_on&quot;:&quot;none&quot;}\" data-widget_type=\"text-editor.default\">\n\t\t\t\t<div class=\"elementor-widget-container\">\n\t\t\t\t\t\t\t<p>A economista Anemarie Dalchau acredita que a tecnologia \u00e9 o fator de produ\u00e7\u00e3o mais importante desde o s\u00e9culo XX para melhorar a produtividade e competitividade da economia global. \u201cN\u00e3o h\u00e1 como negar que causa desemprego, principalmente entre as pessoas com baixo n\u00edvel t\u00e9cnico ou de educa\u00e7\u00e3o. Mas olhando por outro \u00e2ngulo, tamb\u00e9m traz novas oportunidades\u201d, defende.<\/p><p><span style=\"font-weight: 400;\">Dados do relat\u00f3rio de avalia\u00e7\u00e3o de educa\u00e7\u00e3o 2015\/2017 e do Instituto Nacional de Estudos e Pesquisas Educacionais An\u00edsio Teixeira (Inep) mostram a situa\u00e7\u00e3o da procura pelo ensino superior em Joinville e no pa\u00eds.<\/span><\/p>\t\t\t\t\t\t<\/div>\n\t\t\t\t<\/div>\n\t\t\t\t\t<\/div>\n\t\t<\/div>\n\t\t\t\t<div class=\"elementor-column elementor-col-33 elementor-top-column elementor-element elementor-element-645457e\" data-id=\"645457e\" data-element_type=\"column\">\n\t\t\t<div class=\"elementor-widget-wrap elementor-element-populated\">\n\t\t\t\t\t\t<div class=\"elementor-element elementor-element-f3d90c1 elementor-widget elementor-widget-image\" data-id=\"f3d90c1\" data-element_type=\"widget\" data-settings=\"{&quot;ekit_we_effect_on&quot;:&quot;none&quot;}\" data-widget_type=\"image.default\">\n\t\t\t\t<div class=\"elementor-widget-container\">\n\t\t\t\t\t\t\t\t\t\t\t\t\t<img decoding=\"async\" src=\"http:\/\/primeirapauta.ielusc.br\/wp-content\/uploads\/2018\/06\/cita\u00e7\u00e3o-anemarie-tecnologia-profiss\u00f5es.png\" title=\"\" alt=\"\" loading=\"lazy\" \/>\t\t\t\t\t\t\t\t\t\t\t\t\t<\/div>\n\t\t\t\t<\/div>\n\t\t\t\t\t<\/div>\n\t\t<\/div>\n\t\t\t\t\t<\/div>\n\t\t<\/section>\n\t\t\t\t<section class=\"elementor-section elementor-top-section elementor-element elementor-element-115f72a elementor-section-boxed elementor-section-height-default elementor-section-height-default\" data-id=\"115f72a\" data-element_type=\"section\">\n\t\t\t\t\t\t<div class=\"elementor-container elementor-column-gap-default\">\n\t\t\t\t\t<div class=\"elementor-column elementor-col-100 elementor-top-column elementor-element elementor-element-ac27a28\" data-id=\"ac27a28\" data-element_type=\"column\">\n\t\t\t<div class=\"elementor-widget-wrap elementor-element-populated\">\n\t\t\t\t\t\t<div class=\"elementor-element elementor-element-f8dd8f1 elementor-widget elementor-widget-html\" data-id=\"f8dd8f1\" data-element_type=\"widget\" data-settings=\"{&quot;ekit_we_effect_on&quot;:&quot;none&quot;}\" data-widget_type=\"html.default\">\n\t\t\t\t<div class=\"elementor-widget-container\">\n\t\t\t<div class=\"infogram-embed\" data-id=\"95e611d2-4259-428c-8c0e-153ff63d4cdc\" data-type=\"interactive\" data-title=\"Ensino superior - dados\"><\/div><script>!function(e,t,n,s){var i=\"InfogramEmbeds\",o=e.getElementsByTagName(t)[0],d=\/^http:\/.test(e.location)?\"http:\":\"https:\";if(\/^\\\/{2}\/.test(s)&&(s=d+s),window[i]&&window[i].initialized)window[i].process&&window[i].process();else if(!e.getElementById(n)){var a=e.createElement(t);a.async=1,a.id=n,a.src=s,o.parentNode.insertBefore(a,o)}}(document,\"script\",\"infogram-async\",\"https:\/\/e.infogram.com\/js\/dist\/embed-loader-min.js\");<\/script><div style=\"padding:8px 0;font-family:Arial!important;font-size:13px!important;line-height:15px!important;text-align:center;border-top:1px solid #dadada;margin:0 30px\"><a href=\"https:\/\/infogram.com\/95e611d2-4259-428c-8c0e-153ff63d4cdc\" style=\"color:#989898!important;text-decoration:none!important;\" target=\"_blank\">Ensino superior - dados<\/a><br><a href=\"https:\/\/infogram.com\" style=\"color:#989898!important;text-decoration:none!important;\" target=\"_blank\" rel=\"nofollow\">Infogram<\/a><\/div>\t\t<\/div>\n\t\t\t\t<\/div>\n\t\t\t\t\t<\/div>\n\t\t<\/div>\n\t\t\t\t\t<\/div>\n\t\t<\/section>\n\t\t\t\t<section class=\"elementor-section elementor-top-section elementor-element elementor-element-33eb148 elementor-section-boxed elementor-section-height-default elementor-section-height-default\" data-id=\"33eb148\" data-element_type=\"section\">\n\t\t\t\t\t\t<div class=\"elementor-container elementor-column-gap-default\">\n\t\t\t\t\t<div class=\"elementor-column elementor-col-100 elementor-top-column elementor-element elementor-element-3599f6d\" data-id=\"3599f6d\" data-element_type=\"column\">\n\t\t\t<div class=\"elementor-widget-wrap elementor-element-populated\">\n\t\t\t\t\t\t<div class=\"elementor-element elementor-element-2b221b8 elementor-widget elementor-widget-text-editor\" data-id=\"2b221b8\" data-element_type=\"widget\" data-settings=\"{&quot;ekit_we_effect_on&quot;:&quot;none&quot;}\" data-widget_type=\"text-editor.default\">\n\t\t\t\t<div class=\"elementor-widget-container\">\n\t\t\t\t\t\t\t<p><span style=\"font-weight: 400;\">Um <\/span><a href=\"https:\/\/www.futuristspeaker.com\/business\/20-common-jobs-in-2040\/\"><span style=\"font-weight: 400;\">artigo<\/span><\/a><span style=\"font-weight: 400;\"> publicado pelo futurista s\u00eanior do Instituto DaVinci, Thomas Frey, afirma que a curto e m\u00e9dio prazo, o principal efeito da automa\u00e7\u00e3o n\u00e3o ser\u00e1 necessariamente eliminar os empregos, mas redefini-los.<\/span><\/p><p><span style=\"font-weight: 400;\">A economista Anemarie lembra que m\u00e1quinas podem substituir algumas atividades, mas que sempre haver\u00e1 um profissional para oper\u00e1-las. \u201cEstudar, pesquisar e conhecer s\u00e3o din\u00e2micas que n\u00e3o podem parar simplesmente ap\u00f3s uma formatura. \u00c9 talvez a oportunidade para buscar novos desafios.\u201d<\/span><span style=\"font-weight: 400;\">Para o soci\u00f3logo Belini Meurer, n\u00e3o h\u00e1 como iniciar uma onda de demiss\u00f5es para automatizar as produ\u00e7\u00f5es. \u201cO capitalismo precisa que haja pessoas trabalhando e recebendo para poder consumir os produtos que esse mesmo capitalismo produz\u201d, afirma.<\/span><\/p>\t\t\t\t\t\t<\/div>\n\t\t\t\t<\/div>\n\t\t\t\t\t<\/div>\n\t\t<\/div>\n\t\t\t\t\t<\/div>\n\t\t<\/section>\n\t\t\t\t<section class=\"elementor-section elementor-top-section elementor-element elementor-element-e3f5a48 elementor-section-boxed elementor-section-height-default elementor-section-height-default\" data-id=\"e3f5a48\" data-element_type=\"section\">\n\t\t\t\t\t\t<div class=\"elementor-container elementor-column-gap-default\">\n\t\t\t\t\t<div class=\"elementor-column elementor-col-100 elementor-top-column elementor-element elementor-element-ea215cc\" data-id=\"ea215cc\" data-element_type=\"column\">\n\t\t\t<div class=\"elementor-widget-wrap elementor-element-populated\">\n\t\t\t\t\t\t<div class=\"elementor-element elementor-element-bd26877 elementor-widget elementor-widget-audio\" data-id=\"bd26877\" data-element_type=\"widget\" data-settings=\"{&quot;ekit_we_effect_on&quot;:&quot;none&quot;}\" data-widget_type=\"audio.default\">\n\t\t\t\t<div class=\"elementor-widget-container\">\n\t\t\t\t\t\t<div class=\"elementor-soundcloud-wrapper\">\n\t\t\t\t<iframe width=\"800\" height=\"200\" frameborder=\"no\" src=\"https:\/\/w.soundcloud.com\/player\/?visual=false&#038;url=https%3A%2F%2Fapi.soundcloud.com%2Ftracks%2F455365881&#038;show_artwork=true&#038;maxheight=1000&#038;maxwidth=800&#038;auto_play=false&#038;buying=true&#038;liking=true&#038;download=true&#038;sharing=true&#038;show_comments=true&#038;show_playcount=true&#038;show_user=true&#038;color\"><\/iframe>\t\t\t<\/div>\n\t\t\t\t\t<\/div>\n\t\t\t\t<\/div>\n\t\t\t\t\t<\/div>\n\t\t<\/div>\n\t\t\t\t\t<\/div>\n\t\t<\/section>\n\t\t\t\t<section class=\"elementor-section elementor-top-section elementor-element elementor-element-9084b8f elementor-section-boxed elementor-section-height-default elementor-section-height-default\" data-id=\"9084b8f\" data-element_type=\"section\">\n\t\t\t\t\t\t<div class=\"elementor-container elementor-column-gap-default\">\n\t\t\t\t\t<div class=\"elementor-column elementor-col-100 elementor-top-column elementor-element elementor-element-324cf18\" data-id=\"324cf18\" data-element_type=\"column\">\n\t\t\t<div class=\"elementor-widget-wrap elementor-element-populated\">\n\t\t\t\t\t\t<div class=\"elementor-element elementor-element-db504ad elementor-widget elementor-widget-text-editor\" data-id=\"db504ad\" data-element_type=\"widget\" data-settings=\"{&quot;ekit_we_effect_on&quot;:&quot;none&quot;}\" data-widget_type=\"text-editor.default\">\n\t\t\t\t<div class=\"elementor-widget-container\">\n\t\t\t\t\t\t\t<p><span style=\"font-weight: 400;\">O caminho para uma empresa alcan\u00e7ar melhor produtividade e competitividade depende tanto de m\u00e1quinas quanto de pessoas qualificadas. \u201cHaver\u00e1, cada vez mais, profiss\u00f5es que aliam tecnologia e m\u00e3o de obra. Por exemplo, a telemedicina que atua com diagn\u00f3sticos e tratamentos de alta precis\u00e3o\u201d, explica Anemarie. <\/span><\/p>\t\t\t\t\t\t<\/div>\n\t\t\t\t<\/div>\n\t\t\t\t\t<\/div>\n\t\t<\/div>\n\t\t\t\t\t<\/div>\n\t\t<\/section>\n\t\t\t\t<section class=\"elementor-section elementor-top-section elementor-element elementor-element-357f371 elementor-section-boxed elementor-section-height-default elementor-section-height-default\" data-id=\"357f371\" data-element_type=\"section\">\n\t\t\t\t\t\t<div class=\"elementor-container elementor-column-gap-default\">\n\t\t\t\t\t<div class=\"elementor-column elementor-col-100 elementor-top-column elementor-element elementor-element-e650368\" data-id=\"e650368\" data-element_type=\"column\">\n\t\t\t<div class=\"elementor-widget-wrap elementor-element-populated\">\n\t\t\t\t\t\t<div class=\"elementor-element elementor-element-c251865 elementor-widget elementor-widget-heading\" data-id=\"c251865\" data-element_type=\"widget\" data-settings=\"{&quot;ekit_we_effect_on&quot;:&quot;none&quot;}\" data-widget_type=\"heading.default\">\n\t\t\t\t<div class=\"elementor-widget-container\">\n\t\t\t<style>\/*! elementor - v3.21.0 - 26-05-2024 *\/\n.elementor-heading-title{padding:0;margin:0;line-height:1}.elementor-widget-heading .elementor-heading-title[class*=elementor-size-]>a{color:inherit;font-size:inherit;line-height:inherit}.elementor-widget-heading .elementor-heading-title.elementor-size-small{font-size:15px}.elementor-widget-heading .elementor-heading-title.elementor-size-medium{font-size:19px}.elementor-widget-heading .elementor-heading-title.elementor-size-large{font-size:29px}.elementor-widget-heading .elementor-heading-title.elementor-size-xl{font-size:39px}.elementor-widget-heading .elementor-heading-title.elementor-size-xxl{font-size:59px}<\/style><h2 class=\"elementor-heading-title elementor-size-default\"><span style=\"font-weight:normal;\" id=\"docs-internal-guid-175da829-dcd1-f585-4fc5-80f4a4996fe5\"><span style=\"font-size: 12pt; font-family: Arial; color: rgb(0, 0, 0); background-color: transparent; font-weight: 700; font-variant-numeric: normal; font-variant-east-asian: normal; vertical-align: baseline;\">As profiss\u00f5es que existem hoje nem sempre existiram. E as do futuro, quais ser\u00e3o?<\/span><\/span><\/h2>\t\t<\/div>\n\t\t\t\t<\/div>\n\t\t\t\t\t<\/div>\n\t\t<\/div>\n\t\t\t\t\t<\/div>\n\t\t<\/section>\n\t\t\t\t<section class=\"elementor-section elementor-top-section elementor-element elementor-element-8434b1c elementor-section-boxed elementor-section-height-default elementor-section-height-default\" data-id=\"8434b1c\" data-element_type=\"section\">\n\t\t\t\t\t\t<div class=\"elementor-container elementor-column-gap-default\">\n\t\t\t\t\t<div class=\"elementor-column elementor-col-100 elementor-top-column elementor-element elementor-element-845a25c\" data-id=\"845a25c\" data-element_type=\"column\">\n\t\t\t<div class=\"elementor-widget-wrap elementor-element-populated\">\n\t\t\t\t\t\t<div class=\"elementor-element elementor-element-110557d elementor-widget elementor-widget-text-editor\" data-id=\"110557d\" data-element_type=\"widget\" data-settings=\"{&quot;ekit_we_effect_on&quot;:&quot;none&quot;}\" data-widget_type=\"text-editor.default\">\n\t\t\t\t<div class=\"elementor-widget-container\">\n\t\t\t\t\t\t\t<p><span style=\"font-weight: 400;\">Atualmente, a profiss\u00e3o de sapateiro est\u00e1 desaparecendo. Quando se tem um sapato e ele estraga, \u00e9 de senso comum livrar-se do cal\u00e7ado e comprar um novo na loja mais pr\u00f3xima.<\/span><\/p><p><span style=\"font-weight: 400;\">\u00a0<\/span><\/p><p><span style=\"font-weight: 400;\">Veja a lista de poss\u00edveis futuras profiss\u00f5es, criada por Thomas Frey e republicadas no site <\/span><a href=\"https:\/\/www.vagas.com.br\/profissoes\/acontece\/no-mercado\/6-profissoes-do-futuro-que-logo-devem-estar-em-alta\/\"><span style=\"font-weight: 400;\">Vagas.com<\/span><\/a><span style=\"font-weight: 400;\">:<\/span><\/p><p><span style=\"font-weight: 400;\">\u00a0<\/span><\/p><p><span style=\"font-weight: 400;\">1 &#8211; <\/span><b>Log\u00edstica avan\u00e7ada:<\/b><span style=\"font-weight: 400;\"> pessoas que ir\u00e3o controlar o estoque e o envio de mercadorias passar\u00e3o a trabalhar com drones e ve\u00edculos sem condutor. Incr\u00edvel, n\u00e3o?<\/span><\/p><p><span style=\"font-weight: 400;\">2 &#8211; <\/span><b>Hacker \u201cdo bem\u201d:<\/b><span style=\"font-weight: 400;\"> Essas pessoas poder\u00e3o trabalhar com empresas privadas. Tamb\u00e9m existem especula\u00e7\u00f5es que haver\u00e1 um diploma de \u201cHacker \u00c9tico Certificado.\u201d <\/span><\/p><p><span style=\"font-weight: 400;\">3 &#8211; <\/span><b>Estat\u00edstico:<\/b><span style=\"font-weight: 400;\"> Aqui o neg\u00f3cio ser\u00e1 o de prever os riscos. Um exemplo de trabalho para os estat\u00edsticos pode ser na medicina, onde o sucesso de uma a\u00e7\u00e3o pode depender das estat\u00edsticas.<\/span><\/p><p><span style=\"font-weight: 400;\">4 &#8211; <\/span><b>Epidemiologista:<\/b><span style=\"font-weight: 400;\"> Os especialistas em epidemias v\u00e3o ficar mais requisitados daqui alguns anos. A causa \u00e9 boa: ajudar a sociedade driblar os poss\u00edveis v\u00edrus.<\/span><\/p><p><span style=\"font-weight: 400;\">5 &#8211; <\/span><b>Engenheiro front-end: <\/b><span style=\"font-weight: 400;\">Esse \u00e9 o famoso desenvolvedor da internet. Se o mundo tecnol\u00f3gico se desenvolve a cada dia, parece \u00f3bvio que as empresas que n\u00e3o manterem uma boa rela\u00e7\u00e3o com o mundo digital n\u00e3o tenham um futuro muito duradouro.<\/span><\/p><p><span style=\"font-weight: 400;\">6 &#8211; <\/span><b>Qu\u00edmico alimentar: <\/b><span style=\"font-weight: 400;\">Os empregados dessa \u00e1rea ser\u00e3o respons\u00e1veis pela comida do futuro, com muitas dietas saud\u00e1veis e novidades gastron\u00f4micas!<\/span><\/p>\t\t\t\t\t\t<\/div>\n\t\t\t\t<\/div>\n\t\t\t\t\t<\/div>\n\t\t<\/div>\n\t\t\t\t\t<\/div>\n\t\t<\/section>\n\t\t\t\t<section class=\"elementor-section elementor-top-section elementor-element elementor-element-6534bdb elementor-section-boxed elementor-section-height-default elementor-section-height-default\" data-id=\"6534bdb\" data-element_type=\"section\">\n\t\t\t\t\t\t<div class=\"elementor-container elementor-column-gap-default\">\n\t\t\t\t\t<div class=\"elementor-column elementor-col-100 elementor-top-column elementor-element elementor-element-f672fe2\" data-id=\"f672fe2\" data-element_type=\"column\">\n\t\t\t<div class=\"elementor-widget-wrap elementor-element-populated\">\n\t\t\t\t\t\t<div class=\"elementor-element elementor-element-faf5e52 elementor-widget elementor-widget-text-editor\" data-id=\"faf5e52\" data-element_type=\"widget\" data-settings=\"{&quot;ekit_we_effect_on&quot;:&quot;none&quot;}\" data-widget_type=\"text-editor.default\">\n\t\t\t\t<div class=\"elementor-widget-container\">\n\t\t\t\t\t\t\t<p><em>Reportagem: Liandra Tank e Mariana Costa<\/em><br \/><em>Infogr\u00e1fico: Liandra Tank<\/em><br \/><em>Foto: Mariana Costa<\/em><br \/><strong>Conte\u00fado produzido para o Primeira Pauta Digital | Disciplina Jornalismo Digital, 5\u00aa Fase\/2018<\/strong><\/p>\t\t\t\t\t\t<\/div>\n\t\t\t\t<\/div>\n\t\t\t\t\t<\/div>\n\t\t<\/div>\n\t\t\t\t\t<\/div>\n\t\t<\/section>\n\t\t\t\t<\/div>\n\t\t\n    <div class=\"xs_social_share_widget xs_share_url after_content \t\tmain_content  wslu-style-1 wslu-share-box-shaped wslu-fill-colored wslu-none wslu-share-horizontal wslu-theme-font-no wslu-main_content\">\n\n\t\t\n        <ul>\n\t\t\t        <\/ul>\n    <\/div> \n","protected":false},"excerpt":{"rendered":"<p>Houve um tempo em que alfaiate era uma profiss\u00e3o desejada. Precisava-se de anos de trabalho para ganhar prest\u00edgio. A tecnologia avan\u00e7a e o s\u00e9culo XXI \u00e9 considerado a potencializa\u00e7\u00e3o da Revolu\u00e7\u00e3o Digital, enquanto a globaliza\u00e7\u00e3o aprofunda a economia e a informa\u00e7\u00e3o. Mas e no futuro? Quais as profiss\u00f5es que v\u00e3o ou n\u00e3o existir? Quais cursos [&hellip;]<\/p>\n","protected":false},"author":3,"featured_media":2699,"comment_status":"open","ping_status":"open","sticky":false,"template":"","format":"standard","meta":{"footnotes":""},"categories":[327],"tags":[79,80,37],"_links":{"self":[{"href":"https:\/\/primeirapauta.ielusc.br\/index.php\/wp-json\/wp\/v2\/posts\/430"}],"collection":[{"href":"https:\/\/primeirapauta.ielusc.br\/index.php\/wp-json\/wp\/v2\/posts"}],"about":[{"href":"https:\/\/primeirapauta.ielusc.br\/index.php\/wp-json\/wp\/v2\/types\/post"}],"author":[{"embeddable":true,"href":"https:\/\/primeirapauta.ielusc.br\/index.php\/wp-json\/wp\/v2\/users\/3"}],"replies":[{"embeddable":true,"href":"https:\/\/primeirapauta.ielusc.br\/index.php\/wp-json\/wp\/v2\/comments?post=430"}],"version-history":[{"count":1,"href":"https:\/\/primeirapauta.ielusc.br\/index.php\/wp-json\/wp\/v2\/posts\/430\/revisions"}],"predecessor-version":[{"id":2700,"href":"https:\/\/primeirapauta.ielusc.br\/index.php\/wp-json\/wp\/v2\/posts\/430\/revisions\/2700"}],"wp:featuredmedia":[{"embeddable":true,"href":"https:\/\/primeirapauta.ielusc.br\/index.php\/wp-json\/wp\/v2\/media\/2699"}],"wp:attachment":[{"href":"https:\/\/primeirapauta.ielusc.br\/index.php\/wp-json\/wp\/v2\/media?parent=430"}],"wp:term":[{"taxonomy":"category","embeddable":true,"href":"https:\/\/primeirapauta.ielusc.br\/index.php\/wp-json\/wp\/v2\/categories?post=430"},{"taxonomy":"post_tag","embeddable":true,"href":"https:\/\/primeirapauta.ielusc.br\/index.php\/wp-json\/wp\/v2\/tags?post=430"}],"curies":[{"name":"wp","href":"https:\/\/api.w.org\/{rel}","templated":true}]}}