{"id":509,"date":"2018-06-11T21:13:43","date_gmt":"2018-06-12T00:13:43","guid":{"rendered":"http:\/\/primeirapauta.ielusc.br\/?p=509"},"modified":"2025-07-04T19:53:27","modified_gmt":"2025-07-04T22:53:27","slug":"meme-recurso-que-une-piada-e-informacao","status":"publish","type":"post","link":"https:\/\/primeirapauta.ielusc.br\/index.php\/2018\/06\/11\/meme-recurso-que-une-piada-e-informacao\/","title":{"rendered":"Meme: recurso que une piada e informa\u00e7\u00e3o"},"content":{"rendered":"<h3><em>Recurso amplamente utilizado nas redes sociais \u00e9 alvo de estudos e ainda serve de conte\u00fado para jornais<\/em><\/h3>\n<p>Se tem um fen\u00f4meno presente na vida da maioria dos brasileiros, \u00e9 a internet. Junto dela est\u00e3o as redes sociais, que s\u00e3o abastecidas com <strong> memes <\/strong>. \u00c9 s\u00f3 abrir o <em>feed<\/em> do <em>Facebook<\/em>, <em>Twitter<\/em> e at\u00e9 mesmo o <em>Instagram<\/em> que esse tipo de conte\u00fado surge nas telas dos computadores e celulares. Mas voc\u00ea sabe o que \u00e9 um meme?<\/p>\n<p><img fetchpriority=\"high\" decoding=\"async\" class=\"alignnone wp-image-517 size-full\" src=\"http:\/\/primeirapauta.ielusc.br\/wp-content\/uploads\/2018\/06\/O-que-\u00e9-um-meme.png\" alt=\"\" width=\"1080\" height=\"1080\"><\/p>\n<p>Segundo o artigo <strong> &#8220;<a href=\"http:\/\/www.abciber.org.br\/simposio2014\/anais\/GTs\/alessandra_maia_37.pdf\">Consumo de Memes: Imagens T\u00e9cnicas, Criatividade e Viraliza\u00e7\u00e3o<\/a>&#8220;, <\/strong> da doutoranda Alessandra Maia e mestranda Pollyana Escalante, de Tecnologias da Comunica\u00e7\u00e3o e Cultura da Universidade do Estado do Rio de Janeiro, um meme hoje pode ser definido como:<\/p>\n<blockquote><p>1 &#8211; Propaga\u00e7\u00e3o, repeti\u00e7\u00e3o, imita\u00e7\u00e3o, muta\u00e7\u00e3o, performance e viraliza\u00e7\u00e3o.<br \/>\nMas o termo n\u00e3o \u00e9 t\u00e3o recente quanto parece\u2026<br \/>\n2 &#8211; Em 1976, Richard Dawkins lan\u00e7a o seu livro \u201cThe Selfish Gene\u201d, onde desenvolve a sua teoria sobre os memes.<br \/>\n3 &#8211; Dawkins \u00e9 um bi\u00f3logo brit\u00e2nico que define um meme como parte da mem\u00f3ria, uma esp\u00e9cie de fragmentos culturais capaz de se replicar rapidamente.<br \/>\n4 &#8211; Segundo ele, o sucesso e viraliza\u00e7\u00e3o de um meme depende de sua adapta\u00e7\u00e3o ao ambiente sociocultural no qual ele surge ou se propaga.<br \/>\nUm meme normalmente \u00e9 composto por:<br \/>\n5 &#8211; Fotos ou prints de: celebridades, pessoas an\u00f4nimas, personagens de anima\u00e7\u00e3o, entre outros. Alguns v\u00eam acompanhados de texto, que d\u00e3o um tom c\u00f4mico \u00e0 imagem.<\/p><\/blockquote>\n<p>Na era digital, os memes n\u00e3o est\u00e3o restritos a pe\u00e7as isoladas e sim ao contexto coletivo no qual as mensagens s\u00e3o criadas e recriadas. De acordo com o jornalista e mestre em jornalismo Ricardo S\u00e9kula, o entendimento dos memes depende da quantidade de informa\u00e7\u00f5es do p\u00fablico sobre o tema e o quanto ele consegue \u201cler&#8221; os s\u00edmbolos da mensagem.<\/p>\n<p>S\u00e9kula \u00e9 de Recife e <a href=\"http:\/\/rikes86.wixsite.com\/memesdebates2014\/segundo-turno\">estudou<\/a> os memes como um exerc\u00edcio de contrapoder a discursos pol\u00edtico-midi\u00e1ticos nas <strong> elei\u00e7\u00f5es presidenciais de 2014. <\/strong> Para ele, o ponto central desse tipo de conte\u00fado est\u00e1 ligado \u00e0s novas possibilidades de produ\u00e7\u00e3o, manipula\u00e7\u00e3o e compartilhamento das informa\u00e7\u00f5es, onde o p\u00fablico assume um papel cada vez maior no processo comunicacional.<\/p>\n<figure id=\"attachment_521\" aria-describedby=\"caption-attachment-521\" style=\"width: 907px\" class=\"wp-caption alignnone\"><img decoding=\"async\" class=\"wp-image-521 size-full\" src=\"http:\/\/primeirapauta.ielusc.br\/wp-content\/uploads\/2018\/06\/Site-do-S\u00e9kula.png\" alt=\"\" width=\"907\" height=\"579\"><figcaption id=\"caption-attachment-521\" class=\"wp-caption-text\">Ricardo S\u00e9kula criou um site para disponibilizar os memes utilizados na sua pesquisa de mestrado.<\/figcaption><\/figure>\n<p>Quando o assunto \u00e9 pol\u00edtica, S\u00e9kula lembra que a piada e o riso sempre fizeram parte da cena pol\u00edtica como um todo. \u201cAntes estava apenas em pequenas rodas de conversa ou eram expressas por especialistas em ve\u00edculos espec\u00edficos de comunica\u00e7\u00e3o. Com a internet a piada pol\u00edtica ganhou uma dimens\u00e3o midi\u00e1tica muito maior.&#8221;<\/p>\n<p>N\u00e3o s\u00f3 quando o assunto \u00e9 pol\u00edtica, mas tamb\u00e9m quando se tratam de estudos, os memes viralizam e ganham a aten\u00e7\u00e3o dos adolescentes e adultos, principalmente no meio acad\u00eamico.<\/p>\n<p><img decoding=\"async\" class=\"alignnone size-full wp-image-514\" src=\"http:\/\/primeirapauta.ielusc.br\/wp-content\/uploads\/2018\/06\/memes-da-graduacao.jpg\" alt=\"\" width=\"399\" height=\"369\"><\/p>\n<p>\u201cN\u00e3o vivo sem\u201d. \u00c9 assim que acad\u00eamica de Arquitetura e Urbanismo Ist\u00e9fani Oliveira explica a sua rela\u00e7\u00e3o com este universo. Para ela, \u00e9 a melhor inven\u00e7\u00e3o para descontrair as tens\u00f5es di\u00e1rias.<\/p>\n<p>Eles j\u00e1 se tornaram parte da vida cotidiana de milhares de pessoas e a popularidade dos memes no <i> Facebook <\/i> entre os jovens \u00e9 inevit\u00e1vel. Ao entrar nas redes sociais \u00e9 comum encontrar compartilhamentos e coment\u00e1rios em posts demonstrando uma ironia sobre a vida universit\u00e1ria. \u201cEu adoro as do \u2018morre diabo\u2019 e as da Gretchen, porque s\u00e3o engra\u00e7ados\u201d, conta Ist\u00e9fani.<\/p>\n<p>A rainha dos GIFS j\u00e1 ganhou espa\u00e7o na bolha acad\u00eamica. Prova disso \u00e9 que um professor de portugu\u00eas resolveu atrair a aten\u00e7\u00e3o dos alunos de forma diferente: inserir memes nas provas dos estudantes. O caso aconteceu em Belo Horizonte (MG). Em entrevista ao <a href=\"https:\/\/g1.globo.com\/minas-gerais\/noticia\/professor-de-bh-usa-memes-da-gretchen-na-correcao-de-provas.ghtml\">portal G1<\/a>, o professor Vitor Lucas explicou que os memes variam de acordo com a nota. Caso a nota fosse boa, <strong> Gretchen <\/strong> estava feliz, se a nota fosse baixa, a cantora estava triste. No caso de notas m\u00e9dias, Gretchen tamb\u00e9m aparece, s\u00f3 que com uma postura mais s\u00e9ria.<\/p>\n<figure id=\"attachment_515\" aria-describedby=\"caption-attachment-515\" style=\"width: 640px\" class=\"wp-caption alignnone\"><img loading=\"lazy\" decoding=\"async\" class=\"wp-image-515 size-full\" src=\"http:\/\/primeirapauta.ielusc.br\/wp-content\/uploads\/2018\/06\/PROVAS-DA-GRETCHEN.jpg\" alt=\"\" width=\"640\" height=\"480\"><figcaption id=\"caption-attachment-515\" class=\"wp-caption-text\">Cr\u00e9dito: Alan Raniel\/Arquivo Pessoal<\/figcaption><\/figure>\n<p>Al\u00e9m de entreter, os memes se tornaram uma quebra de tabu. Na vis\u00e3o do tamb\u00e9m estudante de Arquitetura e Urbanismo Cecil Prach da Silva, as imagens do Papa Francisco s\u00e3o um exemplo. \u201cEle \u00e9 representante de uma organiza\u00e7\u00e3o t\u00e3o s\u00e9ria e mesmo assim parece ser descontra\u00eddo e engra\u00e7ado\u201d, diz. O jovem ainda acrescenta que este conte\u00fado \u00e9 arte da gera\u00e7\u00e3o atual. \u201cComo toda arte representa o seu povo e o seu modo de pensar, os memes deixam em evid\u00eancia a nossa depend\u00eancia da tecnologia.\u201d<\/p>\n<p><iframe src=\"https:\/\/www.youtube.com\/embed\/trs0gn9Yn4I\" width=\"660\" height=\"515\" frameborder=\"0\" allowfullscreen=\"allowfullscreen\"><span data-mce-type=\"bookmark\" style=\"display: inline-block; width: 0px; overflow: hidden; line-height: 0;\" class=\"mce_SELRES_start\">\ufeff<\/span><\/iframe><\/p>\n<h2><strong>Jaragu\u00e1 informa e usa memes<\/strong><\/h2>\n<p>Informa\u00e7\u00e3o e humor podem sim ser uma boa combina\u00e7\u00e3o. O <a href=\"https:\/\/ocp.news\/entretenimento\/\">Por Acaso<\/a> \u00e9 um exemplo disso. Criado em 2003 pelo publicit\u00e1rio Ricardo Daniel Treis e pelo mercad\u00f3logo Max Pires, o ve\u00edculo \u00e9 direcionado apenas \u00e0s informa\u00e7\u00f5es de Jaragu\u00e1 do Sul, cidade que fica no norte de Santa Catarina.<\/p>\n<p>A equipe, formada por dois jornalistas, dois estagi\u00e1rios, uma social media e um videomaker, al\u00e9m dos dois fundadores, que comandam o editorial e a parte comercial, alimenta tamb\u00e9m as redes sociais e \u00e9 claro, onde surgem os memes.<\/p>\n<p>De acordo com Misael Felipe Freitas, jornalista do <strong> Por Acaso, <\/strong> por produzirem conte\u00fado focado em cultura e entretenimento, o uso de memes \u00e9 praticamente inevit\u00e1vel. \u201cNas nossas redes sociais, pensamos o uso de memes de maneira mais estrat\u00e9gica. Temos a inten\u00e7\u00e3o de aumentar o engajamento com o nosso p\u00fablico.\u201d O jornalista relata que n\u00e3o usam qualquer meme que surge na internet, mas selecionam aqueles que conversam com a \u201cpersonalidade\u201d do site.<\/p>\n<p>N\u00e3o \u00e9 apenas no site e na <a href=\"https:\/\/www.facebook.com\/poracaso\/\">p\u00e1gina<\/a> do Facebook que a equipe dosa o bom humor com memes. O Por Acaso tamb\u00e9m est\u00e1 no <em>Instagram<\/em>, <em>YouTube<\/em> e <em>Twitter<\/em>, cada canal com um direcionamento diferente.<\/p>\n<p>Misael afirma que esse fen\u00f4meno da internet \u00e9 importante na comunica\u00e7\u00e3o por aproximar o consumidor ao ve\u00edculo, al\u00e9m de ajudar a personalizar o conte\u00fado publicado. \u201cOs seguidores interagem por meio dos coment\u00e1rios e tamb\u00e9m mandam informa\u00e7\u00f5es e sugest\u00f5es com memes, al\u00e9m de compartilhar os que produzimos\u201d, exemplifica.<\/p>\n<h3><strong>Dose certa de humor<br \/>\n<\/strong><\/h3>\n<p>Apesar de ser uma alternativa de tornar o consumo de informa\u00e7\u00e3o mais atrativo, \u00e9 preciso estar atento quanto ao teor da brincadeira. O jornalista Misael Felipe confirma que, como tudo que se publica na internet, ningu\u00e9m est\u00e1 livre de n\u00e3o gostar da piada. \u201cSempre usamos memes com equil\u00edbrio, mas, para os casos em que algu\u00e9m n\u00e3o gosta da piada, levamos na boa e tentamos responder a pessoa de forma que ela veja que aquilo \u00e9 um humor leve e despretensioso\u201d, conta.<\/p>\n<p>Para a produ\u00e7\u00e3o de conte\u00fado, a equipe est\u00e1 sempre atenta ao que fica nos \u201cTrends\u201d, ou seja, nos assuntos mais comentados no Twitter, e relacionam com o factual de Jaragu\u00e1. \u201cTemos o cuidado de n\u00e3o usar muito no come\u00e7o porque a maioria das pessoas n\u00e3o conhece ainda\u201d, justifica.<\/p>\n<p><iframe style=\"overflow-y: hidden;\" src=\"https:\/\/create.piktochart.com\/embed\/30895984-top-4-do-por-acaso\" width=\"800\" height=\"2027\" frameborder=\"0\" scrolling=\"no\"><\/iframe><\/p>\n<h2><strong>Projeto experimental com memes n\u00e3o \u00e9 brincadeira!<\/strong><\/h2>\n<p>J\u00e1 pensou em concluir parte do seu curso com uma pesquisa sobre memes? Pois \u00e9, Fernando Aquino da Costa ousou na hora de pensar em um tema para o seu projeto experimental. O egresso da <strong> Faculdade Ielusc <\/strong> decidiu pesquisar sobre memes porque sairia dos moldes do jornalismo do meio acad\u00eamico.<\/p>\n<p>Tamb\u00e9m seria um desafio, j\u00e1 que o egresso n\u00e3o \u00e9 muito ligado \u00e0s redes sociais e nem tinha o costume de acompanhar o que est\u00e1 acontecendo na internet. \u201cQuerendo ou n\u00e3o, os memes s\u00e3o um meio muito valioso de comunica\u00e7\u00e3o. N\u00e3o \u00e9 incomum hoje em dia ver grandes empresas utilizando os memes para se aproximar de seus p\u00fablicos-alvo, por exemplo.\u201d Fernando questiona o porqu\u00ea n\u00e3o apropriar-se de uma linguagem atual, comum e que atinge milhares de pessoas todos os dias para informar.<\/p>\n<p>A ideia do projeto era utilizar memes que estavam circulando nas redes sociais &#8211; especificamente o <em>Facebook<\/em> e o <em>Twitter<\/em> &#8211; para escrever mat\u00e9rias jornal\u00edsticas sobre a origem e o contexto deles.<\/p>\n<p>O jornalista explica que a maioria das pessoas associa os memes ao humor, mas, apesar de ser usado com mais frequ\u00eancia atualmente, os estudos sobre o recurso s\u00e3o antigos. \u201cExistem desde os anos 70 &#8211; e \u00e9 importante que n\u00f3s, como comunicadores e jornalistas, estejamos a par de como a comunica\u00e7\u00e3o se altera com o passar dos tempos\u201d, ressalta.<\/p>\n<p>Segundo ele, grande parte dos internautas considera os memes algo sup\u00e9rfluo, mas que na verdade o recurso \u00e9 uma forma de determinados grupos se unirem e terem voz nas redes. \u201cMemes s\u00e3o t\u00e3o poderosos como ato comunicacional que podem at\u00e9 ter impacto pol\u00edtico, como a hashtag <strong> #BelaRecatadaedoLar, <\/strong> por exemplo. Come\u00e7ou como uma brincadeira, mas em poucas horas virou uma cr\u00edtica enorme \u00e0 imprensa machista que temos no pa\u00eds\u201d, relembra.<\/p>\n<p>Fernando confirma que os memes n\u00e3o s\u00e3o apenas uma tend\u00eancia, mas que fazem parte da nossa realidade e que podem ser usados tamb\u00e9m como estrat\u00e9gia de vendas. \u201cAs grandes empresas sabem que falar a l\u00edngua da popula\u00e7\u00e3o \u00e9 a forma mais f\u00e1cil de atrair consumidores. O fato \u00e9 que os memes existem, mas faltam iniciativas que usam memes como forma de informar pessoas\u201d, aponta.<\/p>\n<p>O jornalista destaca que por meio do seu projeto conseguiu extrair um formato diferente para fazer jornalismo. \u201cAs mat\u00e9rias que escrevi para o InfoMeme estavam cheias de g\u00edrias, erros gramaticais propositais e palavr\u00f5es, o que foge completamente da \u2018etiqueta\u2019 do jornalismo tradicional. Mesmo assim, isso n\u00e3o impediu a mat\u00e9ria de informar pessoas\u201d, conclui.<\/p>\n<h2><strong>Existe receita para criar um meme viral?<\/strong><\/h2>\n<p>Nikki Vargas, fundadora da p\u00e1gina <a href=\"https:\/\/www.facebook.com\/ajudaropovodehumanasafazermicanga\/\">Ajudar o povo de humanas a fazer mi\u00e7anga<\/a>, que j\u00e1 acumula mais de 5 milh\u00f5es de curtidas no Facebook, conta que um <strong> meme <\/strong> geralmente \u00e9 criado como uma ironia de algo cotidiano, algo que a pessoa viveu, ou at\u00e9 algo que esteja preso e precise ser dito de alguma forma.<\/p>\n<p>A criadora considera os memes uma forma de <strong> express\u00e3o. <\/strong> Ela afirma que n\u00e3o existe uma receita para criar um viral: \u201cEu j\u00e1 fiz memes que achei que seriam \u00f3timos mas ningu\u00e9m curtiu, outros que milh\u00f5es curtiram, \u00e9 algo muito incerto.\u201d<\/p>\n<p>E quando acontece de um meme fazer muito sucesso, surge um outro problema muito comum na web: o pl\u00e1gio. Por enxergar os memes como forma de express\u00e3o, Nikki ressalta a import\u00e2ncia da <strong> originalidade. <\/strong> \u201cO meme \u00e9 da pessoa, \u00e9 a viv\u00eancia dela. Muitas vezes eu j\u00e1 fui copiada e me senti ofendida porque \u00e9 algo meu, eu vivi aquilo\u201d, conta.<\/p>\n<p>Al\u00e9m de forma de express\u00e3o, os memes tamb\u00e9m s\u00e3o um meio de transmitir <strong> informa\u00e7\u00f5es, <\/strong> que podem ser verdadeiras, ou n\u00e3o. Sobre isso, Nikki diz que existem os conte\u00fados ir\u00f4nicos que n\u00e3o podem ser levados a s\u00e9rio, mas tamb\u00e9m h\u00e1 aqueles que as pessoas fazem pra ofender, criar fake news, e at\u00e9 mesmo maldizer as outras. \u201cAssim como o meme tem o dom de ser uma porta de comunica\u00e7\u00e3o, tamb\u00e9m pode ser de destrui\u00e7\u00e3o\u201d, reflete.<\/p>\n<p><em>Reportagem:&nbsp;<span style=\"font-weight: 400;\">Annabel Machado, Diego Mahs, Helena Bosse, Leonardo Koch, Liandra Tank, Mariana Costa e Milena Costa.<br \/>\n<\/span><\/em><strong>Conte\u00fado produzido para o Primeira Pauta Digital | Disciplina Jornalismo Digital II<br \/>\n<\/strong><strong>5\u00ba Fase |&nbsp;<\/strong><strong>2018<\/strong><\/p>\n\n    <div class=\"xs_social_share_widget xs_share_url after_content \t\tmain_content  wslu-style-1 wslu-share-box-shaped wslu-fill-colored wslu-none wslu-share-horizontal wslu-theme-font-no wslu-main_content\">\n\n\t\t\n        <ul>\n\t\t\t        <\/ul>\n    <\/div> \n","protected":false},"excerpt":{"rendered":"<p>Recurso amplamente utilizado nas redes sociais \u00e9 alvo de estudos e ainda serve de conte\u00fado para jornais Se tem um fen\u00f4meno presente na vida da maioria dos brasileiros, \u00e9 a internet. Junto dela est\u00e3o as redes sociais, que s\u00e3o abastecidas com memes . \u00c9 s\u00f3 abrir o feed do Facebook, Twitter e at\u00e9 mesmo o [&hellip;]<\/p>\n","protected":false},"author":3,"featured_media":2525,"comment_status":"open","ping_status":"open","sticky":false,"template":"","format":"standard","meta":{"footnotes":""},"categories":[345],"tags":[81,82],"_links":{"self":[{"href":"https:\/\/primeirapauta.ielusc.br\/index.php\/wp-json\/wp\/v2\/posts\/509"}],"collection":[{"href":"https:\/\/primeirapauta.ielusc.br\/index.php\/wp-json\/wp\/v2\/posts"}],"about":[{"href":"https:\/\/primeirapauta.ielusc.br\/index.php\/wp-json\/wp\/v2\/types\/post"}],"author":[{"embeddable":true,"href":"https:\/\/primeirapauta.ielusc.br\/index.php\/wp-json\/wp\/v2\/users\/3"}],"replies":[{"embeddable":true,"href":"https:\/\/primeirapauta.ielusc.br\/index.php\/wp-json\/wp\/v2\/comments?post=509"}],"version-history":[{"count":1,"href":"https:\/\/primeirapauta.ielusc.br\/index.php\/wp-json\/wp\/v2\/posts\/509\/revisions"}],"predecessor-version":[{"id":2527,"href":"https:\/\/primeirapauta.ielusc.br\/index.php\/wp-json\/wp\/v2\/posts\/509\/revisions\/2527"}],"wp:featuredmedia":[{"embeddable":true,"href":"https:\/\/primeirapauta.ielusc.br\/index.php\/wp-json\/wp\/v2\/media\/2525"}],"wp:attachment":[{"href":"https:\/\/primeirapauta.ielusc.br\/index.php\/wp-json\/wp\/v2\/media?parent=509"}],"wp:term":[{"taxonomy":"category","embeddable":true,"href":"https:\/\/primeirapauta.ielusc.br\/index.php\/wp-json\/wp\/v2\/categories?post=509"},{"taxonomy":"post_tag","embeddable":true,"href":"https:\/\/primeirapauta.ielusc.br\/index.php\/wp-json\/wp\/v2\/tags?post=509"}],"curies":[{"name":"wp","href":"https:\/\/api.w.org\/{rel}","templated":true}]}}