{"id":5628,"date":"2024-10-15T21:20:48","date_gmt":"2024-10-16T00:20:48","guid":{"rendered":"https:\/\/primeirapauta.ielusc.br\/?p=5628"},"modified":"2025-07-04T20:37:05","modified_gmt":"2025-07-04T23:37:05","slug":"educacao-enfrenta-desafios-para-equilibrar-tecnologia-e-interacao-humana","status":"publish","type":"post","link":"https:\/\/primeirapauta.ielusc.br\/index.php\/2024\/10\/15\/educacao-enfrenta-desafios-para-equilibrar-tecnologia-e-interacao-humana\/","title":{"rendered":"Educa\u00e7\u00e3o enfrenta desafios para equilibrar tecnologia e intera\u00e7\u00e3o humana"},"content":{"rendered":"\n<p>Neste <strong>Dia dos Professores<\/strong>, a reflex\u00e3o sobre os <strong>usos da intelig\u00eancia artificial na educa\u00e7\u00e3o<\/strong> se imp\u00f5e: como equilibrar o potencial transformador da tecnologia com a necessidade de intera\u00e7\u00e3o humana e o desenvolvimento de compet\u00eancias que v\u00e3o al\u00e9m do alcance das m\u00e1quinas? A resposta a essa pergunta pode definir o futuro da educa\u00e7\u00e3o. O uso da intelig\u00eancia artificial (IA) tem se tornado um tema central nas discuss\u00f5es sobre inova\u00e7\u00e3o na educa\u00e7\u00e3o. Com promessas de facilitar o trabalho dos docentes e aprimorar o aprendizado dos alunos, a IA tamb\u00e9m levanta preocupa\u00e7\u00f5es sobre o papel dos professores e o impacto na forma\u00e7\u00e3o dos estudantes.\u00a0<\/p>\n\n\n\n<p>Diante da alta demanda de trabalho e da sobrecarga enfrentada por muitos professores, a implementa\u00e7\u00e3o da IA na educa\u00e7\u00e3o surge como uma tentativa de aliviar tarefas repetitivas, mas n\u00e3o pode ignorar a necessidade de apoio adicional e treinamento cont\u00ednuo para garantir que a tecnologia seja um aliado e n\u00e3o mais um peso.<\/p>\n\n\n\n<p>A professora do Col\u00e9gio Silo\u00e9, <strong>Carla Falc\u00e3o<\/strong>, que est\u00e1 h\u00e1 dois anos em sala de aula, \u00e9 reticente em rela\u00e7\u00e3o ao uso frequente de tecnologias no ensino. Ela prefere m\u00e9todos tradicionais, como o uso de caderno e quadro. &#8220;Fora da escola, sei que os alunos passam a maior parte do tempo fazendo uso de tecnologia\/telas, ent\u00e3o, penso que na escola eles precisam se desprender um pouco disso, alguns pais at\u00e9 solicitam isso aos professores&#8221;, explica. Carla reconhece o <strong>potencial da IA no planejamento de aulas<\/strong>, mas aponta os riscos de acreditar cegamente nas respostas geradas e de os estudantes utilizarem a tecnologia para automatizar tarefas. &#8220;Recebi trabalhos &#8216;artificiais&#8217; onde provavelmente, os alunos deram um comando e a IA executou 99% do que precisaria ter sido feito por eles&#8221;, critica.<\/p>\n\n\n\n<p>Na vis\u00e3o da professora, a IA s\u00f3 poder\u00e1 substituir o trabalho docente se houver espa\u00e7o para isso. Segundo ela, o valor do ensino est\u00e1 na intera\u00e7\u00e3o humana e na capacidade de criar uma conex\u00e3o genu\u00edna com os alunos. &#8220;Sempre procuro transparecer a did\u00e1tica nos m\u00e9todos de ensino, gosto de interagir, olhar nos olhos, traz\u00ea-los para perto para se sentirem parte do momento da explica\u00e7\u00e3o&#8221;, afirma. A educadora acredita que essa troca entre professor e aluno \u00e9 essencial, complementando as aulas com humor e envolvimento para que todos se sintam verdadeiramente integrados: &#8220;Tudo o que citei agora, a IA n\u00e3o pode proporcionar&#8221;.<\/p>\n\n\n\n<p>A coordenadora <strong>Patr\u00edcia Nunes<\/strong> destaca que, embora a IA tenha potencial para ser uma aliada significativa, sua implementa\u00e7\u00e3o enfrenta desafios pr\u00e1ticos. &#8220;O principal desafio \u00e9 fazer os alunos compreenderem que a IA \u00e9 uma ferramenta de pesquisa e n\u00e3o de c\u00f3pia&#8221;, afirma. Na avalia\u00e7\u00e3o de Patr\u00edcia, o uso inadequado da tecnologia pode agravar o problema do <strong>analfabetismo funcional<\/strong>, em que estudantes s\u00e3o capazes de produzir conte\u00fado com aux\u00edlio da IA, mas n\u00e3o entendem o que est\u00e3o fazendo.\u00a0<\/p>\n\n\n\n<p>J\u00e1 para o aluno de ensino m\u00e9dio <strong>Levi Siqueira<\/strong>, a IA e o uso de celulares s\u00e3o vistos como recursos valiosos para o aprendizado, desde que utilizados de forma consciente. Ele relata que o celular, embora \u00fatil para pesquisas escolares, pode ser uma fonte de distra\u00e7\u00e3o. &#8220;O uso do celular ajuda muito no aprendizado, mas tamb\u00e9m me atrapalha e desfoca&#8221;, admite. Com uma m\u00e9dia de 10 horas di\u00e1rias em frente \u00e0 tela, Levi acredita que o equil\u00edbrio \u00e9 essencial: &#8220;Eu acho a IA uma \u00f3tima ferramenta para ajudar a resolver problemas mais complexos, facilita muito a vida se usada com responsabilidade\u201d.<\/p>\n\n\n\n<p>Em muitas escolas, o uso de ferramentas espec\u00edficas de IA ainda \u00e9 limitado, e os professores n\u00e3o recebem treinamento espec\u00edfico para lidar com essas tecnologias, o que evidencia a necessidade de capacita\u00e7\u00e3o para orientar seu uso pedag\u00f3gico. A introdu\u00e7\u00e3o da intelig\u00eancia artificial nas escolas coloca em xeque o papel tradicional dos professores e o modelo de aprendizado, havendo um consenso de que a tecnologia deve atuar como um complemento ao ensino, e n\u00e3o como um substituto. Enquanto os desafios se concentram na orienta\u00e7\u00e3o correta e no desenvolvimento de habilidades cr\u00edticas nos alunos, os benef\u00edcios incluem a possibilidade de personalizar o ensino e otimizar o tempo dos professores.<\/p>\n\n    <div class=\"xs_social_share_widget xs_share_url after_content \t\tmain_content  wslu-style-1 wslu-share-box-shaped wslu-fill-colored wslu-none wslu-share-horizontal wslu-theme-font-no wslu-main_content\">\n\n\t\t\n        <ul>\n\t\t\t        <\/ul>\n    <\/div> \n","protected":false},"excerpt":{"rendered":"<p>Neste Dia dos Professores, a reflex\u00e3o sobre os usos da intelig\u00eancia artificial na educa\u00e7\u00e3o se imp\u00f5e: como equilibrar o potencial transformador da tecnologia com a necessidade de intera\u00e7\u00e3o humana e o desenvolvimento de compet\u00eancias que v\u00e3o al\u00e9m do alcance das m\u00e1quinas? A resposta a essa pergunta pode definir o futuro da educa\u00e7\u00e3o. O uso da [&hellip;]<\/p>\n","protected":false},"author":42,"featured_media":5632,"comment_status":"closed","ping_status":"open","sticky":false,"template":"","format":"standard","meta":{"footnotes":""},"categories":[347,609],"tags":[343,443,441,27,442],"_links":{"self":[{"href":"https:\/\/primeirapauta.ielusc.br\/index.php\/wp-json\/wp\/v2\/posts\/5628"}],"collection":[{"href":"https:\/\/primeirapauta.ielusc.br\/index.php\/wp-json\/wp\/v2\/posts"}],"about":[{"href":"https:\/\/primeirapauta.ielusc.br\/index.php\/wp-json\/wp\/v2\/types\/post"}],"author":[{"embeddable":true,"href":"https:\/\/primeirapauta.ielusc.br\/index.php\/wp-json\/wp\/v2\/users\/42"}],"replies":[{"embeddable":true,"href":"https:\/\/primeirapauta.ielusc.br\/index.php\/wp-json\/wp\/v2\/comments?post=5628"}],"version-history":[{"count":3,"href":"https:\/\/primeirapauta.ielusc.br\/index.php\/wp-json\/wp\/v2\/posts\/5628\/revisions"}],"predecessor-version":[{"id":5637,"href":"https:\/\/primeirapauta.ielusc.br\/index.php\/wp-json\/wp\/v2\/posts\/5628\/revisions\/5637"}],"wp:featuredmedia":[{"embeddable":true,"href":"https:\/\/primeirapauta.ielusc.br\/index.php\/wp-json\/wp\/v2\/media\/5632"}],"wp:attachment":[{"href":"https:\/\/primeirapauta.ielusc.br\/index.php\/wp-json\/wp\/v2\/media?parent=5628"}],"wp:term":[{"taxonomy":"category","embeddable":true,"href":"https:\/\/primeirapauta.ielusc.br\/index.php\/wp-json\/wp\/v2\/categories?post=5628"},{"taxonomy":"post_tag","embeddable":true,"href":"https:\/\/primeirapauta.ielusc.br\/index.php\/wp-json\/wp\/v2\/tags?post=5628"}],"curies":[{"name":"wp","href":"https:\/\/api.w.org\/{rel}","templated":true}]}}