{"id":565,"date":"2018-07-05T17:41:56","date_gmt":"2018-07-05T20:41:56","guid":{"rendered":"http:\/\/primeirapauta.ielusc.br\/?p=565"},"modified":"2022-06-22T19:58:30","modified_gmt":"2022-06-22T22:58:30","slug":"projeto-de-lei-substituir-canudinho-plastico-por-canudinho-biodegradavel","status":"publish","type":"post","link":"https:\/\/primeirapauta.ielusc.br\/index.php\/2018\/07\/05\/projeto-de-lei-substituir-canudinho-plastico-por-canudinho-biodegradavel\/","title":{"rendered":"Projeto de lei pretende substituir canudinhos de pl\u00e1stico por canudinhos biodegrad\u00e1veis"},"content":{"rendered":"<p><span style=\"font-weight: 400;\">A exemplo do que aconteceu no Rio de Janeiro, um vereador de <strong>Joinville<\/strong> quer proibir o uso de <strong>canudinhos de pl\u00e1stico<\/strong> em estabelecimentos comerciais. O <strong>projeto de lei n\u00ba 105\/2018<\/strong>, de autoria de F\u00e1bio Dalonso (PSD), determina que sejam oferecidos \u201capenas canudos de papel biodegrad\u00e1vel e\/ou recicl\u00e1vel individualmente e hermeticamente embalados com material semelhante\u201d.<\/span><\/p>\n<p><span style=\"font-weight: 400;\">A regra deve valer para restaurantes, lanchonetes, bares, barracas de rua, foodtrucks e at\u00e9 mesmo para vendedores ambulantes. Em caso de descumprimento, o projeto prev\u00ea o pagamento de multa, mas sem especificar a quantia em dinheiro.<\/span><\/p>\n<p><span style=\"font-weight: 400;\">Na justificativa do projeto, Dalonso afirma que <strong>os pl\u00e1sticos representam 90% de todo o lixo flutuante nos oceanos<\/strong> e que 90% das esp\u00e9cies marinhas j\u00e1 ingeriram produtos feitos com o material ao menos uma vez na vida. <\/span><\/p>\n<p><span style=\"font-weight: 400;\">Em Itaja\u00ed, o vereador Thiago da Silva (PMDB) apresentou projeto de lei semelhante. Conforme o PL, \u201ca cidade de Itaja\u00ed foi a primeira da Am\u00e9rica do Sul a assinar um compromisso com a ONU visando a limpeza dos mares\u201d. Al\u00e9m do munic\u00edpio, Florian\u00f3polis tamb\u00e9m possui um projeto com a mesma tem\u00e1tica.<\/span><\/p>\n<p><strong>Confira no v\u00eddeo como os joinvilenses t\u00eam recebido o projeto de lei:<\/strong><\/p>\n<p><iframe title=\"Substituir canudinhos de pl\u00e1stico por canudinhos biodegrad\u00e1veis: ser\u00e1 que cola?\" width=\"800\" height=\"450\" src=\"https:\/\/www.youtube.com\/embed\/tTOO97XqOi4?feature=oembed\" frameborder=\"0\" allow=\"accelerometer; autoplay; clipboard-write; encrypted-media; gyroscope; picture-in-picture\" allowfullscreen><\/iframe><\/p>\n<h2><b>Especialistas comentam o projeto<\/b><\/h2>\n<p><span style=\"font-weight: 400;\">Na avalia\u00e7\u00e3o do engenheiro ambiental Danilo Rafael Bastos, esse projetos seguem uma tend\u00eancia mundial na busca pela <strong>diminui\u00e7\u00e3o dos res\u00edduos<\/strong> no planeta. \u201cDiversos pa\u00edses, principalmente na Europa, j\u00e1 aceitaram essa ideia e querem reduzir muito mais do que os canudinhos\u201d, aponta.<\/span><\/p>\n<p><span style=\"font-weight: 400;\">Conforme Bastos, existem estimativas que apontam que cerca de 10 milh\u00f5es de toneladas de pl\u00e1stico chegam aos oceanos anualmente, sendo que desse n\u00famero cerca de 100 mil toneladas s\u00e3o apenas de canudinhos. \u201cH\u00e1 uma carga pl\u00e1stica muito grande que chega para o consumidor e vira res\u00edduo s\u00f3lido. Essa \u00e9 a maior preocupa\u00e7\u00e3o: se n\u00e3o vai para a reciclagem, para onde est\u00e1 indo?\u201d, questiona.<\/span><\/p>\n<p><img fetchpriority=\"high\" decoding=\"async\" class=\"alignnone size-full wp-image-567\" src=\"http:\/\/primeirapauta.ielusc.br\/wp-content\/uploads\/2018\/07\/dados-sobre-plasticos.png\" alt=\"dados sobre pl\u00e1sticos\" width=\"620\" height=\"750\"><\/p>\n<p><span style=\"font-weight: 400;\">Para o engenheiro ambiental, o consumo exagerado de pl\u00e1stico passa por uma <strong>quest\u00e3o cultural<\/strong> que precisa ser desconstru\u00edda. \u201cTemos que mudar o h\u00e1bito do consumo r\u00e1pido e aprender a reutilizar diversas coisas, n\u00e3o s\u00f3 o pl\u00e1stico\u201d, sustenta.<\/span><\/p>\n<p><span style=\"font-weight: 400;\">De acordo com Christian Duarte, tamb\u00e9m engenheiro ambiental e membro do Coletivo Permacultura de Joinville, \u00e9 preciso pensar a quest\u00e3o do pl\u00e1stico al\u00e9m dos canudinhos e estender o debate para a cadeia produtiva do petr\u00f3leo, principal mat\u00e9ria-prima do pl\u00e1stico. \u201cTemos que pensar, por exemplo, como est\u00e1 sendo feita log\u00edstica do material biodegrad\u00e1vel: ele vai vir de muito longe, vai usar quanto de petr\u00f3leo?\u201d, reflete. <\/span><\/p>\n<p><span style=\"font-weight: 400;\">No entendimento de Duarte, as demandas ambientais s\u00f3 s\u00e3o colocadas em pauta quando existe interesse pol\u00edtico. \u201cAlguns vereadores se aproveitam para fazer marketing verde e eleitoral. \u00c9 claro que [substituir os canudinhos] faz diferen\u00e7a, mas a gente n\u00e3o v\u00ea esses vereadores fazendo algo para aumentar a reciclagem no munic\u00edpio\u201d, argumenta. \u201cTemos que discutir uma auto sufici\u00eancia regional, sen\u00e3o \u00e9 como pegar um pequeno s\u00edmbolo do pl\u00e1stico e se aproveitar.\u201d<\/span><\/p>\n<p><span style=\"font-weight: 400;\">O engenheiro ambiental destaca que existem v\u00e1rias formas de reduzir o pl\u00e1stico utilizado no cotidiano, como parar de comprar produtos com muita embalagem, cozinhar sua pr\u00f3pria comida e utilizar sacolas retorn\u00e1veis. \u201cA cada minuto da nossa vida, se a gente tiver um pensamento ambiental a gente consegue mudar muita coisa\u201d, conclui.<\/span><\/p>\n<h2><b>Coletivo de Joinville contribui com a preserva\u00e7\u00e3o da natureza<\/b><\/h2>\n<p><span style=\"font-weight: 400;\">O <strong>Coletivo A\u00e7\u00e3o de Limpeza Volunt\u00e1ria de Mangues, Praias e Rios de Joinville<\/strong> surgiu em 2015 e desde ent\u00e3o promove interven\u00e7\u00f5es para retirar res\u00edduos da natureza. A ONG atua em quatro pontos da Ba\u00eda da Babitonga: na Ilha do Morro do Amaral, no Parque Porta do Mar, na Praia da Vigorelli e em S\u00e3o Francisco do Sul, na Vila da Gl\u00f3ria.<\/span><\/p>\n<p><span style=\"font-weight: 400;\">O projeto organiza as a\u00e7\u00f5es de limpeza a partir do segundo semestre do ano. De acordo com a idealizadora do projeto, Katia Baeta, \u00e9 muito perigoso atuar durante o ver\u00e3o. \u201cN\u00f3s somos um coletivo e n\u00e3o temos aparatos para socorrer volunt\u00e1rios que podem ser picados por algum animal pe\u00e7onhento\u201d, justifica.<\/span><\/p>\n<figure id=\"attachment_568\" aria-describedby=\"caption-attachment-568\" style=\"width: 1024px\" class=\"wp-caption alignnone\"><img decoding=\"async\" class=\"size-large wp-image-568\" src=\"http:\/\/primeirapauta.ielusc.br\/wp-content\/uploads\/2018\/07\/coletivo-limpeza-voluntaria-1024x575.jpg\" alt=\"Coletivo A\u00e7\u00e3o de Limpeza Volunt\u00e1ria de Mangues, Praias e Rios de Joinville em a\u00e7\u00e3o (Foto: Reprodu\u00e7\u00e3o)\" width=\"1024\" height=\"575\"><figcaption id=\"caption-attachment-568\" class=\"wp-caption-text\">Coletivo A\u00e7\u00e3o de Limpeza Volunt\u00e1ria de Mangues, Praias e Rios de Joinville em a\u00e7\u00e3o (Foto: Reprodu\u00e7\u00e3o)<\/figcaption><\/figure>\n<p><span style=\"font-weight: 400;\">Os eventos s\u00e3o marcados atrav\u00e9s do Facebook e contam com o apoio de r\u00e1dios locais para ajudar na divulga\u00e7\u00e3o. K\u00e1tia conta, orgulhosa, que o grupo n\u00e3o desiste das a\u00e7\u00f5es mesmo que o tempo n\u00e3o colabore. \u201cN\u00f3s n\u00e3o desistimos do dia que a gente marca, mesmo com chuva ou sol, n\u00e3o importa se tem 40 ou 12 pessoas, mas a a\u00e7\u00e3o \u00e9 feita.\u201d<\/span><\/p>\n<p><span style=\"font-weight: 400;\">A \u00faltima limpeza ocorreu no dia 24 de junho, no Parque das \u00c1guas. Uma equipe formada por onze volunt\u00e1rios encheu oito sacos de lixo em cinquenta minutos. Foram recolhidos 1875 itens, entre eles bitucas de cigarro, tampinhas de garrafa PET, cacos de vidros, ma\u00e7os de cigarro e copos pl\u00e1sticos.<\/span><\/p>\n<p><span style=\"font-weight: 400;\">Em 2017, a ONG foi inserida no mapa mundial de limpeza dos mangues atrav\u00e9s da <strong>ONU Meio Ambiente<\/strong>, al\u00e9m de tamb\u00e9m fazer parte da Rede Praia Limpa Brasil. Atrav\u00e9s dessa parceria todo lixo recolhido \u00e9 contabilizado e um relat\u00f3rio da coleta \u00e9 enviado por e-mail para a ONU Meio Ambiente, que est\u00e1 montando um plano de a\u00e7\u00e3o de limpeza das \u00e1guas do planeta.<\/span><\/p>\n<h2><b>10 fatos chocantes sobre o pl\u00e1stico<\/b><\/h2>\n<ol>\n<li><span style=\"font-weight: 400;\">Mais de 5 trilh\u00f5es de pe\u00e7as de pl\u00e1stico j\u00e1 est\u00e3o flutuando em nossos oceanos.<\/span><\/li>\n<li><span style=\"font-weight: 400;\">Em todo o mundo, 73% dos detritos marinhos s\u00e3o pl\u00e1stico: filtros de pontas de cigarro, garrafas, tampas de garrafas, embalagens de alimentos, sacolas de supermercado e recipientes de poliestireno.<\/span><\/li>\n<li><span style=\"font-weight: 400;\">A produ\u00e7\u00e3o mundial de pl\u00e1stico aumentou exponencialmente de 2,3 milh\u00f5es de toneladas em 1950 para 448 milh\u00f5es de toneladas em 2015.<\/span><\/li>\n<li><span style=\"font-weight: 400;\">At\u00e9 2050, praticamente todas as esp\u00e9cies de aves marinhas do planeta estar\u00e3o comendo pl\u00e1stico.<\/span><\/li>\n<li><span style=\"font-weight: 400;\">A partir de 2015, mais de 6,9 \u200b\u200bbilh\u00f5es de toneladas de res\u00edduos pl\u00e1sticos foram gerados. Cerca de 9% desse valor foi reciclado, 12% foi incinerado e 79% acumulado em aterros ou no meio ambiente.<\/span><\/li>\n<li><span style=\"font-weight: 400;\">Em todo o mundo, quase 1 milh\u00e3o de garrafas de bebidas pl\u00e1sticas s\u00e3o vendidas a cada minuto.<\/span><\/li>\n<li><span style=\"font-weight: 400;\">As estimativas de quanto tempo o pl\u00e1stico dura variam entre 450 anos e para sempre.<\/span><\/li>\n<li><span style=\"font-weight: 400;\">O maior mercado de pl\u00e1sticos hoje \u00e9 o material de embalagem. Esse lixo \u00e9 respons\u00e1vel por quase metade de todos os res\u00edduos pl\u00e1sticos gerados globalmente &#8211; a maior parte nunca \u00e9 reciclada ou incinerada.<\/span><\/li>\n<li><span style=\"font-weight: 400;\">Cerca de 700 esp\u00e9cies de animais marinhos foram registradas at\u00e9 agora por terem comido ou ficado presas em pl\u00e1stico.<\/span><\/li>\n<li><span style=\"font-weight: 400;\">Mais de 40% do pl\u00e1stico \u00e9 usado apenas uma vez e depois jogado fora.<\/span><\/li>\n<\/ol>\n<p><b>Fonte:<\/b><span style=\"font-weight: 400;\"> National Geographic.<\/span><\/p>\n<p><em>Por: Andr\u00e9 Lima, J\u00e9ssica Bett, Mar\u00edlia Comelli e Mayara Oliveira.<\/em><br \/>\n<strong>Conte\u00fado produzido para o Primeira Pauta Digital | Disciplina Jornalismo Digital II (2018)<\/strong><\/p>\n\n    <div class=\"xs_social_share_widget xs_share_url after_content \t\tmain_content  wslu-style-1 wslu-share-box-shaped wslu-fill-colored wslu-none wslu-share-horizontal wslu-theme-font-no wslu-main_content\">\n\n\t\t\n        <ul>\n\t\t\t        <\/ul>\n    <\/div> \n","protected":false},"excerpt":{"rendered":"<p>A exemplo do que aconteceu no Rio de Janeiro, um vereador de Joinville quer proibir o uso de canudinhos de pl\u00e1stico em estabelecimentos comerciais. O projeto de lei n\u00ba 105\/2018, de autoria de F\u00e1bio Dalonso (PSD), determina que sejam oferecidos \u201capenas canudos de papel biodegrad\u00e1vel e\/ou recicl\u00e1vel individualmente e hermeticamente embalados com material semelhante\u201d. A [&hellip;]<\/p>\n","protected":false},"author":3,"featured_media":2366,"comment_status":"open","ping_status":"open","sticky":false,"template":"","format":"standard","meta":{"footnotes":""},"categories":[326],"tags":[92,93,31,94,95,96],"_links":{"self":[{"href":"https:\/\/primeirapauta.ielusc.br\/index.php\/wp-json\/wp\/v2\/posts\/565"}],"collection":[{"href":"https:\/\/primeirapauta.ielusc.br\/index.php\/wp-json\/wp\/v2\/posts"}],"about":[{"href":"https:\/\/primeirapauta.ielusc.br\/index.php\/wp-json\/wp\/v2\/types\/post"}],"author":[{"embeddable":true,"href":"https:\/\/primeirapauta.ielusc.br\/index.php\/wp-json\/wp\/v2\/users\/3"}],"replies":[{"embeddable":true,"href":"https:\/\/primeirapauta.ielusc.br\/index.php\/wp-json\/wp\/v2\/comments?post=565"}],"version-history":[{"count":1,"href":"https:\/\/primeirapauta.ielusc.br\/index.php\/wp-json\/wp\/v2\/posts\/565\/revisions"}],"predecessor-version":[{"id":2367,"href":"https:\/\/primeirapauta.ielusc.br\/index.php\/wp-json\/wp\/v2\/posts\/565\/revisions\/2367"}],"wp:featuredmedia":[{"embeddable":true,"href":"https:\/\/primeirapauta.ielusc.br\/index.php\/wp-json\/wp\/v2\/media\/2366"}],"wp:attachment":[{"href":"https:\/\/primeirapauta.ielusc.br\/index.php\/wp-json\/wp\/v2\/media?parent=565"}],"wp:term":[{"taxonomy":"category","embeddable":true,"href":"https:\/\/primeirapauta.ielusc.br\/index.php\/wp-json\/wp\/v2\/categories?post=565"},{"taxonomy":"post_tag","embeddable":true,"href":"https:\/\/primeirapauta.ielusc.br\/index.php\/wp-json\/wp\/v2\/tags?post=565"}],"curies":[{"name":"wp","href":"https:\/\/api.w.org\/{rel}","templated":true}]}}