{"id":583,"date":"2018-07-03T22:02:57","date_gmt":"2018-07-04T01:02:57","guid":{"rendered":"http:\/\/primeirapauta.ielusc.br\/?p=583"},"modified":"2022-06-22T19:57:45","modified_gmt":"2022-06-22T22:57:45","slug":"copa-do-mundo-futebol-promove-uniao-das-culturas","status":"publish","type":"post","link":"https:\/\/primeirapauta.ielusc.br\/index.php\/2018\/07\/03\/copa-do-mundo-futebol-promove-uniao-das-culturas\/","title":{"rendered":"Copa do Mundo: futebol promove uni\u00e3o das culturas"},"content":{"rendered":"\t\t<div data-elementor-type=\"wp-post\" data-elementor-id=\"583\" class=\"elementor elementor-583 elementor-bc-flex-widget\">\n\t\t\t\t\t\t<section class=\"elementor-section elementor-top-section elementor-element elementor-element-1b87689 elementor-section-full_width elementor-section-height-default elementor-section-height-default\" data-id=\"1b87689\" data-element_type=\"section\">\n\t\t\t\t\t\t<div class=\"elementor-container elementor-column-gap-default\">\n\t\t\t\t\t<div class=\"elementor-column elementor-col-100 elementor-top-column elementor-element elementor-element-581c3d0\" data-id=\"581c3d0\" data-element_type=\"column\">\n\t\t\t<div class=\"elementor-widget-wrap elementor-element-populated\">\n\t\t\t\t\t\t<div class=\"elementor-element elementor-element-d2738e3 elementor-widget elementor-widget-text-editor\" data-id=\"d2738e3\" data-element_type=\"widget\" data-settings=\"{&quot;ekit_we_effect_on&quot;:&quot;none&quot;}\" data-widget_type=\"text-editor.default\">\n\t\t\t\t<div class=\"elementor-widget-container\">\n\t\t\t<style>\/*! elementor - v3.21.0 - 26-05-2024 *\/\n.elementor-widget-text-editor.elementor-drop-cap-view-stacked .elementor-drop-cap{background-color:#69727d;color:#fff}.elementor-widget-text-editor.elementor-drop-cap-view-framed .elementor-drop-cap{color:#69727d;border:3px solid;background-color:transparent}.elementor-widget-text-editor:not(.elementor-drop-cap-view-default) .elementor-drop-cap{margin-top:8px}.elementor-widget-text-editor:not(.elementor-drop-cap-view-default) .elementor-drop-cap-letter{width:1em;height:1em}.elementor-widget-text-editor .elementor-drop-cap{float:left;text-align:center;line-height:1;font-size:50px}.elementor-widget-text-editor .elementor-drop-cap-letter{display:inline-block}<\/style>\t\t\t\t<p><strong>Profissionais da comunica\u00e7\u00e3o e turistas relatam suas experi\u00eancias no pa\u00eds sede do mundial<\/strong><\/p>\t\t\t\t\t\t<\/div>\n\t\t\t\t<\/div>\n\t\t\t\t<div class=\"elementor-element elementor-element-cbb243e elementor-widget elementor-widget-text-editor\" data-id=\"cbb243e\" data-element_type=\"widget\" data-settings=\"{&quot;ekit_we_effect_on&quot;:&quot;none&quot;}\" data-widget_type=\"text-editor.default\">\n\t\t\t\t<div class=\"elementor-widget-container\">\n\t\t\t\t\t\t\t<p><span style=\"font-weight: 400;\">O<\/span><span style=\"font-weight: 400;\"> evento esportivo mais aguardado no mundo inteiro come\u00e7ou e est\u00e1 surpreendendo a todos. Al\u00e9m de proporcionar jogos emocionantes, a <\/span><b>Copa do Mundo FIFA<\/b><span style=\"font-weight: 400;\"> traz consigo a representa\u00e7\u00e3o e a diversidade das culturas presentes de todos os pa\u00edses que est\u00e3o disputando o torneio, principalmente conhecer um pouco mais sobre a cultura da <\/span><b>R\u00fassia<\/b><span style=\"font-weight: 400;\"> que, neste ano, \u00e9 o pa\u00eds sede da competi\u00e7\u00e3o. Para os apaixonados por futebol e para aqueles que fazem a cobertura da <\/span><b>Copa do Mundo<\/b><span style=\"font-weight: 400;\">, conhecer o pa\u00eds sede se torna fundamental. <\/span><\/p><p><span style=\"font-weight: 400;\">A estudante de jornalismo Raquel Ramos fez uma\u00a0<\/span><a href=\"http:\/\/www.superlinda.com\/2017\/07\/russia-estudante-de-jornalismo-conta.html\" target=\"_blank\" rel=\"noopener\">viagem<\/a><span style=\"font-weight: 400;\">\u00a0para conhecer a R\u00fassia. De acordo com a joinvilense, a cultura dos russos \u00e9 bem diferente da cultura brasileira. \u201cEle s\u00e3o um povo fechado, n\u00e3o antip\u00e1tico nem grosseiro, \u00a0mas s\u00e3o mais reservados, acredito que essa caracter\u00edstica ocorre por causa do frio do pa\u00eds\u201d. Raquel conta que na R\u00fassia o sol se p\u00f5e \u00e0s 16h. <\/span><\/p><p><span style=\"font-weight: 400;\">O pa\u00eds sede da <\/span><b>Copa do Mundo de 2018 <\/b><span style=\"font-weight: 400;\">s\u00f3 tem luz do sol por quatro horas, no restante do dia o c\u00e9u fica nublado. Uma das coisas que mais surpreendeu a estudante foi o chamado sol da meia noite, um fen\u00f4meno que faz com que as noites n\u00e3o fiquem escuras, o evento ocorre nos polos norte e sul durante os meses de junho e julho.<\/span><\/p><p>\u00a0<\/p>\t\t\t\t\t\t<\/div>\n\t\t\t\t<\/div>\n\t\t\t\t\t<\/div>\n\t\t<\/div>\n\t\t\t\t\t<\/div>\n\t\t<\/section>\n\t\t\t\t<section class=\"elementor-section elementor-top-section elementor-element elementor-element-5cdd511 elementor-section-boxed elementor-section-height-default elementor-section-height-default\" data-id=\"5cdd511\" data-element_type=\"section\">\n\t\t\t\t\t\t<div class=\"elementor-container elementor-column-gap-default\">\n\t\t\t\t\t<div class=\"elementor-column elementor-col-50 elementor-top-column elementor-element elementor-element-0de92ec\" data-id=\"0de92ec\" data-element_type=\"column\">\n\t\t\t<div class=\"elementor-widget-wrap elementor-element-populated\">\n\t\t\t\t\t\t<div class=\"elementor-element elementor-element-ee162ad elementor-widget elementor-widget-image\" data-id=\"ee162ad\" data-element_type=\"widget\" data-settings=\"{&quot;ekit_we_effect_on&quot;:&quot;none&quot;}\" data-widget_type=\"image.default\">\n\t\t\t\t<div class=\"elementor-widget-container\">\n\t\t\t<style>\/*! elementor - v3.21.0 - 26-05-2024 *\/\n.elementor-widget-image{text-align:center}.elementor-widget-image a{display:inline-block}.elementor-widget-image a img[src$=\".svg\"]{width:48px}.elementor-widget-image img{vertical-align:middle;display:inline-block}<\/style>\t\t\t\t\t\t\t<figure class=\"wp-caption\">\n\t\t\t\t\t\t\t\t\t\t<img decoding=\"async\" src=\"http:\/\/primeirapauta.ielusc.br\/wp-content\/uploads\/2018\/07\/Raquel.jpg\" title=\"\" alt=\"\" loading=\"lazy\" \/>\t\t\t\t\t\t\t\t\t\t\t<figcaption class=\"widget-image-caption wp-caption-text\">O idioma russo foi uma das dificuldades para a joinvilense | Foto: Arquivo Pessoal<\/figcaption>\n\t\t\t\t\t\t\t\t\t\t<\/figure>\n\t\t\t\t\t\t\t<\/div>\n\t\t\t\t<\/div>\n\t\t\t\t\t<\/div>\n\t\t<\/div>\n\t\t\t\t<div class=\"elementor-column elementor-col-50 elementor-top-column elementor-element elementor-element-d1d3ccb\" data-id=\"d1d3ccb\" data-element_type=\"column\">\n\t\t\t<div class=\"elementor-widget-wrap elementor-element-populated\">\n\t\t\t\t\t\t<div class=\"elementor-element elementor-element-51e3286 elementor-widget elementor-widget-image\" data-id=\"51e3286\" data-element_type=\"widget\" data-settings=\"{&quot;ekit_we_effect_on&quot;:&quot;none&quot;}\" data-widget_type=\"image.default\">\n\t\t\t\t<div class=\"elementor-widget-container\">\n\t\t\t\t\t\t\t\t\t\t<figure class=\"wp-caption\">\n\t\t\t\t\t\t\t\t\t\t<img decoding=\"async\" src=\"http:\/\/primeirapauta.ielusc.br\/wp-content\/uploads\/2018\/07\/METRO-RUSSIA.jpg\" title=\"\" alt=\"\" loading=\"lazy\" \/>\t\t\t\t\t\t\t\t\t\t\t<figcaption class=\"widget-image-caption wp-caption-text\">Raquel Ramos turistando no metr\u00f4 em Moscou | Foto: Arquivo Pessoal<\/figcaption>\n\t\t\t\t\t\t\t\t\t\t<\/figure>\n\t\t\t\t\t\t\t<\/div>\n\t\t\t\t<\/div>\n\t\t\t\t\t<\/div>\n\t\t<\/div>\n\t\t\t\t\t<\/div>\n\t\t<\/section>\n\t\t\t\t<section class=\"elementor-section elementor-top-section elementor-element elementor-element-780dcd2 elementor-section-boxed elementor-section-height-default elementor-section-height-default\" data-id=\"780dcd2\" data-element_type=\"section\">\n\t\t\t\t\t\t<div class=\"elementor-container elementor-column-gap-default\">\n\t\t\t\t\t<div class=\"elementor-column elementor-col-100 elementor-top-column elementor-element elementor-element-fe3a2e1\" data-id=\"fe3a2e1\" data-element_type=\"column\">\n\t\t\t<div class=\"elementor-widget-wrap elementor-element-populated\">\n\t\t\t\t\t\t<div class=\"elementor-element elementor-element-c5b5d94 elementor-widget elementor-widget-text-editor\" data-id=\"c5b5d94\" data-element_type=\"widget\" data-settings=\"{&quot;ekit_we_effect_on&quot;:&quot;none&quot;}\" data-widget_type=\"text-editor.default\">\n\t\t\t\t<div class=\"elementor-widget-container\">\n\t\t\t\t\t\t\t<p><span style=\"font-weight: 400;\">Na culin\u00e1ria, a R\u00fassia possui in\u00fameros pratos como os peixes \u00a0Aliche, Caviar e outros pescados e salgados para comer com Vodka, Strogonoff, churrasco de cerdo. Um dos costumes do pa\u00eds \u00e9 comer o Aliche, Salm\u00e3o e batatas na rua. \u201cO Strogonoff e os peixes da r\u00fassia s\u00e3o uma del\u00edcia\u201d, conta. <\/span><\/p><p><span style=\"font-weight: 400;\">Raquel explica que uma das partes mais complicadas da viagem foi o idioma. \u201cNa R\u00fassia \u00e9 imposs\u00edvel ler, entender e escrever uma palavra\u201d. Durante a viagem a estudante teve tr\u00eas aulas do idioma russo, onde foram ensinadas algumas frases de cumprimento e de agradecimento. \u00a0<\/span><\/p>\t\t\t\t\t\t<\/div>\n\t\t\t\t<\/div>\n\t\t\t\t\t<\/div>\n\t\t<\/div>\n\t\t\t\t\t<\/div>\n\t\t<\/section>\n\t\t\t\t<section class=\"elementor-section elementor-top-section elementor-element elementor-element-005254a elementor-section-boxed elementor-section-height-default elementor-section-height-default\" data-id=\"005254a\" data-element_type=\"section\">\n\t\t\t\t\t\t<div class=\"elementor-container elementor-column-gap-default\">\n\t\t\t\t\t<div class=\"elementor-column elementor-col-100 elementor-top-column elementor-element elementor-element-3bf05b4\" data-id=\"3bf05b4\" data-element_type=\"column\">\n\t\t\t<div class=\"elementor-widget-wrap elementor-element-populated\">\n\t\t\t\t\t\t<div class=\"elementor-element elementor-element-64bb72b elementor-widget elementor-widget-image\" data-id=\"64bb72b\" data-element_type=\"widget\" data-settings=\"{&quot;ekit_we_effect_on&quot;:&quot;none&quot;}\" data-widget_type=\"image.default\">\n\t\t\t\t<div class=\"elementor-widget-container\">\n\t\t\t\t\t\t\t\t\t\t<figure class=\"wp-caption\">\n\t\t\t\t\t\t\t\t\t\t<img decoding=\"async\" src=\"http:\/\/primeirapauta.ielusc.br\/wp-content\/uploads\/2018\/07\/strognoff-.jpeg\" title=\"\" alt=\"\" loading=\"lazy\" \/>\t\t\t\t\t\t\t\t\t\t\t<figcaption class=\"widget-image-caption wp-caption-text\">Raquel aponta que o Strogonoff \u00e9 uma das comidas mais deliciosas do pa\u00eds| Foto: Raquel Ramos\/Arquivo Pessoal<\/figcaption>\n\t\t\t\t\t\t\t\t\t\t<\/figure>\n\t\t\t\t\t\t\t<\/div>\n\t\t\t\t<\/div>\n\t\t\t\t\t<\/div>\n\t\t<\/div>\n\t\t\t\t\t<\/div>\n\t\t<\/section>\n\t\t\t\t<section class=\"elementor-section elementor-top-section elementor-element elementor-element-29d3392 elementor-section-boxed elementor-section-height-default elementor-section-height-default\" data-id=\"29d3392\" data-element_type=\"section\">\n\t\t\t\t\t\t<div class=\"elementor-container elementor-column-gap-default\">\n\t\t\t\t\t<div class=\"elementor-column elementor-col-100 elementor-top-column elementor-element elementor-element-b7aa7d9\" data-id=\"b7aa7d9\" data-element_type=\"column\">\n\t\t\t<div class=\"elementor-widget-wrap elementor-element-populated\">\n\t\t\t\t\t\t<div class=\"elementor-element elementor-element-1e05bf1 elementor-widget elementor-widget-text-editor\" data-id=\"1e05bf1\" data-element_type=\"widget\" data-settings=\"{&quot;ekit_we_effect_on&quot;:&quot;none&quot;}\" data-widget_type=\"text-editor.default\">\n\t\t\t\t<div class=\"elementor-widget-container\">\n\t\t\t\t\t\t\t<p><span style=\"font-weight: 400;\">O<a href=\"https:\/\/globoesporte.globo.com\/futebol\/copa-do-mundo\/rumo-a-russia\/noticia\/russia-em-detalhes-clima-lingua-cultura-e-cuidados-que-devem-ser-tomados-no-pais.ghtml\"> idioma<\/a> \u00e9 um dos fatores mais complicados para quem est\u00e1 pensando em viajar para um pa\u00eds diferente. E, se falando da R\u00fassia, o idioma pode ser uma grande dificuldade, visto que, em poucos lugares \u00e9 falado o ingl\u00eas b\u00e1sico. \u201cAl\u00e9m da barreira da l\u00edngua, a gente tem dificuldade de se relacionar com as pessoas do pa\u00eds, um povo muito fechado\u201d, conta Lucas Figueiredo, fot\u00f3grafo da sele\u00e7\u00e3o brasileira. Ele ainda deu o exemplo do seguran\u00e7a do hotel que est\u00e3o hospedados, mesmo o conhecendo, pede a credencial todos os dias.<\/span><\/p><p><span style=\"font-weight: 400;\">Falando em Copa do Mundo todos os olhos se voltam para a <\/span><b>sele\u00e7\u00e3o brasileira<\/b><span style=\"font-weight: 400;\">, n\u00e3o \u00e9 verdade? Agora imagina ter a oportunidade de trabalhar com a sele\u00e7\u00e3o e represent\u00e1-la atrav\u00e9s de fotografias? Parece sonho, mas a vida de Lucas foi conquistado com muita dedica\u00e7\u00e3o. \u201cMe sinto privilegiado e um pouco merecedor, sem deixar de ser humilde. Conquistei a confian\u00e7a dos jogadores, do t\u00e9cnico. O diferencial \u00e9 registrar os bastidores e fotografar os momentos que s\u00e3o fechados da sele\u00e7\u00e3o\u201d, afirma.<\/span><\/p>\t\t\t\t\t\t<\/div>\n\t\t\t\t<\/div>\n\t\t\t\t\t<\/div>\n\t\t<\/div>\n\t\t\t\t\t<\/div>\n\t\t<\/section>\n\t\t\t\t<section class=\"elementor-section elementor-top-section elementor-element elementor-element-360ea89 elementor-section-boxed elementor-section-height-default elementor-section-height-default\" data-id=\"360ea89\" data-element_type=\"section\">\n\t\t\t\t\t\t<div class=\"elementor-container elementor-column-gap-default\">\n\t\t\t\t\t<div class=\"elementor-column elementor-col-100 elementor-top-column elementor-element elementor-element-507019f\" data-id=\"507019f\" data-element_type=\"column\">\n\t\t\t<div class=\"elementor-widget-wrap elementor-element-populated\">\n\t\t\t\t\t\t<div class=\"elementor-element elementor-element-706cf10 elementor-widget elementor-widget-testimonial\" data-id=\"706cf10\" data-element_type=\"widget\" data-settings=\"{&quot;ekit_we_effect_on&quot;:&quot;none&quot;}\" data-widget_type=\"testimonial.default\">\n\t\t\t\t<div class=\"elementor-widget-container\">\n\t\t\t<style>\/*! elementor - v3.21.0 - 26-05-2024 *\/\n.elementor-testimonial-wrapper{overflow:hidden;text-align:center}.elementor-testimonial-wrapper .elementor-testimonial-content{font-size:1.3em;margin-bottom:20px}.elementor-testimonial-wrapper .elementor-testimonial-name{line-height:1.5;display:block}.elementor-testimonial-wrapper .elementor-testimonial-job{font-size:.85em;display:block}.elementor-testimonial-wrapper .elementor-testimonial-meta{width:100%;line-height:1}.elementor-testimonial-wrapper .elementor-testimonial-meta-inner{display:inline-block}.elementor-testimonial-wrapper .elementor-testimonial-meta .elementor-testimonial-details,.elementor-testimonial-wrapper .elementor-testimonial-meta .elementor-testimonial-image{display:table-cell;vertical-align:middle}.elementor-testimonial-wrapper .elementor-testimonial-meta .elementor-testimonial-image img{width:60px;height:60px;border-radius:50%;-o-object-fit:cover;object-fit:cover;max-width:none}.elementor-testimonial-wrapper .elementor-testimonial-meta.elementor-testimonial-image-position-aside .elementor-testimonial-image{padding-inline-end:15px}.elementor-testimonial-wrapper .elementor-testimonial-meta.elementor-testimonial-image-position-aside .elementor-testimonial-details{text-align:start}.elementor-testimonial-wrapper .elementor-testimonial-meta.elementor-testimonial-image-position-top .elementor-testimonial-details,.elementor-testimonial-wrapper .elementor-testimonial-meta.elementor-testimonial-image-position-top .elementor-testimonial-image{display:block}.elementor-testimonial-wrapper .elementor-testimonial-meta.elementor-testimonial-image-position-top .elementor-testimonial-image{margin-bottom:20px}<\/style>\t\t<div class=\"elementor-testimonial-wrapper\">\n\t\t\t\t\t\t\t<div class=\"elementor-testimonial-content\">\"Conquistei a confian\u00e7a dos jogadores e do t\u00e9cnico. O diferencial \u00e9 registrar os bastidores e os momentos que s\u00e3o fechados da sele\u00e7\u00e3o\"<\/div>\n\t\t\t\n\t\t\t\t\t\t<div class=\"elementor-testimonial-meta elementor-has-image elementor-testimonial-image-position-aside\">\n\t\t\t\t<div class=\"elementor-testimonial-meta-inner\">\n\t\t\t\t\t\t\t\t\t\t\t<div class=\"elementor-testimonial-image\">\n\t\t\t\t\t\t\t<img decoding=\"async\" src=\"http:\/\/primeirapauta.ielusc.br\/wp-content\/uploads\/2018\/07\/lucas-figueiredo.jpg\" title=\"\" alt=\"\" loading=\"lazy\" \/>\t\t\t\t\t\t<\/div>\n\t\t\t\t\t\n\t\t\t\t\t\t\t\t\t\t<div class=\"elementor-testimonial-details\">\n\t\t\t\t\t\t\t\t\t\t\t\t\t\t<div class=\"elementor-testimonial-name\">Lucas Figueiredo<\/div>\n\t\t\t\t\t\t\t\t\t\t\t\t\t\t\t\t\t\t\t\t\t\t<div class=\"elementor-testimonial-job\">Fot\u00f3grafo da Sele\u00e7\u00e3o Brasileira<\/div>\n\t\t\t\t\t\t\t\t\t\t\t\t\t<\/div>\n\t\t\t\t\t\t\t\t\t<\/div>\n\t\t\t<\/div>\n\t\t\t\t\t<\/div>\n\t\t\t\t<\/div>\n\t\t\t\t<\/div>\n\t\t\t\t\t<\/div>\n\t\t<\/div>\n\t\t\t\t\t<\/div>\n\t\t<\/section>\n\t\t\t\t<section class=\"elementor-section elementor-top-section elementor-element elementor-element-3ea1ccd elementor-section-boxed elementor-section-height-default elementor-section-height-default\" data-id=\"3ea1ccd\" data-element_type=\"section\">\n\t\t\t\t\t\t<div class=\"elementor-container elementor-column-gap-default\">\n\t\t\t\t\t<div class=\"elementor-column elementor-col-50 elementor-top-column elementor-element elementor-element-1c0d905\" data-id=\"1c0d905\" data-element_type=\"column\">\n\t\t\t<div class=\"elementor-widget-wrap elementor-element-populated\">\n\t\t\t\t\t\t<div class=\"elementor-element elementor-element-8af18f2 elementor-widget elementor-widget-image\" data-id=\"8af18f2\" data-element_type=\"widget\" data-settings=\"{&quot;ekit_we_effect_on&quot;:&quot;none&quot;}\" data-widget_type=\"image.default\">\n\t\t\t\t<div class=\"elementor-widget-container\">\n\t\t\t\t\t\t\t\t\t\t<figure class=\"wp-caption\">\n\t\t\t\t\t\t\t\t\t\t<img decoding=\"async\" src=\"http:\/\/primeirapauta.ielusc.br\/wp-content\/uploads\/2018\/07\/canarinho-pistola-e-Lucas.jpg\" title=\"\" alt=\"\" loading=\"lazy\" \/>\t\t\t\t\t\t\t\t\t\t\t<figcaption class=\"widget-image-caption wp-caption-text\">Lucas e o canarinho Pistola na R\u00fassia | Foto: Arquivo Pessoal<\/figcaption>\n\t\t\t\t\t\t\t\t\t\t<\/figure>\n\t\t\t\t\t\t\t<\/div>\n\t\t\t\t<\/div>\n\t\t\t\t\t<\/div>\n\t\t<\/div>\n\t\t\t\t<div class=\"elementor-column elementor-col-50 elementor-top-column elementor-element elementor-element-5e35ba3\" data-id=\"5e35ba3\" data-element_type=\"column\">\n\t\t\t<div class=\"elementor-widget-wrap elementor-element-populated\">\n\t\t\t\t\t\t<div class=\"elementor-element elementor-element-821bdbc elementor-widget elementor-widget-text-editor\" data-id=\"821bdbc\" data-element_type=\"widget\" data-settings=\"{&quot;ekit_we_effect_on&quot;:&quot;none&quot;}\" data-widget_type=\"text-editor.default\">\n\t\t\t\t<div class=\"elementor-widget-container\">\n\t\t\t\t\t\t\t<p><span style=\"font-weight: 400;\">De acordo com Figueiredo<\/span><span style=\"font-weight: 400;\">, a copa trouxe reflex\u00e3o, principalmente em rela\u00e7\u00e3o a press\u00e3o que os jogadores sofrem. \u201cTem jogo que eu me sinto pressionado, imagina os jogadores como trabalham?\u201d, questiona. <\/span><\/p><p>Leia mais: <a href=\"https:\/\/globoesporte.globo.com\/futebol\/copa-do-mundo\/rumo-a-russia\/noticia\/russia-em-detalhes-clima-lingua-cultura-e-cuidados-que-devem-ser-tomados-no-pais.ghtml\">R\u00fassia em detalhes: clima,l\u00edngua, cultura e cuidados que devem ser tomados no pa\u00eds<\/a><\/p><div style=\"box-sizing: inherit; margin: 0px auto; padding: 0px 1rem; border: 0px; font-variant-numeric: inherit; font-variant-east-asian: inherit; font-stretch: inherit; font-size: 18px; line-height: inherit; font-family: opensanstitle, helvetica, arial, sans-serif; vertical-align: baseline; width: 1011.75px; float: none; color: #484848;\"><h1 style=\"box-sizing: inherit; margin-top: 30px; margin-bottom: 12px; padding: 0px; border: 0px; font-style: inherit; font-variant: inherit; font-stretch: inherit; font-size: 3.25rem; line-height: 1.1; font-family: inherit; vertical-align: baseline; letter-spacing: -0.065em; color: #333333; text-align: center;\">\u00a0<\/h1><\/div><div style=\"box-sizing: inherit; margin: 0px auto; padding: 0px 1rem; border: 0px; font-variant-numeric: inherit; font-variant-east-asian: inherit; font-stretch: inherit; font-size: 18px; line-height: inherit; font-family: opensanstitle, helvetica, arial, sans-serif; vertical-align: baseline; width: 899.328px; float: none; color: #484848;\">\u00a0<\/div>\t\t\t\t\t\t<\/div>\n\t\t\t\t<\/div>\n\t\t\t\t\t<\/div>\n\t\t<\/div>\n\t\t\t\t\t<\/div>\n\t\t<\/section>\n\t\t\t\t<section class=\"elementor-section elementor-top-section elementor-element elementor-element-14c0cb3 elementor-section-boxed elementor-section-height-default elementor-section-height-default\" data-id=\"14c0cb3\" data-element_type=\"section\">\n\t\t\t\t\t\t<div class=\"elementor-container elementor-column-gap-default\">\n\t\t\t\t\t<div class=\"elementor-column elementor-col-100 elementor-top-column elementor-element elementor-element-bca56a6\" data-id=\"bca56a6\" data-element_type=\"column\">\n\t\t\t<div class=\"elementor-widget-wrap elementor-element-populated\">\n\t\t\t\t\t\t<section class=\"elementor-section elementor-inner-section elementor-element elementor-element-143092a elementor-section-boxed elementor-section-height-default elementor-section-height-default\" data-id=\"143092a\" data-element_type=\"section\">\n\t\t\t\t\t\t<div class=\"elementor-container elementor-column-gap-default\">\n\t\t\t\t\t<div class=\"elementor-column elementor-col-50 elementor-inner-column elementor-element elementor-element-70209f4\" data-id=\"70209f4\" data-element_type=\"column\">\n\t\t\t<div class=\"elementor-widget-wrap elementor-element-populated\">\n\t\t\t\t\t\t<div class=\"elementor-element elementor-element-0f19748 elementor-widget elementor-widget-image\" data-id=\"0f19748\" data-element_type=\"widget\" data-settings=\"{&quot;ekit_we_effect_on&quot;:&quot;none&quot;}\" data-widget_type=\"image.default\">\n\t\t\t\t<div class=\"elementor-widget-container\">\n\t\t\t\t\t\t\t\t\t\t<figure class=\"wp-caption\">\n\t\t\t\t\t\t\t\t\t\t<img fetchpriority=\"high\" decoding=\"async\" width=\"800\" height=\"480\" src=\"https:\/\/primeirapauta.ielusc.br\/wp-content\/uploads\/2022\/02\/social_image_2.jpg\" class=\"attachment-large size-large wp-image-593\" alt=\"\" \/>\t\t\t\t\t\t\t\t\t\t\t<figcaption class=\"widget-image-caption wp-caption-text\">O fotografo registrou v\u00e1rios momentos da sele\u00e7\u00e3o durante as partidas  | Foto: Lucas Figueiredo <\/figcaption>\n\t\t\t\t\t\t\t\t\t\t<\/figure>\n\t\t\t\t\t\t\t<\/div>\n\t\t\t\t<\/div>\n\t\t\t\t\t<\/div>\n\t\t<\/div>\n\t\t\t\t<div class=\"elementor-column elementor-col-50 elementor-inner-column elementor-element elementor-element-4d3a442\" data-id=\"4d3a442\" data-element_type=\"column\">\n\t\t\t<div class=\"elementor-widget-wrap elementor-element-populated\">\n\t\t\t\t\t\t<div class=\"elementor-element elementor-element-61dbf46 elementor-widget elementor-widget-image\" data-id=\"61dbf46\" data-element_type=\"widget\" data-settings=\"{&quot;ekit_we_effect_on&quot;:&quot;none&quot;}\" data-widget_type=\"image.default\">\n\t\t\t\t<div class=\"elementor-widget-container\">\n\t\t\t\t\t\t\t\t\t\t<figure class=\"wp-caption\">\n\t\t\t\t\t\t\t\t\t\t<img decoding=\"async\" src=\"http:\/\/primeirapauta.ielusc.br\/wp-content\/uploads\/2018\/07\/Comemora\u00e7\u00e3o.jpg\" title=\"\" alt=\"\" loading=\"lazy\" \/>\t\t\t\t\t\t\t\t\t\t\t<figcaption class=\"widget-image-caption wp-caption-text\">Jogadores comemoram vit\u00f3ria durante partida | Foto: Lucas Figueiredo<\/figcaption>\n\t\t\t\t\t\t\t\t\t\t<\/figure>\n\t\t\t\t\t\t\t<\/div>\n\t\t\t\t<\/div>\n\t\t\t\t\t<\/div>\n\t\t<\/div>\n\t\t\t\t\t<\/div>\n\t\t<\/section>\n\t\t\t\t\t<\/div>\n\t\t<\/div>\n\t\t\t\t\t<\/div>\n\t\t<\/section>\n\t\t\t\t<section class=\"elementor-section elementor-top-section elementor-element elementor-element-b9f8f9f elementor-section-boxed elementor-section-height-default elementor-section-height-default\" data-id=\"b9f8f9f\" data-element_type=\"section\">\n\t\t\t\t\t\t<div class=\"elementor-container elementor-column-gap-default\">\n\t\t\t\t\t<div class=\"elementor-column elementor-col-100 elementor-top-column elementor-element elementor-element-5e78b9b\" data-id=\"5e78b9b\" data-element_type=\"column\">\n\t\t\t<div class=\"elementor-widget-wrap elementor-element-populated\">\n\t\t\t\t\t\t<div class=\"elementor-element elementor-element-843df95 elementor-widget elementor-widget-text-editor\" data-id=\"843df95\" data-element_type=\"widget\" data-settings=\"{&quot;ekit_we_effect_on&quot;:&quot;none&quot;}\" data-widget_type=\"text-editor.default\">\n\t\t\t\t<div class=\"elementor-widget-container\">\n\t\t\t\t\t\t\t<p><span style=\"font-weight: 400;\">Para muitos rep\u00f3rteres cobrir a Copa do Mundo \u00e9 um momento de muito aprendizado. Um sonho que \u00a0toma conta dos mais experientes at\u00e9 os que est\u00e3o no in\u00edcio da carreira. Aqui em <\/span><b>Santa Catarina<\/b><span style=\"font-weight: 400;\">, os jornalistas da NSC Comunica\u00e7\u00e3o Roberto Alves, Cacau Menezes e Diorgenes Pandini foram os enviados especiais para R\u00fassia.<\/span><\/p><p>\u00a0<\/p><p><span style=\"font-weight: 400;\">A equipe de reportagem do Primeira Pauta Digital conversou com exclusividade com o \u00a0rep\u00f3rter fotogr\u00e1fico do jornal<\/span><b> \u2018Di\u00e1rio Catarinense\u2019,<\/b> <b>Diorgenes Pandini<\/b><span style=\"font-weight: 400;\">. Al\u00e9m de ser um grande experi\u00eancia fazer parte do <\/span><b>Mundial<\/b><span style=\"font-weight: 400;\">, o jornalista conta que ele est\u00e1 se desafiando em outras modalidades do jornalismo como o r\u00e1dio e TV.<\/span><\/p>\t\t\t\t\t\t<\/div>\n\t\t\t\t<\/div>\n\t\t\t\t\t<\/div>\n\t\t<\/div>\n\t\t\t\t\t<\/div>\n\t\t<\/section>\n\t\t\t\t<section class=\"elementor-section elementor-top-section elementor-element elementor-element-c231812 elementor-section-boxed elementor-section-height-default elementor-section-height-default\" data-id=\"c231812\" data-element_type=\"section\">\n\t\t\t\t\t\t<div class=\"elementor-container elementor-column-gap-default\">\n\t\t\t\t\t<div class=\"elementor-column elementor-col-100 elementor-top-column elementor-element elementor-element-a913083\" data-id=\"a913083\" data-element_type=\"column\">\n\t\t\t<div class=\"elementor-widget-wrap elementor-element-populated\">\n\t\t\t\t\t\t<div class=\"elementor-element elementor-element-129d9a0 elementor-widget elementor-widget-image\" data-id=\"129d9a0\" data-element_type=\"widget\" data-settings=\"{&quot;ekit_we_effect_on&quot;:&quot;none&quot;}\" data-widget_type=\"image.default\">\n\t\t\t\t<div class=\"elementor-widget-container\">\n\t\t\t\t\t\t\t\t\t\t<figure class=\"wp-caption\">\n\t\t\t\t\t\t\t\t\t\t<img decoding=\"async\" width=\"800\" height=\"492\" src=\"https:\/\/primeirapauta.ielusc.br\/wp-content\/uploads\/2022\/02\/vieo_image_1.jpg\" class=\"attachment-large size-large wp-image-589\" alt=\"\" \/>\t\t\t\t\t\t\t\t\t\t\t<figcaption class=\"widget-image-caption wp-caption-text\">Jornalista do Di\u00e1rio Catarinense foi um dos enviados especiais para participar da cobertura dos jogos da Copa do Mundo  | Foto: Di\u00f3rgenes Pandini\/Arquivo Pessoal<\/figcaption>\n\t\t\t\t\t\t\t\t\t\t<\/figure>\n\t\t\t\t\t\t\t<\/div>\n\t\t\t\t<\/div>\n\t\t\t\t\t<\/div>\n\t\t<\/div>\n\t\t\t\t\t<\/div>\n\t\t<\/section>\n\t\t\t\t<section class=\"elementor-section elementor-top-section elementor-element elementor-element-6aee212 elementor-section-boxed elementor-section-height-default elementor-section-height-default\" data-id=\"6aee212\" data-element_type=\"section\">\n\t\t\t\t\t\t<div class=\"elementor-container elementor-column-gap-default\">\n\t\t\t\t\t<div class=\"elementor-column elementor-col-100 elementor-top-column elementor-element elementor-element-18abd71\" data-id=\"18abd71\" data-element_type=\"column\">\n\t\t\t<div class=\"elementor-widget-wrap elementor-element-populated\">\n\t\t\t\t\t\t<div class=\"elementor-element elementor-element-1eb6789 elementor-widget elementor-widget-text-editor\" data-id=\"1eb6789\" data-element_type=\"widget\" data-settings=\"{&quot;ekit_we_effect_on&quot;:&quot;none&quot;}\" data-widget_type=\"text-editor.default\">\n\t\t\t\t<div class=\"elementor-widget-container\">\n\t\t\t\t\t\t\t<p><span style=\"font-weight: 400;\">De acordo com Pandini, a press\u00e3o dos meios de comunica\u00e7\u00e3o \u00e9 grande. Ap\u00f3s o t\u00e9rmino da copa, o jornalista vai levar as hist\u00f3rias dos bastidores e afirma que vai sair muito mais focado. \u00a0Apesar de estar no pa\u00eds sede, ele n\u00e3o conseguiu uma credencial para participar dos jogos. \u201cA minha cobertura \u00e9 por fora dos est\u00e1dios. Vou ao jogo como torcedor\u201d, lamenta. <\/span><\/p>\t\t\t\t\t\t<\/div>\n\t\t\t\t<\/div>\n\t\t\t\t\t<\/div>\n\t\t<\/div>\n\t\t\t\t\t<\/div>\n\t\t<\/section>\n\t\t\t\t<section class=\"elementor-section elementor-top-section elementor-element elementor-element-41540d4 elementor-section-boxed elementor-section-height-default elementor-section-height-default\" data-id=\"41540d4\" data-element_type=\"section\">\n\t\t\t\t\t\t<div class=\"elementor-container elementor-column-gap-default\">\n\t\t\t\t\t<div class=\"elementor-column elementor-col-100 elementor-top-column elementor-element elementor-element-2a7ab6d\" data-id=\"2a7ab6d\" data-element_type=\"column\">\n\t\t\t<div class=\"elementor-widget-wrap elementor-element-populated\">\n\t\t\t\t\t\t<div class=\"elementor-element elementor-element-017e6db elementor-widget elementor-widget-text-editor\" data-id=\"017e6db\" data-element_type=\"widget\" data-settings=\"{&quot;ekit_we_effect_on&quot;:&quot;none&quot;}\" data-widget_type=\"text-editor.default\">\n\t\t\t\t<div class=\"elementor-widget-container\">\n\t\t\t\t\t\t\t<h1><b>Joinville e Moscou est\u00e3o ligadas pela dan\u00e7a<\/b><\/h1>\t\t\t\t\t\t<\/div>\n\t\t\t\t<\/div>\n\t\t\t\t\t<\/div>\n\t\t<\/div>\n\t\t\t\t\t<\/div>\n\t\t<\/section>\n\t\t\t\t<section class=\"elementor-section elementor-top-section elementor-element elementor-element-07677fa elementor-section-boxed elementor-section-height-default elementor-section-height-default\" data-id=\"07677fa\" data-element_type=\"section\">\n\t\t\t\t\t\t<div class=\"elementor-container elementor-column-gap-default\">\n\t\t\t\t\t<div class=\"elementor-column elementor-col-100 elementor-top-column elementor-element elementor-element-c35e038\" data-id=\"c35e038\" data-element_type=\"column\">\n\t\t\t<div class=\"elementor-widget-wrap elementor-element-populated\">\n\t\t\t\t\t\t<div class=\"elementor-element elementor-element-dd27d55 elementor-widget elementor-widget-text-editor\" data-id=\"dd27d55\" data-element_type=\"widget\" data-settings=\"{&quot;ekit_we_effect_on&quot;:&quot;none&quot;}\" data-widget_type=\"text-editor.default\">\n\t\t\t\t<div class=\"elementor-widget-container\">\n\t\t\t\t\t\t\t<p><span style=\"font-weight: 400;\">S\u00f3 que n\u00e3o \u00e9 apenas o futebol que liga o Brasil com o pa\u00eds sede da Copa Mundo, apesar de n\u00e3o parecer, Joinville e <\/span><b>Moscou<\/b><span style=\"font-weight: 400;\"> t\u00eam algo em comum, a dan\u00e7a. A maior cidade do estado de Santa Catarina \u00e9 a \u00fanica sede da escola de <\/span><b>Bal\u00e9 Bolshoi<\/b><span style=\"font-weight: 400;\"> fora da R\u00fassia. H\u00e1 18 anos no norte de Santa Catarina a escola promove o maior festival de dan\u00e7a do mundo.<\/span><\/p><p>\u00a0<\/p><p><span style=\"font-weight: 400;\">Ant\u00f4nio Viana Neves, jornalista, mais conhecido como Toninho Neves, foi para a R\u00fassia no dia 26 de mar\u00e7o de 2001, integrando a comitiva do Prefeito de Joinville, Luiz Henrique da Silveira, que por sua vez foi convidado do Governo Russo para os festejos dos 225 anos de funda\u00e7\u00e3o do Bolshoi. \u201cFoi uma viagem multicultural, pois, conhecemos uma cidade rica que mexeu com o mundo, como a Revolu\u00e7\u00e3o de 1917, depois a Perestroika, pa\u00eds protagonista de eventos que sacudiram o mundo\u201d, afirma Toninho.<\/span><\/p>\t\t\t\t\t\t<\/div>\n\t\t\t\t<\/div>\n\t\t\t\t\t<\/div>\n\t\t<\/div>\n\t\t\t\t\t<\/div>\n\t\t<\/section>\n\t\t\t\t<section class=\"elementor-section elementor-top-section elementor-element elementor-element-a0d4369 elementor-section-boxed elementor-section-height-default elementor-section-height-default\" data-id=\"a0d4369\" data-element_type=\"section\">\n\t\t\t\t\t\t<div class=\"elementor-container elementor-column-gap-default\">\n\t\t\t\t\t<div class=\"elementor-column elementor-col-100 elementor-top-column elementor-element elementor-element-73fad0b\" data-id=\"73fad0b\" data-element_type=\"column\">\n\t\t\t<div class=\"elementor-widget-wrap elementor-element-populated\">\n\t\t\t\t\t\t<div class=\"elementor-element elementor-element-d1981fc elementor-widget elementor-widget-image\" data-id=\"d1981fc\" data-element_type=\"widget\" data-settings=\"{&quot;ekit_we_effect_on&quot;:&quot;none&quot;}\" data-widget_type=\"image.default\">\n\t\t\t\t<div class=\"elementor-widget-container\">\n\t\t\t\t\t\t\t\t\t\t<figure class=\"wp-caption\">\n\t\t\t\t\t\t\t\t\t\t<img decoding=\"async\" src=\"http:\/\/primeirapauta.ielusc.br\/wp-content\/uploads\/2018\/07\/Toninho-Neves-e-Luiz-Henrique.jpg\" title=\"\" alt=\"\" loading=\"lazy\" \/>\t\t\t\t\t\t\t\t\t\t\t<figcaption class=\"widget-image-caption wp-caption-text\">Jornalista foi para a R\u00fassia em comemora\u00e7\u00e3o aos 225 anos do Bolshoi | Foto: Arquivo Pessoal<\/figcaption>\n\t\t\t\t\t\t\t\t\t\t<\/figure>\n\t\t\t\t\t\t\t<\/div>\n\t\t\t\t<\/div>\n\t\t\t\t\t<\/div>\n\t\t<\/div>\n\t\t\t\t\t<\/div>\n\t\t<\/section>\n\t\t\t\t<section class=\"elementor-section elementor-top-section elementor-element elementor-element-f2ddd28 elementor-section-boxed elementor-section-height-default elementor-section-height-default\" data-id=\"f2ddd28\" data-element_type=\"section\">\n\t\t\t\t\t\t<div class=\"elementor-container elementor-column-gap-default\">\n\t\t\t\t\t<div class=\"elementor-column elementor-col-100 elementor-top-column elementor-element elementor-element-03a1b6a\" data-id=\"03a1b6a\" data-element_type=\"column\">\n\t\t\t<div class=\"elementor-widget-wrap elementor-element-populated\">\n\t\t\t\t\t\t<div class=\"elementor-element elementor-element-35ca7bb elementor-widget elementor-widget-video\" data-id=\"35ca7bb\" data-element_type=\"widget\" data-settings=\"{&quot;youtube_url&quot;:&quot;https:\\\/\\\/www.youtube.com\\\/watch?v=IAAAGQOWWGo&quot;,&quot;video_type&quot;:&quot;youtube&quot;,&quot;controls&quot;:&quot;yes&quot;,&quot;ekit_we_effect_on&quot;:&quot;none&quot;}\" data-widget_type=\"video.default\">\n\t\t\t\t<div class=\"elementor-widget-container\">\n\t\t\t<style>\/*! elementor - v3.21.0 - 26-05-2024 *\/\n.elementor-widget-video .elementor-widget-container{overflow:hidden;transform:translateZ(0)}.elementor-widget-video .elementor-wrapper{aspect-ratio:var(--video-aspect-ratio)}.elementor-widget-video .elementor-wrapper iframe,.elementor-widget-video .elementor-wrapper video{height:100%;width:100%;display:flex;border:none;background-color:#000}@supports not (aspect-ratio:1\/1){.elementor-widget-video .elementor-wrapper{position:relative;overflow:hidden;height:0;padding-bottom:calc(100% \/ var(--video-aspect-ratio))}.elementor-widget-video .elementor-wrapper iframe,.elementor-widget-video .elementor-wrapper video{position:absolute;top:0;right:0;bottom:0;left:0}}.elementor-widget-video .elementor-open-inline .elementor-custom-embed-image-overlay{position:absolute;top:0;right:0;bottom:0;left:0;background-size:cover;background-position:50%}.elementor-widget-video .elementor-custom-embed-image-overlay{cursor:pointer;text-align:center}.elementor-widget-video .elementor-custom-embed-image-overlay:hover .elementor-custom-embed-play i{opacity:1}.elementor-widget-video .elementor-custom-embed-image-overlay img{display:block;width:100%;aspect-ratio:var(--video-aspect-ratio);-o-object-fit:cover;object-fit:cover;-o-object-position:center center;object-position:center center}@supports not (aspect-ratio:1\/1){.elementor-widget-video .elementor-custom-embed-image-overlay{position:relative;overflow:hidden;height:0;padding-bottom:calc(100% \/ var(--video-aspect-ratio))}.elementor-widget-video .elementor-custom-embed-image-overlay img{position:absolute;top:0;right:0;bottom:0;left:0}}.elementor-widget-video .e-hosted-video .elementor-video{-o-object-fit:cover;object-fit:cover}.e-con-inner>.elementor-widget-video,.e-con>.elementor-widget-video{width:var(--container-widget-width);--flex-grow:var(--container-widget-flex-grow)}<\/style>\t\t<div class=\"elementor-wrapper elementor-open-inline\">\n\t\t\t<div class=\"elementor-video\"><\/div>\t\t<\/div>\n\t\t\t\t<\/div>\n\t\t\t\t<\/div>\n\t\t\t\t\t<\/div>\n\t\t<\/div>\n\t\t\t\t\t<\/div>\n\t\t<\/section>\n\t\t\t\t<section class=\"elementor-section elementor-top-section elementor-element elementor-element-e3b996b elementor-section-boxed elementor-section-height-default elementor-section-height-default\" data-id=\"e3b996b\" data-element_type=\"section\">\n\t\t\t\t\t\t<div class=\"elementor-container elementor-column-gap-default\">\n\t\t\t\t\t<div class=\"elementor-column elementor-col-100 elementor-top-column elementor-element elementor-element-572d2de\" data-id=\"572d2de\" data-element_type=\"column\">\n\t\t\t<div class=\"elementor-widget-wrap elementor-element-populated\">\n\t\t\t\t\t\t<div class=\"elementor-element elementor-element-9fafa5c elementor-widget elementor-widget-text-editor\" data-id=\"9fafa5c\" data-element_type=\"widget\" data-settings=\"{&quot;ekit_we_effect_on&quot;:&quot;none&quot;}\" data-widget_type=\"text-editor.default\">\n\t\t\t\t<div class=\"elementor-widget-container\">\n\t\t\t\t\t\t\t<p><b><i>Por: Leonardo Koch, Camila Campos, Vinicius Oliveira e Ana Flavia.<\/i><\/b><\/p><p><b>Conte\u00fado produzido para o Primeira Pauta Digital | Disciplina Jornalismo Digital II<\/b><\/p><p><b>5\u00ba Fase | 2018<\/b><\/p>\t\t\t\t\t\t<\/div>\n\t\t\t\t<\/div>\n\t\t\t\t\t<\/div>\n\t\t<\/div>\n\t\t\t\t\t<\/div>\n\t\t<\/section>\n\t\t\t\t<\/div>\n\t\t\n    <div class=\"xs_social_share_widget xs_share_url after_content \t\tmain_content  wslu-style-1 wslu-share-box-shaped wslu-fill-colored wslu-none wslu-share-horizontal wslu-theme-font-no wslu-main_content\">\n\n\t\t\n        <ul>\n\t\t\t        <\/ul>\n    <\/div> \n","protected":false},"excerpt":{"rendered":"<p>Profissionais da comunica\u00e7\u00e3o e turistas relatam suas experi\u00eancias no pa\u00eds sede do mundial O evento esportivo mais aguardado no mundo inteiro come\u00e7ou e est\u00e1 surpreendendo a todos. Al\u00e9m de proporcionar jogos emocionantes, a Copa do Mundo FIFA traz consigo a representa\u00e7\u00e3o e a diversidade das culturas presentes de todos os pa\u00edses que est\u00e3o disputando o [&hellip;]<\/p>\n","protected":false},"author":3,"featured_media":2784,"comment_status":"open","ping_status":"open","sticky":false,"template":"","format":"standard","meta":{"footnotes":""},"categories":[328],"tags":[97],"_links":{"self":[{"href":"https:\/\/primeirapauta.ielusc.br\/index.php\/wp-json\/wp\/v2\/posts\/583"}],"collection":[{"href":"https:\/\/primeirapauta.ielusc.br\/index.php\/wp-json\/wp\/v2\/posts"}],"about":[{"href":"https:\/\/primeirapauta.ielusc.br\/index.php\/wp-json\/wp\/v2\/types\/post"}],"author":[{"embeddable":true,"href":"https:\/\/primeirapauta.ielusc.br\/index.php\/wp-json\/wp\/v2\/users\/3"}],"replies":[{"embeddable":true,"href":"https:\/\/primeirapauta.ielusc.br\/index.php\/wp-json\/wp\/v2\/comments?post=583"}],"version-history":[{"count":2,"href":"https:\/\/primeirapauta.ielusc.br\/index.php\/wp-json\/wp\/v2\/posts\/583\/revisions"}],"predecessor-version":[{"id":2785,"href":"https:\/\/primeirapauta.ielusc.br\/index.php\/wp-json\/wp\/v2\/posts\/583\/revisions\/2785"}],"wp:featuredmedia":[{"embeddable":true,"href":"https:\/\/primeirapauta.ielusc.br\/index.php\/wp-json\/wp\/v2\/media\/2784"}],"wp:attachment":[{"href":"https:\/\/primeirapauta.ielusc.br\/index.php\/wp-json\/wp\/v2\/media?parent=583"}],"wp:term":[{"taxonomy":"category","embeddable":true,"href":"https:\/\/primeirapauta.ielusc.br\/index.php\/wp-json\/wp\/v2\/categories?post=583"},{"taxonomy":"post_tag","embeddable":true,"href":"https:\/\/primeirapauta.ielusc.br\/index.php\/wp-json\/wp\/v2\/tags?post=583"}],"curies":[{"name":"wp","href":"https:\/\/api.w.org\/{rel}","templated":true}]}}