{"id":669,"date":"2018-07-16T21:04:20","date_gmt":"2018-07-17T00:04:20","guid":{"rendered":"http:\/\/primeirapauta.ielusc.br\/?p=669"},"modified":"2022-06-29T21:35:42","modified_gmt":"2022-06-30T00:35:42","slug":"o-papel-dos-brechos-na-sociedade-de-consumo","status":"publish","type":"post","link":"https:\/\/primeirapauta.ielusc.br\/index.php\/2018\/07\/16\/o-papel-dos-brechos-na-sociedade-de-consumo\/","title":{"rendered":"O papel dos brech\u00f3s na sociedade de consumo"},"content":{"rendered":"<div id=\"meta\">\n<div id=\"meta-contents\">\n<div id=\"container\">\n<div id=\"content\">Comprar em brech\u00f3s tem sido a alternativa encontrada por muitos consumidores que querem economizar na hora de adquirir novas pe\u00e7as de vestu\u00e1rio. Contudo, existem outros motivos pelos quais os brech\u00f3s merecem aten\u00e7\u00e3o. Assista o v\u00eddeo e entenda como a venda de roupas usadas se reflete no meio ambiente, no bolso dos consumidores e at\u00e9 na constru\u00e7\u00e3o do estilo pessoal.<\/div>\n<\/div>\n<\/div>\n<\/div>\n<div><\/div>\n<div><\/div>\n<div>\n<p><iframe title=\"O papel dos brech\u00f3s na sociedade de consumo\" width=\"800\" height=\"450\" src=\"https:\/\/www.youtube.com\/embed\/0bGA-xLdu6M?feature=oembed\" frameborder=\"0\" allow=\"accelerometer; autoplay; clipboard-write; encrypted-media; gyroscope; picture-in-picture\" allowfullscreen><\/iframe><\/p>\n<\/div>\n<div><strong>Conte\u00fado produzido pelas acad\u00eamicas J\u00e9ssica Bett e Mar\u00edlia Oliveira para a disciplina de Telejornalismo III, 5\u00aa Fase\/2018.&nbsp;<\/strong><\/div>\n\n    <div class=\"xs_social_share_widget xs_share_url after_content \t\tmain_content  wslu-style-1 wslu-share-box-shaped wslu-fill-colored wslu-none wslu-share-horizontal wslu-theme-font-no wslu-main_content\">\n\n\t\t\n        <ul>\n\t\t\t        <\/ul>\n    <\/div> \n","protected":false},"excerpt":{"rendered":"<p>Comprar em brech\u00f3s tem sido a alternativa encontrada por muitos consumidores que querem economizar na hora de adquirir novas pe\u00e7as de vestu\u00e1rio. Contudo, existem outros motivos pelos quais os brech\u00f3s merecem aten\u00e7\u00e3o. Assista o v\u00eddeo e entenda como a venda de roupas usadas se reflete no meio ambiente, no bolso dos consumidores e at\u00e9 na [&hellip;]<\/p>\n","protected":false},"author":3,"featured_media":2347,"comment_status":"open","ping_status":"open","sticky":false,"template":"","format":"standard","meta":{"footnotes":""},"categories":[324],"tags":[103,104,105,106,107,31,108,109],"_links":{"self":[{"href":"https:\/\/primeirapauta.ielusc.br\/index.php\/wp-json\/wp\/v2\/posts\/669"}],"collection":[{"href":"https:\/\/primeirapauta.ielusc.br\/index.php\/wp-json\/wp\/v2\/posts"}],"about":[{"href":"https:\/\/primeirapauta.ielusc.br\/index.php\/wp-json\/wp\/v2\/types\/post"}],"author":[{"embeddable":true,"href":"https:\/\/primeirapauta.ielusc.br\/index.php\/wp-json\/wp\/v2\/users\/3"}],"replies":[{"embeddable":true,"href":"https:\/\/primeirapauta.ielusc.br\/index.php\/wp-json\/wp\/v2\/comments?post=669"}],"version-history":[{"count":1,"href":"https:\/\/primeirapauta.ielusc.br\/index.php\/wp-json\/wp\/v2\/posts\/669\/revisions"}],"predecessor-version":[{"id":2352,"href":"https:\/\/primeirapauta.ielusc.br\/index.php\/wp-json\/wp\/v2\/posts\/669\/revisions\/2352"}],"wp:featuredmedia":[{"embeddable":true,"href":"https:\/\/primeirapauta.ielusc.br\/index.php\/wp-json\/wp\/v2\/media\/2347"}],"wp:attachment":[{"href":"https:\/\/primeirapauta.ielusc.br\/index.php\/wp-json\/wp\/v2\/media?parent=669"}],"wp:term":[{"taxonomy":"category","embeddable":true,"href":"https:\/\/primeirapauta.ielusc.br\/index.php\/wp-json\/wp\/v2\/categories?post=669"},{"taxonomy":"post_tag","embeddable":true,"href":"https:\/\/primeirapauta.ielusc.br\/index.php\/wp-json\/wp\/v2\/tags?post=669"}],"curies":[{"name":"wp","href":"https:\/\/api.w.org\/{rel}","templated":true}]}}