{"id":675,"date":"2018-07-20T19:14:54","date_gmt":"2018-07-20T22:14:54","guid":{"rendered":"http:\/\/primeirapauta.ielusc.br\/?p=675"},"modified":"2025-07-04T20:42:27","modified_gmt":"2025-07-04T23:42:27","slug":"20-de-julho-conheca-historias-para-celebrar-o-dia-do-amigo","status":"publish","type":"post","link":"https:\/\/primeirapauta.ielusc.br\/index.php\/2018\/07\/20\/20-de-julho-conheca-historias-para-celebrar-o-dia-do-amigo\/","title":{"rendered":"20 de julho: conhe\u00e7a hist\u00f3rias para celebrar o Dia do Amigo"},"content":{"rendered":"<p>O <strong>Dia do Amigo<\/strong> \u00e9 comemorado no mesmo dia em que se lembra a chegada do homem \u00e0 lua,<strong><em> 20 de julho<\/em><\/strong>. L\u00e1 em 1969, o m\u00e9dico argentino <strong>Enrique Ernesto Febbraro<\/strong> enviou quatro mil cartas para diferentes pa\u00edses a fim de instituir o Dia do Amigo.<\/p>\n<p>Segundo Febrraro, a chegada do homem \u00e0 lua \u00e9 &#8220;um feito que demonstra que se o homem se unir com seus semelhantes, n\u00e3o h\u00e1 objetivos imposs\u00edveis.&#8221;<\/p>\n<p>As acad\u00eamicas da 5\u00aa fase de Jornalismo <strong>Liandra Tank<\/strong> e <strong>Mariana Costa<\/strong> resolveram contar hist\u00f3rias de diferentes amizades para celebrar esse dia.<\/p>\n<p>Voc\u00ea pode conferir o resultado no v\u00eddeo abaixo:<\/p>\n<p><iframe title=\"20 de julho: conhe\u00e7a hist\u00f3rias para celebrar o Dia do Amigo\" width=\"800\" height=\"450\" src=\"https:\/\/www.youtube.com\/embed\/N-jSdRC-OBo?feature=oembed\" frameborder=\"0\" allow=\"accelerometer; autoplay; clipboard-write; encrypted-media; gyroscope; picture-in-picture\" allowfullscreen><\/iframe><\/p>\n<p>&nbsp;<\/p>\n<p><strong>Conte\u00fado produzido na disciplina Telejornalismo III, 5\u00aa Fase\/2018<\/strong><br \/>\n<em>Reportagem: Liandra Tank e Mariana Costa<\/em><\/p>\n\n    <div class=\"xs_social_share_widget xs_share_url after_content \t\tmain_content  wslu-style-1 wslu-share-box-shaped wslu-fill-colored wslu-none wslu-share-horizontal wslu-theme-font-no wslu-main_content\">\n\n\t\t\n        <ul>\n\t\t\t        <\/ul>\n    <\/div> \n","protected":false},"excerpt":{"rendered":"<p>O Dia do Amigo \u00e9 comemorado no mesmo dia em que se lembra a chegada do homem \u00e0 lua, 20 de julho. L\u00e1 em 1969, o m\u00e9dico argentino Enrique Ernesto Febbraro enviou quatro mil cartas para diferentes pa\u00edses a fim de instituir o Dia do Amigo. Segundo Febrraro, a chegada do homem \u00e0 lua \u00e9 [&hellip;]<\/p>\n","protected":false},"author":3,"featured_media":2554,"comment_status":"open","ping_status":"open","sticky":false,"template":"","format":"standard","meta":{"footnotes":""},"categories":[266,610],"tags":[110,111,112],"_links":{"self":[{"href":"https:\/\/primeirapauta.ielusc.br\/index.php\/wp-json\/wp\/v2\/posts\/675"}],"collection":[{"href":"https:\/\/primeirapauta.ielusc.br\/index.php\/wp-json\/wp\/v2\/posts"}],"about":[{"href":"https:\/\/primeirapauta.ielusc.br\/index.php\/wp-json\/wp\/v2\/types\/post"}],"author":[{"embeddable":true,"href":"https:\/\/primeirapauta.ielusc.br\/index.php\/wp-json\/wp\/v2\/users\/3"}],"replies":[{"embeddable":true,"href":"https:\/\/primeirapauta.ielusc.br\/index.php\/wp-json\/wp\/v2\/comments?post=675"}],"version-history":[{"count":1,"href":"https:\/\/primeirapauta.ielusc.br\/index.php\/wp-json\/wp\/v2\/posts\/675\/revisions"}],"predecessor-version":[{"id":2555,"href":"https:\/\/primeirapauta.ielusc.br\/index.php\/wp-json\/wp\/v2\/posts\/675\/revisions\/2555"}],"wp:featuredmedia":[{"embeddable":true,"href":"https:\/\/primeirapauta.ielusc.br\/index.php\/wp-json\/wp\/v2\/media\/2554"}],"wp:attachment":[{"href":"https:\/\/primeirapauta.ielusc.br\/index.php\/wp-json\/wp\/v2\/media?parent=675"}],"wp:term":[{"taxonomy":"category","embeddable":true,"href":"https:\/\/primeirapauta.ielusc.br\/index.php\/wp-json\/wp\/v2\/categories?post=675"},{"taxonomy":"post_tag","embeddable":true,"href":"https:\/\/primeirapauta.ielusc.br\/index.php\/wp-json\/wp\/v2\/tags?post=675"}],"curies":[{"name":"wp","href":"https:\/\/api.w.org\/{rel}","templated":true}]}}