{"id":7235,"date":"2025-08-09T17:07:00","date_gmt":"2025-08-09T20:07:00","guid":{"rendered":"https:\/\/primeirapauta.ielusc.br\/?p=7235"},"modified":"2025-09-12T18:04:39","modified_gmt":"2025-09-12T21:04:39","slug":"vendas-em-joinville-aquecem-na-vespera-do-dia-dos-pais","status":"publish","type":"post","link":"https:\/\/primeirapauta.ielusc.br\/index.php\/2025\/08\/09\/vendas-em-joinville-aquecem-na-vespera-do-dia-dos-pais\/","title":{"rendered":"Vendas em Joinville aquecem na v\u00e9spera do Dia dos Pais"},"content":{"rendered":"\n<p class=\"has-medium-font-size\"><em>Expectativa positiva entre lojistas e consumidores marca o s\u00e1bado que antecede a data, com proje\u00e7\u00f5es de aumento nas vendas e fluxo intenso no centro e nos shoppings de Joinville.<\/em><\/p>\n\n\n\n<p><br>A v\u00e9spera do <strong>Dia dos Pais<\/strong> promete movimentar o com\u00e9rcio de Joinville neste s\u00e1bado (9), com lojistas otimistas e consumidores em busca do presente ideal. A expectativa \u00e9 de crescimento nas vendas em rela\u00e7\u00e3o ao ano passado, impulsionado por promo\u00e7\u00f5es e hor\u00e1rios estendidos, tanto nas lojas de rua quanto no Shopping Mueller. <\/p>\n\n\n\n<p>O cen\u00e1rio econ\u00f4mico de agosto traz um respiro para o setor varejista. Segundo o gerente de Marketing da CDL Joinville, <strong>Eliton J\u00fanior<\/strong>, a expectativa \u00e9 de crescimento nas vendas em rela\u00e7\u00e3o ao ano passado, impulsionada pelo apelo emocional da data e por a\u00e7\u00f5es preparadas pelos lojistas, como produtos mais atrativos, promo\u00e7\u00f5es e condi\u00e7\u00f5es especiais. As lojas de vestu\u00e1rio e cal\u00e7ados seguem como as mais procuradas, mas cresce a demanda por perfumaria, kits de cuidados pessoais e presentes personalizados, que fogem do tradicional.<\/p>\n\n\n\n<p>O comportamento do consumidor tamb\u00e9m influencia esse cen\u00e1rio. Mais conectado e informado, ele pesquisa e compara pre\u00e7os antes de comprar, ao mesmo tempo em que valoriza o com\u00e9rcio local. Para atender a essa demanda, a CDL aposta no \u201cS\u00e1bado Mais\u201d, com hor\u00e1rio estendido para facilitar as compras de \u00faltima hora, estrat\u00e9gia que impacta diretamente no caixa dos lojistas. <\/p>\n\n\n\n<p>Ainda assim, o setor enfrenta desafios, como a concorr\u00eancia do com\u00e9rcio online e a necessidade de investir em atendimento, vitrines e p\u00f3s-venda, o que depende de equipes bem treinadas, um ponto dif\u00edcil de suprir em datas sazonais. <\/p>\n\n\n\n<p>Nas ruas centrais, o movimento j\u00e1 come\u00e7a cedo. Na Rua do Pr\u00edncipe, uma loja de moda masculina registra fluxo constante desde o fim da manh\u00e3, atraindo consumidores com produtos com pre\u00e7os at\u00e9 20% abaixo do valor. Segundo o vendedor Paulo Almeida, o ticket m\u00e9dio no in\u00edcio da tarde est\u00e1 entre R$ 180 e R$ 230, com destaque para kits presente\u00e1veis de camisa e bon\u00e9. <\/p>\n\n\n\n<p>A cliente <strong>Fernanda Batos<\/strong> relata que, mesmo deixando a compra para a v\u00e9spera busca qualidade. &#8220;Estou aproveitando os descontos para garantir um presente bom e barato&#8221;, explica. <\/p>\n\n\n\n<p>No Shopping Mueller, o cen\u00e1rio tamb\u00e9m \u00e9 de otimismo. Segundo <strong>B\u00e1rbara Ribeiro<\/strong>, vendedora de uma rede de vestu\u00e1rio, o movimento foi intenso desde as primeiras horas da manh\u00e3, com mais movimento ap\u00f3s o hor\u00e1rio de almo\u00e7o. &#8220;Camisas sociais, carteiras e perfumes s\u00e3o os que mais vendem&#8221;, afirma. Al\u00e9m do fator comercial, o Dia dos Pais movimenta a economia local em outros setores, como alimenta\u00e7\u00e3o e servi\u00e7os.<\/p>\n\n    <div class=\"xs_social_share_widget xs_share_url after_content \t\tmain_content  wslu-style-1 wslu-share-box-shaped wslu-fill-colored wslu-none wslu-share-horizontal wslu-theme-font-no wslu-main_content\">\n\n\t\t\n        <ul>\n\t\t\t        <\/ul>\n    <\/div> \n","protected":false},"excerpt":{"rendered":"<p>Expectativa positiva entre lojistas e consumidores marca o s\u00e1bado que antecede a data, com proje\u00e7\u00f5es de aumento nas vendas e fluxo intenso no centro e nos shoppings de Joinville. A v\u00e9spera do Dia dos Pais promete movimentar o com\u00e9rcio de Joinville neste s\u00e1bado (9), com lojistas otimistas e consumidores em busca do presente ideal. A [&hellip;]<\/p>\n","protected":false},"author":62,"featured_media":7249,"comment_status":"closed","ping_status":"open","sticky":false,"template":"","format":"standard","meta":{"footnotes":""},"categories":[581,346,324,609],"tags":[632,631,630,59,29,633,634],"_links":{"self":[{"href":"https:\/\/primeirapauta.ielusc.br\/index.php\/wp-json\/wp\/v2\/posts\/7235"}],"collection":[{"href":"https:\/\/primeirapauta.ielusc.br\/index.php\/wp-json\/wp\/v2\/posts"}],"about":[{"href":"https:\/\/primeirapauta.ielusc.br\/index.php\/wp-json\/wp\/v2\/types\/post"}],"author":[{"embeddable":true,"href":"https:\/\/primeirapauta.ielusc.br\/index.php\/wp-json\/wp\/v2\/users\/62"}],"replies":[{"embeddable":true,"href":"https:\/\/primeirapauta.ielusc.br\/index.php\/wp-json\/wp\/v2\/comments?post=7235"}],"version-history":[{"count":5,"href":"https:\/\/primeirapauta.ielusc.br\/index.php\/wp-json\/wp\/v2\/posts\/7235\/revisions"}],"predecessor-version":[{"id":7520,"href":"https:\/\/primeirapauta.ielusc.br\/index.php\/wp-json\/wp\/v2\/posts\/7235\/revisions\/7520"}],"wp:featuredmedia":[{"embeddable":true,"href":"https:\/\/primeirapauta.ielusc.br\/index.php\/wp-json\/wp\/v2\/media\/7249"}],"wp:attachment":[{"href":"https:\/\/primeirapauta.ielusc.br\/index.php\/wp-json\/wp\/v2\/media?parent=7235"}],"wp:term":[{"taxonomy":"category","embeddable":true,"href":"https:\/\/primeirapauta.ielusc.br\/index.php\/wp-json\/wp\/v2\/categories?post=7235"},{"taxonomy":"post_tag","embeddable":true,"href":"https:\/\/primeirapauta.ielusc.br\/index.php\/wp-json\/wp\/v2\/tags?post=7235"}],"curies":[{"name":"wp","href":"https:\/\/api.w.org\/{rel}","templated":true}]}}