{"id":735,"date":"2018-11-19T20:34:10","date_gmt":"2018-11-19T22:34:10","guid":{"rendered":"http:\/\/primeirapauta.ielusc.br\/?p=735"},"modified":"2025-07-04T20:39:31","modified_gmt":"2025-07-04T23:39:31","slug":"adocao-projeto-resgata-coelhos-mal-cuidados-em-santa-catarina","status":"publish","type":"post","link":"https:\/\/primeirapauta.ielusc.br\/index.php\/2018\/11\/19\/adocao-projeto-resgata-coelhos-mal-cuidados-em-santa-catarina\/","title":{"rendered":"Ado\u00e7\u00e3o: Projeto resgata coelhos mal cuidados em Santa Catarina"},"content":{"rendered":"<p><span style=\"font-weight: 400;\">Inteligentes, formosos e delicados. Apenas quem est\u00e1 disposto a dividir a casa, dedicar tempo e aten\u00e7\u00e3o pode conhecer o mundo doce e de personalidade dos coelhos. O projeto \u201cAdote um Orelhudo\u201d tem como ideia principal o cuidado e a ado\u00e7\u00e3o respons\u00e1vel dos animais. Muitas fam\u00edlias desejam ter um por serem fofos, por\u00e9m, quando crescem e come\u00e7am a exigir mais cuidados, acabam sendo abandonados ou presos em gaiolas. <\/span><\/p>\n<p><span style=\"font-weight: 400;\">Os coelhos s\u00e3o comercializados ainda filhotes, n\u00e3o recebem espa\u00e7o e cuidados apropriado, adoecem rapidamente e, j\u00e1 que s\u00e3o mam\u00edferos fr\u00e1geis, acabam morrendo repentinamente. Um dos motivos mais comuns para o \u00f3bito destes animais \u00e9 de infarto, pois seus batimentos s\u00e3o muito sens\u00edveis. Um fato curioso \u00e9 que esses animais s\u00e3o muito brincalh\u00f5es, por isso, podem acabar destruindo muitas decora\u00e7\u00f5es da casa se forem deixados de lado por seus donos. Os mam\u00edferos s\u00e3o de natureza soci\u00e1vel, sofrem de solid\u00e3o e s\u00e3o mais felizes quando vivem em companhia, inclusive de um ser humano.<\/span><\/p>\n<p><span style=\"font-weight: 400;\">Muitos coelhos acabam morrendo abandonados, sem cuidados, em parques p\u00fablicos municipais. O Parque Municipal C\u00f3rrego Grande, em Florian\u00f3polis acolhia esses animais, por\u00e9m, segundo a administra\u00e7\u00e3o do parque, n\u00e3o vivem mais l\u00e1 h\u00e1 aproximadamente dois anos. Quando viviam l\u00e1, a empres\u00e1ria Sabine Fontana que mora em Florian\u00f3polis, criou o Projeto Adote um Orelhudo, que surgiu da necessidade de encontrar novos lares para os que s\u00e3o abandonados por fam\u00edlias em diversas situa\u00e7\u00f5es. Tudo come\u00e7ou quando Sabine ganhou um coelho e pegou grande carinho pelo companheiro. Em 2008 foi informada sobre os que viviam no parque, e ent\u00e3o come\u00e7ou a frequent\u00e1-lo para aliment\u00e1-los e higienizar o ambiente.<\/span><\/p>\n<p><span style=\"font-weight: 400;\">Segundo a empres\u00e1ria, volunt\u00e1rios come\u00e7aram a se dividir durante os dias da semana para contribuir, os que estavam doentes eram levados por ela para maiores cuidados. \u201cCom o tempo ficou dif\u00edcil mant\u00ea-los l\u00e1, eles s\u00e3o sens\u00edveis e exigem al\u00e9m de cuidado, compromisso. Ent\u00e3o trouxe todos pra minha casa,\u201d enfatiza. A maioria dos coelhos que chegam ao projeto est\u00e3o desnutridos, desidratados, com les\u00f5es, e at\u00e9 sarna. Os que se recuperam s\u00e3o castrados e colocados para ado\u00e7\u00e3o. \u201cJ\u00e1 tive 40 peludos,\u201d como chama carinhosamente. \u201cHoje estou com 23. Alguns acabaram morrendo, e outros foram adotados,\u201d explica a idealizadora do projeto.<\/span><\/p>\n<p><span style=\"font-weight: 400;\">A administradora Bruna Freitas, que tamb\u00e9m mora em Florian\u00f3polis, come\u00e7ou a pesquisar sobre os mam\u00edferos h\u00e1 cinco anos, quando decidiu ter um. Ela n\u00e3o conseguiu adotar nenhum do projeto porque n\u00e3o tinham dispon\u00edveis. Bruna acompanhou o grupo e, quando Sabine precisou de ajuda no parque, contribuiu como volunt\u00e1ria. \u201cEu tamb\u00e9m virei lar tempor\u00e1rio para uma coelha<\/span> <span style=\"font-weight: 400;\">resgatada que vivia presa em uma gaiola. Ela foi castrada e eu me disponibilizei para cuidar dela at\u00e9 encontrar um novo dono,\u201d explica Bruna. \u201cAcabei adotando ela, vive aqui junto com a que j\u00e1 tinha\u201d conta.<\/span><\/p>\n<p>&nbsp;<\/p>\n<p><strong>Trof\u00e9u serve de incentivo para a prote\u00e7\u00e3o de animais<\/strong><\/p>\n<p><span style=\"font-weight: 400;\">Em 2017, o projeto recebeu o trof\u00e9u Onda Verde na categoria \u201cBem-estar animal\u201d. Relatos no site do projeto afirmam: <\/span><i><span style=\"font-weight: 400;\">Todo esse m\u00e9rito \u00e9 fruto do esfor\u00e7o da nossa amiga e coordenadora Sabine Fontana que sempre nos motivou e guiou nessa jornada de amor aos orelhudinhos<\/span><\/i><span style=\"font-weight: 400;\">. Adote um Orelhudo tamb\u00e9m auxilia outras ONGs e protetores que precisam de dicas e informa\u00e7\u00f5es de como cuidar de coelhos. O projeto ganhou for\u00e7a no Facebook e atualmente tem mais de 15.000 &nbsp;curtidas. A boa a\u00e7\u00e3o chegou inclusive em Joinville. A coordenadora de Recursos Humanos, Elen Pinheiro, entrou em contato com o grupo, mas adotou outro que havia sido abandonado. \u201cVi o anuncio no Facebook, e entrei em contato. Um vizinho da doadora havia pego ele na rua e ia engord\u00e1-lo para comer. Ela pagou R$ 60,00 por ele, e como n\u00e3o conseguiu ficar, doou\u201d explicou Elen. A coordenadora j\u00e1 teve 30 coelhos e, segundo ela, s\u00e3o muito fr\u00e1geis e n\u00e3o se adaptam t\u00e3o bem com crian\u00e7as. Ela explica que os mam\u00edferos n\u00e3o podem pegar muita umidade pois podem pegar pneumonia, e tamb\u00e9m tem medo do escuro. \u201cMeu companheiro fica livre, s\u00f3 tomo cuidado pra ele n\u00e3o ir na chuva. Durante a noite ele dorme na garagem, e deixo a luz acesa porque tem medo\u201d. <\/span><\/p>\n<p><span style=\"font-weight: 400;\">Em setembro de 2018, foi aprovado um projeto de lei que pro\u00edbe a distribui\u00e7\u00e3o de animais como brindes na \u00e1rea Urbana de Joinville. A vereadora Ana Rita Negrini Hermes (PROS), autora do projeto, informa que o objetivo \u00e9 garantir o bem estar dos animais, e n\u00e3o trat\u00e1-los como coisas. Segundo a vereadora, a lei j\u00e1 foi sancionada pelo atual prefeito, Udo D\u00f6hler (PMDB).<\/span><\/p>\n<p>Por: Juliana Mews<\/p>\n<p>Foto: Arquivo pessoal<\/p>\n<p><strong>Conte\u00fado original do Primeira Pauta Impresso, edi\u00e7\u00e3o 143.<\/strong><\/p>\n\n    <div class=\"xs_social_share_widget xs_share_url after_content \t\tmain_content  wslu-style-1 wslu-share-box-shaped wslu-fill-colored wslu-none wslu-share-horizontal wslu-theme-font-no wslu-main_content\">\n\n\t\t\n        <ul>\n\t\t\t        <\/ul>\n    <\/div> \n","protected":false},"excerpt":{"rendered":"<p>Inteligentes, formosos e delicados. Apenas quem est\u00e1 disposto a dividir a casa, dedicar tempo e aten\u00e7\u00e3o pode conhecer o mundo doce e de personalidade dos coelhos. O projeto \u201cAdote um Orelhudo\u201d tem como ideia principal o cuidado e a ado\u00e7\u00e3o respons\u00e1vel dos animais. Muitas fam\u00edlias desejam ter um por serem fofos, por\u00e9m, quando crescem e [&hellip;]<\/p>\n","protected":false},"author":3,"featured_media":2632,"comment_status":"open","ping_status":"open","sticky":false,"template":"","format":"standard","meta":{"footnotes":""},"categories":[326,345,266,611],"tags":[],"_links":{"self":[{"href":"https:\/\/primeirapauta.ielusc.br\/index.php\/wp-json\/wp\/v2\/posts\/735"}],"collection":[{"href":"https:\/\/primeirapauta.ielusc.br\/index.php\/wp-json\/wp\/v2\/posts"}],"about":[{"href":"https:\/\/primeirapauta.ielusc.br\/index.php\/wp-json\/wp\/v2\/types\/post"}],"author":[{"embeddable":true,"href":"https:\/\/primeirapauta.ielusc.br\/index.php\/wp-json\/wp\/v2\/users\/3"}],"replies":[{"embeddable":true,"href":"https:\/\/primeirapauta.ielusc.br\/index.php\/wp-json\/wp\/v2\/comments?post=735"}],"version-history":[{"count":1,"href":"https:\/\/primeirapauta.ielusc.br\/index.php\/wp-json\/wp\/v2\/posts\/735\/revisions"}],"predecessor-version":[{"id":2633,"href":"https:\/\/primeirapauta.ielusc.br\/index.php\/wp-json\/wp\/v2\/posts\/735\/revisions\/2633"}],"wp:featuredmedia":[{"embeddable":true,"href":"https:\/\/primeirapauta.ielusc.br\/index.php\/wp-json\/wp\/v2\/media\/2632"}],"wp:attachment":[{"href":"https:\/\/primeirapauta.ielusc.br\/index.php\/wp-json\/wp\/v2\/media?parent=735"}],"wp:term":[{"taxonomy":"category","embeddable":true,"href":"https:\/\/primeirapauta.ielusc.br\/index.php\/wp-json\/wp\/v2\/categories?post=735"},{"taxonomy":"post_tag","embeddable":true,"href":"https:\/\/primeirapauta.ielusc.br\/index.php\/wp-json\/wp\/v2\/tags?post=735"}],"curies":[{"name":"wp","href":"https:\/\/api.w.org\/{rel}","templated":true}]}}