{"id":7351,"date":"2025-08-19T16:47:08","date_gmt":"2025-08-19T19:47:08","guid":{"rendered":"https:\/\/primeirapauta.ielusc.br\/?p=7351"},"modified":"2025-09-12T15:36:41","modified_gmt":"2025-09-12T18:36:41","slug":"o-sonho-pelo-mundial-continua","status":"publish","type":"post","link":"https:\/\/primeirapauta.ielusc.br\/index.php\/2025\/08\/19\/o-sonho-pelo-mundial-continua\/","title":{"rendered":"Brasil vence pela primeira vez na Copa Am\u00e9rica de Basquete em cadeira de rodas"},"content":{"rendered":"\n<p><em>Sele\u00e7\u00e3o brasileira disputa Copa Am\u00e9rica de Basquete em cadeira de rodas em Bogot\u00e1, na Col\u00f4mbia. Competi\u00e7\u00e3o teve in\u00edcio no dia 15 e vai at\u00e9 o dia 20 de agosto<\/em><\/p>\n\n\n\n<p>Nesta ter\u00e7a-feira (19), o Brasil teve sua primeira vit\u00f3ria no campeonato, 78 a 46 sobre a Venezuela na disputa do 5\u00ba ao 8\u00ba lugar. Amanh\u00e3 (20), os brasileiros enfrentam o M\u00e9xico, para decis\u00e3o do 5\u00ba e 6\u00ba lugar.\u00a0Com a vit\u00f3ria de hoje, a sele\u00e7\u00e3o se garantiu para disputa do <strong>Torneio Classificat\u00f3rio Mundial,<\/strong> que dar\u00e1 as \u00faltimas 4 vagas para o <strong>Campeonato<\/strong> <strong>Mundial 2026.<\/strong> Isso devido o Canad\u00e1 estar classificado por ser o pa\u00eds sede da competi\u00e7\u00e3o e estar entre as 4 sele\u00e7\u00f5es finalistas.<\/p>\n\n\n\n<p>Ap\u00f3s um bronze no campeonato Sul-Americano, o <strong>Brasil<\/strong> encara mais uma competi\u00e7\u00e3o importante. A Copa dar\u00e1 tr\u00eas vagas para a competi\u00e7\u00e3o mundial, que ser\u00e1 disputada em Ottawa, Canad\u00e1. Al\u00e9m de duas vagas para o Torneio Classificat\u00f3rio. Na primeira fase, a sele\u00e7\u00e3o fez sua estreia contra os Estados Unidos. Acabou sendo derrotada por 73 a 51. Na segunda partida, enfrentou a equipe da Col\u00f4mbia e foi superado pelo placar de 56 a 50. No seu \u00faltimo jogo da fase de grupos, perdeu para o M\u00e9xico, por 60 a 55, se classificando em 4\u00ba lugar do seu grupo. Na chave oposta, disputaram Canad\u00e1, Argentina, Venezuela e Porto Rico. Nas quartas de finais, fez o cl\u00e1ssico contra a Argentina, a primeira colocada da outra chave. Acabou sendo superado por 62 a 55.<\/p>\n\n\n\n<p>Todos os jogos est\u00e3o sendo transmitidos pelo canal da IWBF (Federa\u00e7\u00e3o Internacional de Basquete em Cadeira de Rodas) ao vivo no YouTube. Para conferir os resultados <a href=\"https:\/\/hosted.dcd.shared.geniussports.com\/IWBF\/en\/competition\/41703\/schedule\" data-type=\"link\" data-id=\"https:\/\/hosted.dcd.shared.geniussports.com\/IWBF\/en\/competition\/41703\/schedule\">clique aqui<\/a>.<\/p>\n\n\n\n<h2 class=\"wp-block-heading\">Os brasileiros no mundo<\/h2>\n\n\n\n<p>O Brasil n\u00e3o \u00e9 considerado uma pot\u00eancia no esporte. Diversos atletas utilizam bolsas do governo, por\u00e9m, os clubes muitas vezes n\u00e3o t\u00eam infraestrutura para manter treinamentos de alto rendimento e rotina para os profissionais. O que ocasiona diversos atletas sa\u00edrem do pa\u00eds buscando pa\u00edses com um maior desenvolvimento, como nas regi\u00f5es da <strong>Europa e Am\u00e9rica do Norte.<\/strong> &#8220;Se tivermos times com treinamentos di\u00e1rios, de alta intensidade, teremos jogadores melhores preparados\u201d, diz <strong>Marcos Vitor<\/strong>, treinador da sele\u00e7\u00e3o brasileira. \u201cUma sa\u00edda que temos encontrado \u00e9 incentivar os principais jogadores a ir jogar nas grandes ligas para suprir essa car\u00eancia&#8221;.<\/p>\n\n\n\n<h2 class=\"wp-block-heading\">Joinvilense com a amarelinha<\/h2>\n\n\n\n<figure class=\"wp-block-image size-full\"><img fetchpriority=\"high\" decoding=\"async\" width=\"2252\" height=\"1861\" src=\"https:\/\/primeirapauta.ielusc.br\/wp-content\/uploads\/2025\/08\/corte.jpg\" alt=\"Partida de basquete de cadeira de rodas entre Raposas do Sul CEPE x \u00c1guias Conc\u00f3rdia\" class=\"wp-image-7354\" srcset=\"https:\/\/primeirapauta.ielusc.br\/wp-content\/uploads\/2025\/08\/corte.jpg 2252w, https:\/\/primeirapauta.ielusc.br\/wp-content\/uploads\/2025\/08\/corte-1536x1269.jpg 1536w, https:\/\/primeirapauta.ielusc.br\/wp-content\/uploads\/2025\/08\/corte-2048x1692.jpg 2048w\" sizes=\"(max-width: 2252px) 100vw, 2252px\" \/><figcaption class=\"wp-element-caption\">Foto: Thiago Santos<\/figcaption><\/figure>\n\n\n\n<p>O atleta <strong>Dario Schulz<\/strong>, natural da cidade de<strong> Joinville<\/strong> est\u00e1 disputando sua segunda competi\u00e7\u00e3o pela sele\u00e7\u00e3o. Iniciou sua trajet\u00f3ria no basquete ap\u00f3s uma amputa\u00e7\u00e3o da perna por um acidente de moto. A partir dali, n\u00e3o separou-se mais do basquete.<\/p>\n\n\n\n<blockquote class=\"wp-block-quote is-style-default is-layout-flow wp-block-quote-is-layout-flow\">\n<h2 class=\"wp-block-heading\">\u201cA pr\u00f3tese me colocou de p\u00e9 fisicamente, mas foi o esporte que me colocou de p\u00e9 na vida. Nunca fui atr\u00e1s de psic\u00f3loga nem nada, minha terapia s\u00e3o as quadras, o esporte\u201d<\/h2>\n<cite>Dario Schulz<\/cite><\/blockquote>\n\n\n\n<p>Em 2024, veio sua primeira convoca\u00e7\u00e3o e competi\u00e7\u00e3o pela sele\u00e7\u00e3o. Disputou o Sul-Americano e levou a medalha de bronze para casa. \u201cA gente sente muito orgulho de ver ele representando nosso pa\u00eds. Ver algu\u00e9m da nossa cidade, amigo pr\u00f3ximo que passou um momento t\u00e3o dif\u00edcil e conseguiu superar, \u00e9 muito legal\u201d disse <strong>Jo\u00e3o Vitor<\/strong>, amigo do atleta.<\/p>\n\n\n\n<p>Ele segue treinado e focado. Dario est\u00e1 no radar para os <strong>Jogos Paral\u00edmpicos de 2028<\/strong>, em <strong>Los Angeles<\/strong> e sonha em representar o Brasil nessa competi\u00e7\u00e3o.<\/p>\n\n    <div class=\"xs_social_share_widget xs_share_url after_content \t\tmain_content  wslu-style-1 wslu-share-box-shaped wslu-fill-colored wslu-none wslu-share-horizontal wslu-theme-font-no wslu-main_content\">\n\n\t\t\n        <ul>\n\t\t\t        <\/ul>\n    <\/div> \n","protected":false},"excerpt":{"rendered":"<p>Sele\u00e7\u00e3o brasileira disputa Copa Am\u00e9rica de Basquete em cadeira de rodas em Bogot\u00e1, na Col\u00f4mbia. Competi\u00e7\u00e3o teve in\u00edcio no dia 15 e vai at\u00e9 o dia 20 de agosto Nesta ter\u00e7a-feira (19), o Brasil teve sua primeira vit\u00f3ria no campeonato, 78 a 46 sobre a Venezuela na disputa do 5\u00ba ao 8\u00ba lugar. Amanh\u00e3 (20), [&hellip;]<\/p>\n","protected":false},"author":57,"featured_media":7359,"comment_status":"closed","ping_status":"open","sticky":false,"template":"","format":"standard","meta":{"footnotes":""},"categories":[581,328,353,609],"tags":[660,172,365,29,659],"_links":{"self":[{"href":"https:\/\/primeirapauta.ielusc.br\/index.php\/wp-json\/wp\/v2\/posts\/7351"}],"collection":[{"href":"https:\/\/primeirapauta.ielusc.br\/index.php\/wp-json\/wp\/v2\/posts"}],"about":[{"href":"https:\/\/primeirapauta.ielusc.br\/index.php\/wp-json\/wp\/v2\/types\/post"}],"author":[{"embeddable":true,"href":"https:\/\/primeirapauta.ielusc.br\/index.php\/wp-json\/wp\/v2\/users\/57"}],"replies":[{"embeddable":true,"href":"https:\/\/primeirapauta.ielusc.br\/index.php\/wp-json\/wp\/v2\/comments?post=7351"}],"version-history":[{"count":28,"href":"https:\/\/primeirapauta.ielusc.br\/index.php\/wp-json\/wp\/v2\/posts\/7351\/revisions"}],"predecessor-version":[{"id":7494,"href":"https:\/\/primeirapauta.ielusc.br\/index.php\/wp-json\/wp\/v2\/posts\/7351\/revisions\/7494"}],"wp:featuredmedia":[{"embeddable":true,"href":"https:\/\/primeirapauta.ielusc.br\/index.php\/wp-json\/wp\/v2\/media\/7359"}],"wp:attachment":[{"href":"https:\/\/primeirapauta.ielusc.br\/index.php\/wp-json\/wp\/v2\/media?parent=7351"}],"wp:term":[{"taxonomy":"category","embeddable":true,"href":"https:\/\/primeirapauta.ielusc.br\/index.php\/wp-json\/wp\/v2\/categories?post=7351"},{"taxonomy":"post_tag","embeddable":true,"href":"https:\/\/primeirapauta.ielusc.br\/index.php\/wp-json\/wp\/v2\/tags?post=7351"}],"curies":[{"name":"wp","href":"https:\/\/api.w.org\/{rel}","templated":true}]}}