{"id":738,"date":"2018-11-19T20:39:35","date_gmt":"2018-11-19T22:39:35","guid":{"rendered":"http:\/\/primeirapauta.ielusc.br\/?p=738"},"modified":"2025-07-04T20:39:11","modified_gmt":"2025-07-04T23:39:11","slug":"como-a-internet-das-coisas-muda-o-cotidiano","status":"publish","type":"post","link":"https:\/\/primeirapauta.ielusc.br\/index.php\/2018\/11\/19\/como-a-internet-das-coisas-muda-o-cotidiano\/","title":{"rendered":"Como a Internet das Coisas muda o cotidiano"},"content":{"rendered":"<p><span style=\"font-weight: 400;\">Pelo rel\u00f3gio, Leila monitora os batimentos card\u00edacos, dist\u00e2ncia percorrida, qualidade do sono e, \u00e9 claro, v\u00ea as horas. \u201cAt\u00e9 me sinaliza quando estou h\u00e1 muito tempo sem me movimentar, vibra sugerindo uma caminhada\u201d, aponta. De acordo com Leila Cardoso, 31, psic\u00f3loga e gerente de RH, o rel\u00f3gio, que utiliza a Internet das Coisas &#8211; ou em ingl\u00eas, Internet of Things (IoT) &#8211; &nbsp;ajuda na manuten\u00e7\u00e3o de uma rotina ativa. \u201cEle gera um hist\u00f3rico de dados gerais sobre minha sa\u00fade, dia a dia, me ajuda a ficar atenta e a acompanhar o meu bem-estar\u201d, afirma a psic\u00f3loga. A Internet das Coisas, no entanto, pode ir al\u00e9m. Ela vai te conectar ao carro, \u00e0 casa, a eletrodom\u00e9sticos, a fim de<\/span> <span style=\"font-weight: 400;\">proporcionar comodidade e velocidade ao acesso de informa\u00e7\u00f5es.<\/span><\/p>\n<p><span style=\"font-weight: 400;\">Para Leila<\/span> <span style=\"font-weight: 400;\">Cardoso, a Internet das Coisas \u00e9 a conex\u00e3o de objetos \u00e0 rede. David Souza, que estudou Computa\u00e7\u00e3o na USP e trabalha com IoT h\u00e1 tr\u00eas anos, define essa tecnologia como uma rede de equipamentos conectados, capazes de coletar e trocar dados entre si. \u201cAlguns dos benef\u00edcios da utiliza\u00e7\u00e3o de IoT s\u00e3o cuidados com a sa\u00fade, gerenciamento de energia, monitoramento ambiental, transporte inteligente, entre outros\u201d.<\/span><\/p>\n<p><span style=\"font-weight: 400;\">Segundo o engenheiro mec\u00e2nico Rog\u00e9rio Morrone, que trabalha h\u00e1 um ano com a Internet das Coisas, a IoT \u00e9 a utiliza\u00e7\u00e3o da l\u00f3gica da internet aplicada a aparelhos e sensores. \u201cN\u00f3s conseguimos tirar informa\u00e7\u00f5es \u00fateis de equipamentos, de forma remota\u201d, explica. Os dados captados pelos sensores do aparelho s\u00e3o guardados em servidores, como a nuvem, para serem filtrados e analisados. \u201cS\u00e3o coletados realmente muitos dados. Eu estou falando de milh\u00f5es de linhas e milh\u00f5es de colunas, que geram intelig\u00eancia\u201d, esclarece.<\/span><\/p>\n<p><span style=\"font-weight: 400;\">A evolu\u00e7\u00e3o dos smartphones foi fundamental para o desenvolvimento e aplica\u00e7\u00e3o dessa tecnologia. Morrone conta que a mobilidade \u00e9 uma das inova\u00e7\u00f5es que ajudaram a popularizar a IoT, opini\u00e3o compartilhada por David Souza. Para ele, o smartphone \u00e9 um poderoso computador de bolso, essencial para a Internet das Coisas que necessita de intera\u00e7\u00e3o humana com dispositivos. \u201cN\u00f3s j\u00e1 somos dependentes da internet e a tend\u00eancia \u00e9 o aumento dessa necessidade\u201d, &nbsp;complementa.<\/span><\/p>\n<p><b>Seguran\u00e7a e privacidade<\/b><\/p>\n<p><span style=\"font-weight: 400;\">Leila prefere efetuar pagamentos, pelo aplicativo do banco, apenas se estiver conectada \u00e0 rede 4G. \u201cWi-fi, em geral, tem mais riscos\u201d, alerta. Sobre a perda de privacidade, a psic\u00f3loga acredita que n\u00e3o h\u00e1 como evitar. \u201cAcho que \u00e9 um \u00f4nus de uma vida mais din\u00e2mica e moderna.\u201d<\/span><\/p>\n<p><span style=\"font-weight: 400;\">Conforme David Souza, a privacidade e a seguran\u00e7a dos dados ainda s\u00e3o obst\u00e1culos a serem vencidos. \u201cComo vemos diariamente nos casos de invas\u00e3o e vazamento de dados na internet\u201d, exemplifica. Para o profissional, cada vez mais est\u00e3o surgindo protocolos comuns de comunica\u00e7\u00e3o entre equipamentos diferentes, com o objetivo de facilitar a integra\u00e7\u00e3o e, tamb\u00e9m, por seguran\u00e7a. <\/span><\/p>\n<p><span style=\"font-weight: 400;\">Segundo Morrone, <\/span><span style=\"font-weight: 400;\">h\u00e1 a possibilidade de algu\u00e9m mal intencionado ter acesso aos dados, devido a uma falha no sistema.<\/span><span style=\"font-weight: 400;\">\u201cA preocupa\u00e7\u00e3o existe, n\u00e3o s\u00f3 para garantir o uso da informa\u00e7\u00e3o, mas para evitar que ela vaze ou seja usada para outra finalidade\u201d, assegura. <\/span><\/p>\n<p>&nbsp;<\/p>\n<p><b>Novas oportunidades surgem no mercado<\/b><\/p>\n<p><span style=\"font-weight: 400;\">De acordo com David Souza, os novos modelos de neg\u00f3cio prospectam um ambiente mais conectado.<\/span> <span style=\"font-weight: 400;\">\u201cTemos menos perdas com burocracia e an\u00e1lise manual de dados de diferentes sistemas, e ganhos com o que realmente importa para uma melhor experi\u00eancia do cliente\u201d, comenta. Rog\u00e9rio Morrone d\u00e1 o exemplo de uma geladeira, em que o usu\u00e1rio tem acesso a dados, como o consumo de energia. <\/span><\/p>\n<p><span style=\"font-weight: 400;\">\u201cRemotamente, eu poderia compartilhar minha localiza\u00e7\u00e3o com o meu refrigerador e aumentar sua pot\u00eancia. Porque quando chegar em casa, quero tomar a minha cerveja gelada\u201d, sugere. <\/span><span style=\"font-weight: 400;\">&nbsp;<\/span><span style=\"font-weight: 400;\">O engenheiro acredita que a Internet das Coisas trar\u00e1 novos modelos de neg\u00f3cios. \u201cN\u00f3s n\u00e3o fazemos ideia de at\u00e9 onde isso vai chegar. O limite, para mim, \u00e9 a criatividade das pessoas\u201d.<\/span><\/p>\n<p>Por: Catherine Kuehl<\/p>\n<p>Foto: Catherine Kuehl<\/p>\n<p><strong>Conte\u00fado original do Primeira Pauta Impresso, edi\u00e7\u00e3o 143.<\/strong><\/p>\n\n    <div class=\"xs_social_share_widget xs_share_url after_content \t\tmain_content  wslu-style-1 wslu-share-box-shaped wslu-fill-colored wslu-none wslu-share-horizontal wslu-theme-font-no wslu-main_content\">\n\n\t\t\n        <ul>\n\t\t\t        <\/ul>\n    <\/div> \n","protected":false},"excerpt":{"rendered":"<p>Pelo rel\u00f3gio, Leila monitora os batimentos card\u00edacos, dist\u00e2ncia percorrida, qualidade do sono e, \u00e9 claro, v\u00ea as horas. \u201cAt\u00e9 me sinaliza quando estou h\u00e1 muito tempo sem me movimentar, vibra sugerindo uma caminhada\u201d, aponta. De acordo com Leila Cardoso, 31, psic\u00f3loga e gerente de RH, o rel\u00f3gio, que utiliza a Internet das Coisas &#8211; ou [&hellip;]<\/p>\n","protected":false},"author":3,"featured_media":2526,"comment_status":"open","ping_status":"open","sticky":false,"template":"","format":"standard","meta":{"footnotes":""},"categories":[327,345,611,609],"tags":[],"_links":{"self":[{"href":"https:\/\/primeirapauta.ielusc.br\/index.php\/wp-json\/wp\/v2\/posts\/738"}],"collection":[{"href":"https:\/\/primeirapauta.ielusc.br\/index.php\/wp-json\/wp\/v2\/posts"}],"about":[{"href":"https:\/\/primeirapauta.ielusc.br\/index.php\/wp-json\/wp\/v2\/types\/post"}],"author":[{"embeddable":true,"href":"https:\/\/primeirapauta.ielusc.br\/index.php\/wp-json\/wp\/v2\/users\/3"}],"replies":[{"embeddable":true,"href":"https:\/\/primeirapauta.ielusc.br\/index.php\/wp-json\/wp\/v2\/comments?post=738"}],"version-history":[{"count":1,"href":"https:\/\/primeirapauta.ielusc.br\/index.php\/wp-json\/wp\/v2\/posts\/738\/revisions"}],"predecessor-version":[{"id":2528,"href":"https:\/\/primeirapauta.ielusc.br\/index.php\/wp-json\/wp\/v2\/posts\/738\/revisions\/2528"}],"wp:featuredmedia":[{"embeddable":true,"href":"https:\/\/primeirapauta.ielusc.br\/index.php\/wp-json\/wp\/v2\/media\/2526"}],"wp:attachment":[{"href":"https:\/\/primeirapauta.ielusc.br\/index.php\/wp-json\/wp\/v2\/media?parent=738"}],"wp:term":[{"taxonomy":"category","embeddable":true,"href":"https:\/\/primeirapauta.ielusc.br\/index.php\/wp-json\/wp\/v2\/categories?post=738"},{"taxonomy":"post_tag","embeddable":true,"href":"https:\/\/primeirapauta.ielusc.br\/index.php\/wp-json\/wp\/v2\/tags?post=738"}],"curies":[{"name":"wp","href":"https:\/\/api.w.org\/{rel}","templated":true}]}}