{"id":740,"date":"2018-11-19T20:43:09","date_gmt":"2018-11-19T22:43:09","guid":{"rendered":"http:\/\/primeirapauta.ielusc.br\/?p=740"},"modified":"2022-06-22T20:06:06","modified_gmt":"2022-06-22T23:06:06","slug":"extrema-direita-nunca-foi-tao-real","status":"publish","type":"post","link":"https:\/\/primeirapauta.ielusc.br\/index.php\/2018\/11\/19\/extrema-direita-nunca-foi-tao-real\/","title":{"rendered":"Extrema direita nunca foi t\u00e3o real"},"content":{"rendered":"<p><span style=\"font-weight: 400;\">Jair Bolsonaro, eleito democraticamente para presidente no dia 28 de outubro \u00e9 a representa\u00e7\u00e3o da extrema direita: a retomada da constru\u00e7\u00e3o de uma cultura nacionalista, com s\u00edmbolos, valores e posturas pr\u00f3prias \u00e0 identidade do l\u00edder; o militarismo e o fortalecimento das for\u00e7as armadas; a viol\u00eancia, seja ela f\u00edsica ou verbal, contra as minorias ou um inimigo no pr\u00f3prio pa\u00eds. Essas caracter\u00edsticas se aplicam ao fascismo e ao nazismo, movimentos do s\u00e9culo passado, mas tamb\u00e9m flertam com o presidente do Brasil. <\/span><\/p>\n<p><span style=\"font-weight: 400;\">Nunca uma explica\u00e7\u00e3o foi t\u00e3o necess\u00e1ria do que \u00e9 a extrema direita e o que ela representa. M\u00e1rcio Cruz, cientista social, afirma que o crescimento desta ideologia no mundo \u00e9 percept\u00edvel e seus adeptos est\u00e3o por todos os lados, inclusive no mais alto cargo da democracia. O presidente dos Estados Unidos, Donald Trump, eleito em 2016 seguiu as mesmas caracter\u00edsticas de Jair Bolsonaro. Na Fran\u00e7a, Marine Le Pen \u00e9 a l\u00edder da extrema direita francesa. O cientista social tamb\u00e9m afirma que os tr\u00eas s\u00e3o conhecidos e adeptos de pol\u00edticas nacionalistas e, ainda que possuam diverg\u00eancias, os pol\u00edticos se enquadram e se definem como pertencentes \u00e0 extrema direita.<\/span><\/p>\n<p><span style=\"font-weight: 400;\">Durante a campanha pol\u00edtica de Bolsonaro, o termo &#8220;fascismo\/fascista&#8221; foi utilizado para definir o candidato e suas atitudes e discursos. O dicion\u00e1rio Michaelis define o fascismo como um regime pol\u00edtico e filos\u00f3fico, antiliberal e antidemocr\u00e1tico, centrado em um governo de car\u00e1ter autorit\u00e1rio, fundado na ideologia de exalta\u00e7\u00e3o dos valores da ra\u00e7a e da na\u00e7\u00e3o. Benito Mussolini, em 1922, estabeleceu este tipo de governo na It\u00e1lia. <\/span><\/p>\n<p><span style=\"font-weight: 400;\">No Brasil, desde a primeira rep\u00fablica, grupos de extrema direita apoiam o fascismo, de acordo com M\u00e1rcio. Segundo ele, estas caracter\u00edsticas tiveram uma aceita\u00e7\u00e3o em massa nos \u00faltimos anos, especialmente depois d<\/span><span style=\"font-weight: 400;\">a instaura\u00e7\u00e3o do processo de impeachment e a consequente cassa\u00e7\u00e3o do mandato da presidente<\/span><span style=\"font-weight: 400;\"> Dilma Rousseff, em agosto de 2016. O soci\u00f3logo ainda compara dois movimentos conhecidos do s\u00e9culo XX, o nazismo e o fascismo, com o momento atual. \u201cAdolf Hitler na Alemanha tornou-se chanceler ap\u00f3s primeira guerra com 90% dos votos. J\u00e1 Benito Mussolini na It\u00e1lia tornou-se ditador fascista com apoio do rei. O fascismo \u00e9 o lado perverso desta ideologia e pode ter amplo apoio popular. Nossa democracia \u00e9 jovem e fr\u00e1gil se tomarmos como par\u00e2metro os \u00faltimos cento e cinquenta anos. Somos o \u00fanico pa\u00eds democr\u00e1tico do mundo que n\u00e3o est\u00e1 em guerra e mant\u00e9m um Tribunal Militar\u201d, afirma M\u00e1rcio. <\/span><\/p>\n<p><span style=\"font-weight: 400;\">Outro pa\u00eds que, em seu governo, tamb\u00e9m flerta com o regime de extrema direita s\u00e3o os Estados Unidos. Dauto da Silveira, doutor em sociologia, explica que a extrema direita, no entanto, n\u00e3o se expressa da mesma forma nos quatro cantos do mundo. &#8220;A extrema-direita dos pa\u00edses europeus expressa-se pol\u00edtica e culturalmente de um modo. J\u00e1 nos EUA ela se expressa de outra forma. No Brasil n\u00e3o \u00e9 diferente.&#8221; Mesmo que a extrema-direita se expresse de formas distintas, seus atuais representantes, Jair Bolsonaro e Donald Trump, possuem semelhan\u00e7as. O slogan de Trump, &#8220;make America great again&#8221;, \u00e9 quase um &#8220;Brasil acima de todos&#8221;, adotado pelo presidente eleito. Tanto Trump quanto Bolsonaro s\u00e3o acusados por seus discursos de difamar as minorias e ambos adotam um discurso patriota, querem fortalecer as fronteiras de seus pa\u00edses e representam uma mudan\u00e7a para a na\u00e7\u00e3o. <\/span><\/p>\n<p><span style=\"font-weight: 400;\">As semelhan\u00e7as apresentadas acima n\u00e3o anulam as diverg\u00eancias que os presidentes possuem. Trump fez seu nome baseado nos neg\u00f3cios e no mercado financeiro. J\u00e1 Bolsonaro \u00e9 um militar da reserva, se consolidou com uma atua\u00e7\u00e3o pol\u00edtica sem grandes feitos. Outra grande diferen\u00e7a \u00e9 a estrutura partid\u00e1ria. <\/span><\/p>\n<p><span style=\"font-weight: 400;\">Bolsonaro entrou em 2018 no Partido Social Liberal (PSL), considerado na \u00e9poca um partido pequeno quando comparado aos partidos tradicionais brasileiros, como o Partido dos Trabalhadores (PT) e o Partido da Social Democracia Brasileira (PSDB). Por estar em um partido pequeno, Bolsonaro ganhou apenas 15 segundos de tempo de TV e escolheu n\u00e3o participar dos debates transmitidos no segundo turno. A estrat\u00e9gia adotada foi fazer campanha nas redes sociais. J\u00e1 Trump entrou na corrida presidencial amparado pelo Partido Republicano, um dos dois grandes partidos pol\u00edticos e tradicionais dos Estados Unidos. <\/span><\/p>\n<p>&nbsp;<\/p>\n<p><strong>Frente Joinville pela Democracia<\/strong><\/p>\n<p><span style=\"font-weight: 400;\">\u201cAcho que surgiu no mesmo dia da elei\u00e7\u00e3o, ap\u00f3s o resultado\u201d, afirma Valdete Daufemback. A historiadora e idealizadora da Frente Joinville pela Democracia afirma que ap\u00f3s o resultado do primeiro turno das elei\u00e7\u00f5es, se reuniu com um grupo que tinha com alguns conhecidos do meio pol\u00edtico para pensar em como a popula\u00e7\u00e3o poderia reagir frente ao resultado. A historiadora conta que a mobiliza\u00e7\u00e3o que ocorreu em Joinville contra o candidato Jair Bolsonaro, no dia 29 de setembro, \u201cfez barulho, mas n\u00e3o atingiu seu objetivo principal de conversar com as pessoas.\u201d Juntamente com as jornalistas Amanda Miranda e L\u00edvia Vieira, a Frente Joinville Pela Democracia foi fundada. O coletivo se define como \u201csuprapartid\u00e1rio\u201d e tem em sua organiza\u00e7\u00e3o tanto homens quanto mulheres. A primeira plen\u00e1ria ocorreu no dia 17 de outubro, no Sindicato dos Metal\u00fargicos, e reuniu cidad\u00e3os e lideran\u00e7as de movimentos sociais. Valdete conta que foi surpreendida j\u00e1 que &#8220;n\u00e3o eram os partidos pol\u00edticos que estavam presentes, eram movimentos, entidades, eram pessoas. N\u00e3o era com interesse partid\u00e1rio, era interesse na democracia.\u201d Em seu manifesto de abertura, a Frente Joinville Pela Democracia busca, por meio do di\u00e1logo, abrir espa\u00e7os para uma sociedade mais justa.<\/span><\/p>\n<p>Por: Gabriela Puccini<\/p>\n<p>Foto:&nbsp;Gabriela Puccini<\/p>\n<p><strong>Conte\u00fado original do Primeira Pauta Impresso, edi\u00e7\u00e3o 143.<\/strong><\/p>\n<p>&nbsp;<\/p>\n\n    <div class=\"xs_social_share_widget xs_share_url after_content \t\tmain_content  wslu-style-1 wslu-share-box-shaped wslu-fill-colored wslu-none wslu-share-horizontal wslu-theme-font-no wslu-main_content\">\n\n\t\t\n        <ul>\n\t\t\t        <\/ul>\n    <\/div> \n","protected":false},"excerpt":{"rendered":"<p>Jair Bolsonaro, eleito democraticamente para presidente no dia 28 de outubro \u00e9 a representa\u00e7\u00e3o da extrema direita: a retomada da constru\u00e7\u00e3o de uma cultura nacionalista, com s\u00edmbolos, valores e posturas pr\u00f3prias \u00e0 identidade do l\u00edder; o militarismo e o fortalecimento das for\u00e7as armadas; a viol\u00eancia, seja ela f\u00edsica ou verbal, contra as minorias ou um [&hellip;]<\/p>\n","protected":false},"author":3,"featured_media":2506,"comment_status":"open","ping_status":"open","sticky":false,"template":"","format":"standard","meta":{"footnotes":""},"categories":[233],"tags":[58],"_links":{"self":[{"href":"https:\/\/primeirapauta.ielusc.br\/index.php\/wp-json\/wp\/v2\/posts\/740"}],"collection":[{"href":"https:\/\/primeirapauta.ielusc.br\/index.php\/wp-json\/wp\/v2\/posts"}],"about":[{"href":"https:\/\/primeirapauta.ielusc.br\/index.php\/wp-json\/wp\/v2\/types\/post"}],"author":[{"embeddable":true,"href":"https:\/\/primeirapauta.ielusc.br\/index.php\/wp-json\/wp\/v2\/users\/3"}],"replies":[{"embeddable":true,"href":"https:\/\/primeirapauta.ielusc.br\/index.php\/wp-json\/wp\/v2\/comments?post=740"}],"version-history":[{"count":1,"href":"https:\/\/primeirapauta.ielusc.br\/index.php\/wp-json\/wp\/v2\/posts\/740\/revisions"}],"predecessor-version":[{"id":2508,"href":"https:\/\/primeirapauta.ielusc.br\/index.php\/wp-json\/wp\/v2\/posts\/740\/revisions\/2508"}],"wp:featuredmedia":[{"embeddable":true,"href":"https:\/\/primeirapauta.ielusc.br\/index.php\/wp-json\/wp\/v2\/media\/2506"}],"wp:attachment":[{"href":"https:\/\/primeirapauta.ielusc.br\/index.php\/wp-json\/wp\/v2\/media?parent=740"}],"wp:term":[{"taxonomy":"category","embeddable":true,"href":"https:\/\/primeirapauta.ielusc.br\/index.php\/wp-json\/wp\/v2\/categories?post=740"},{"taxonomy":"post_tag","embeddable":true,"href":"https:\/\/primeirapauta.ielusc.br\/index.php\/wp-json\/wp\/v2\/tags?post=740"}],"curies":[{"name":"wp","href":"https:\/\/api.w.org\/{rel}","templated":true}]}}