{"id":745,"date":"2018-11-19T20:42:11","date_gmt":"2018-11-19T22:42:11","guid":{"rendered":"http:\/\/primeirapauta.ielusc.br\/?p=745"},"modified":"2022-06-22T20:06:50","modified_gmt":"2022-06-22T23:06:50","slug":"orelhada-e-um-dos-poucos-veiculos-de-jornalismo-cultural-em-joinville","status":"publish","type":"post","link":"https:\/\/primeirapauta.ielusc.br\/index.php\/2018\/11\/19\/orelhada-e-um-dos-poucos-veiculos-de-jornalismo-cultural-em-joinville\/","title":{"rendered":"Orelhada \u00e9 um dos poucos ve\u00edculos de jornalismo cultural em Joinville"},"content":{"rendered":"<p><span style=\"font-weight: 400;\">Apaixonado por rock e qualquer tipo de artes, Rubens Herbst criou o Orelhada em 2008, dentro do blog A Not\u00edcia, com foco na \u00e1rea cultural catarinense. Ap\u00f3s um ano, com o convite para fazer parte do jornal impresso, nasceu a coluna di\u00e1ria com o mesmo nome. A coluna existiu por oito anos, durante os quais Rubens se dedicou totalmente a conhecer e noticiar cada canto da produ\u00e7\u00e3o art\u00edstica joinvilense. Herbst aumentou o alcance de artistas que j\u00e1 eram conhecidos, fazendo com que ganhassem um p\u00fablico ainda maior.<\/span><\/p>\n<p><span style=\"font-weight: 400;\">Al\u00e9m disso, revelou grandes nomes da arte na cidade dando voz a artistas de diferentes latitudes &#8211; m\u00fasica, teatro, dan\u00e7a, cinema, literatura, quadrinhos, artes pl\u00e1sticas, grafite, performance, entre outros. Em meio a esse trabalho, o trabalho foi parar nos palcos da cidade com diversas edi\u00e7\u00f5es de dois eventos: <\/span><i><span style=\"font-weight: 400;\">Noite Orelhada <\/span><\/i><span style=\"font-weight: 400;\">e <\/span><i><span style=\"font-weight: 400;\">Baile El\u00e9trico do Orelhada<\/span><\/i><span style=\"font-weight: 400;\">. Os eventos deram holofote para que v\u00e1rias bandas do Estado pudessem mostrar seu trabalho. <\/span><\/p>\n<p><span style=\"font-weight: 400;\">Em meio ao crescimento da produ\u00e7\u00e3o art\u00edstica e, ao mesmo tempo, uma crise no setor, com cortes de verbas, decis\u00f5es administrativas pol\u00eamicas e questionamentos quanto ao valor do artista e sua arte, a coluna di\u00e1ria teve fim em novembro de 2017. O cen\u00e1rio cultural perdeu espa\u00e7o nas grandes m\u00eddias, n\u00e3o somente em Joinville, mas em todo o Estado. Al\u00e9m disso, os leitores e os artistas perderam uma fonte de informa\u00e7\u00e3o, conhecimento sobre os movimentos art\u00edsticos e divulga\u00e7\u00e3o de seus trabalhos. <\/span><\/p>\n<p><span style=\"font-weight: 400;\">O ilustrador Humberto Soares enxerga que a maioria dos jornais est\u00e1 matando os espa\u00e7os destinados para divulga\u00e7\u00e3o das artes. \u201c\u00c9 triste saber que cada dia mais h\u00e1 menos espa\u00e7o para o jornalismo cultural\u201d, desabafa. Rubens Herbst v\u00ea que ao acabar ou diminuir radicalmente com o espa\u00e7o para a cultura, os jornais prestam um desservi\u00e7o ao leitor e a sociedade no geral. \u201cSuponho que eles achem que cultura e entretenimento n\u00e3o rendem leitura, n\u00e3o desperta interesse, n\u00e3o atrai anunciantes. S\u00f3 posso lamentar\u201d, conclui.<\/span><\/p>\n<p><span style=\"font-weight: 400;\">Na luta para n\u00e3o deixar de trabalhar com o que ama, Rubens criou, atrav\u00e9s do site Catarse, um financiamento colaborativo para que pudesse desenvolver seu pr\u00f3prio site. Por meio de eventos produzidos para ajudar a campanha e o financiamento, o projeto arrecadou mais de R$ 28 mil. O portal O Correio do Povo News resolveu abra\u00e7ar a ideia, assim, o site Orelhada surgiu em mar\u00e7o de 2018 dentro do portal. <\/span><\/p>\n<p><span style=\"font-weight: 400;\">Rubens valoriza a informa\u00e7\u00e3o cultural, usa dinamismo para mostrar o caminho da arte ao seu p\u00fablico. No Orelhada, a cultura do Estado pode respirar e existir sendo reconhecida por um ve\u00edculo jornal\u00edstico de grande import\u00e2ncia.<\/span><\/p>\n<p><b>Encontrando o reconhecimento<\/b><\/p>\n<p><span style=\"font-weight: 400;\">Sofrendo o descaso dos grandes jornais, os artistas precisam de um ve\u00edculo que reconhe\u00e7a seu trabalho e mostre ao p\u00fablico que eles existem. Os espa\u00e7os para o jornalismo cultural diminuem cada dia mais, fazendo com que a procura por um meio jornal\u00edstico que valorize a arte seja ainda maior. \u00c9 isso o que o Orelhada traz para todo o Estado de Santa Catarina. Dando oportunidade para que o p\u00fablico conhe\u00e7a mais sobre a cultura.<\/span><\/p>\n<p><span style=\"font-weight: 400;\"> Rubens usa o Orelhada para fomentar, divulgar trabalhos, al\u00e9m de ser um ve\u00edculo com espa\u00e7o para evidenciar o que \u00e9 feito em Joinville e na regi\u00e3o. Augusto Ginjo, vocalista e guitarrista da banda joinvilense Fevereiro da Silva, conta que, nos onze anos de exist\u00eancia da banda, Rubens esteve acompanhando o grupo em grande parte da trajet\u00f3ria e \u00e9 de grande import\u00e2ncia para a hist\u00f3ria do grupo. \u201cAl\u00e9m de divulgar o nosso trabalho, seja lan\u00e7amento de discos, m\u00fasicas ou eventos, o Rubens sempre foi uma porta aberta entre o Fevereiro da Silva e a m\u00eddia\u201d, conta. <\/span><\/p>\n<p><span style=\"font-weight: 400;\">Clarice Steil Siewert, atriz do grupo Dionisos Teatro, acredita que ao dar visibilidade \u00e0s a\u00e7\u00f5es culturais, o Orelhada contribui para que as a\u00e7\u00f5es sejam mais efetivas e encontrem seu p\u00fablico. \u201cO Rubens sempre divulgou nosso trabalho, assim como v\u00e1rias a\u00e7\u00f5es de artistas locais. Sempre ofereceu um panorama do que acontece na cidade, mesmo que n\u00e3o tenha cunho comercial\u201d, avalia. A atriz diz que precisa de mais profissionais da imprensa comprometidos com seu trabalho para dar visibilidade ao que acontece. <\/span><\/p>\n<p><span style=\"font-weight: 400;\">Sendo cada vez mais raro encontrar editoriais de cultura nos grandes ve\u00edculos jornal\u00edsticos, Rubens Herbst traz com o Orelhada um espa\u00e7o para os artistas divulgarem seus trabalhos e encontrarem o reconhecimento merecido. Em um momento em que a cultura recebe descaso da m\u00eddia e do governo, Rubens faz seu trabalho com maestria ao criar uma ponte entre artista e o p\u00fablico. A exist\u00eancia desse espa\u00e7o relembra a import\u00e2ncia da resist\u00eancia em tempos duros para a cultura.<\/span><\/p>\n<p>&nbsp;<\/p>\n\n    <div class=\"xs_social_share_widget xs_share_url after_content \t\tmain_content  wslu-style-1 wslu-share-box-shaped wslu-fill-colored wslu-none wslu-share-horizontal wslu-theme-font-no wslu-main_content\">\n\n\t\t\n        <ul>\n\t\t\t        <\/ul>\n    <\/div> \n","protected":false},"excerpt":{"rendered":"<p>Apaixonado por rock e qualquer tipo de artes, Rubens Herbst criou o Orelhada em 2008, dentro do blog A Not\u00edcia, com foco na \u00e1rea cultural catarinense. Ap\u00f3s um ano, com o convite para fazer parte do jornal impresso, nasceu a coluna di\u00e1ria com o mesmo nome. A coluna existiu por oito anos, durante os quais [&hellip;]<\/p>\n","protected":false},"author":3,"featured_media":2518,"comment_status":"open","ping_status":"open","sticky":false,"template":"","format":"standard","meta":{"footnotes":""},"categories":[266],"tags":[],"_links":{"self":[{"href":"https:\/\/primeirapauta.ielusc.br\/index.php\/wp-json\/wp\/v2\/posts\/745"}],"collection":[{"href":"https:\/\/primeirapauta.ielusc.br\/index.php\/wp-json\/wp\/v2\/posts"}],"about":[{"href":"https:\/\/primeirapauta.ielusc.br\/index.php\/wp-json\/wp\/v2\/types\/post"}],"author":[{"embeddable":true,"href":"https:\/\/primeirapauta.ielusc.br\/index.php\/wp-json\/wp\/v2\/users\/3"}],"replies":[{"embeddable":true,"href":"https:\/\/primeirapauta.ielusc.br\/index.php\/wp-json\/wp\/v2\/comments?post=745"}],"version-history":[{"count":1,"href":"https:\/\/primeirapauta.ielusc.br\/index.php\/wp-json\/wp\/v2\/posts\/745\/revisions"}],"predecessor-version":[{"id":2519,"href":"https:\/\/primeirapauta.ielusc.br\/index.php\/wp-json\/wp\/v2\/posts\/745\/revisions\/2519"}],"wp:featuredmedia":[{"embeddable":true,"href":"https:\/\/primeirapauta.ielusc.br\/index.php\/wp-json\/wp\/v2\/media\/2518"}],"wp:attachment":[{"href":"https:\/\/primeirapauta.ielusc.br\/index.php\/wp-json\/wp\/v2\/media?parent=745"}],"wp:term":[{"taxonomy":"category","embeddable":true,"href":"https:\/\/primeirapauta.ielusc.br\/index.php\/wp-json\/wp\/v2\/categories?post=745"},{"taxonomy":"post_tag","embeddable":true,"href":"https:\/\/primeirapauta.ielusc.br\/index.php\/wp-json\/wp\/v2\/tags?post=745"}],"curies":[{"name":"wp","href":"https:\/\/api.w.org\/{rel}","templated":true}]}}