{"id":7452,"date":"2025-08-24T21:13:00","date_gmt":"2025-08-25T00:13:00","guid":{"rendered":"https:\/\/primeirapauta.ielusc.br\/?p=7452"},"modified":"2025-09-26T19:55:24","modified_gmt":"2025-09-26T22:55:24","slug":"como-as-inteligencias-artificiais-podem-influenciar-na-danca","status":"publish","type":"post","link":"https:\/\/primeirapauta.ielusc.br\/index.php\/2025\/08\/24\/como-as-inteligencias-artificiais-podem-influenciar-na-danca\/","title":{"rendered":"Como as intelig\u00eancias artificiais podem influenciar na dan\u00e7a"},"content":{"rendered":"\n<p>Neste domingo (24) \u00e9 celebrado o <strong>Dia Nacional do Artista<\/strong>. E nessa data, a \u201cCidade da Dan\u00e7a\u201d celebra a arte, enquanto explora o impacto da nova tecnologia no meio art\u00edstico. Durante o <strong>42\u00ba Festival de Dan\u00e7a de Joinville<\/strong>, realizado no Teatro Juarez Machado, uma atividade de forma\u00e7\u00e3o reflexiva entre estudantes, profissionais e apaixonados pela dan\u00e7a, o debate \u201cE a\u00ed, IA?\u201d, reuniu o core\u00f3grafo e diretor T\u00edndaro Silvano, os produtores Felipe Vas\u00e3o e Matheus Brusa com media\u00e7\u00e3o de Caio Almendra, consultor de inova\u00e7\u00e3o para discutir como a intelig\u00eancia artificial (IA) pode moldar a dan\u00e7a.<\/p>\n\n\n\n<p>Matheus Brusa \u00e9 respons\u00e1vel pela produ\u00e7\u00e3o de uma coreografia de palco e v\u00eddeo que interagem entre si, inspirada na intelig\u00eancia artificial. Roteiro, movimenta\u00e7\u00e3o, prompts, imagens e at\u00e9 a trilha. J\u00e1 Diego Mac est\u00e1 produzindo o trecho final da coreografia de v\u00eddeo, junto com o Laborat\u00f3rio de Marcha da Universidade de Caxias do Sul.&nbsp;&nbsp;<\/p>\n\n\n\n<figure class=\"wp-block-image size-full\"><img fetchpriority=\"high\" decoding=\"async\" width=\"1080\" height=\"1268\" src=\"https:\/\/primeirapauta.ielusc.br\/wp-content\/uploads\/2025\/09\/1756056645210.jpg\" alt=\"O \u201cE a\u00ed, IA?\u201ddebate como a intelig\u00eancia artificial pode contribuir para a dan\u00e7a, mas tamb\u00e9m mantendo o lado humano\" class=\"wp-image-7454\"\/><figcaption class=\"wp-element-caption\">O \u201cE a\u00ed, IA?\u201ddebate como a intelig\u00eancia artificial pode contribuir para a dan\u00e7a, mas tamb\u00e9m mantendo o lado humano\nCr\u00e9ditos: Instituto Festival de Dan\u00e7a e Matheus Brusa, divulga\u00e7\u00e3o\n<\/figcaption><\/figure>\n\n\n\n<p>A IA na dan\u00e7a \u00e9 pouco discutida, mas n\u00e3o \u00e9 algo novo. Em meados de 1980, o norte-americano <strong>Merce Cunningham<\/strong> usou o software Life Forms, uma ferramenta separava m\u00fasica de movimento, criando decis\u00f5es coreogr\u00e1ficas independentes, como uma intelig\u00eancia coreogr\u00e1fica inicial. \u201cA intelig\u00eancia artificial \u00e9 uma continua\u00e7\u00e3o da intelig\u00eancia coreogr\u00e1fica\u201d, afirma <strong>Tindaro Silvano<\/strong>. O diretor explica que essas ferramentas poder\u00e3o adicionar possibilidades nas coreografias, nos cen\u00e1rios, trilha sonora e at\u00e9 mesmo sincronizar movimentos. Pensando por um lado pedag\u00f3gico, em um futuro distante, as intelig\u00eancias artificiais podem ajudar a analisar e a melhorar a t\u00e9cnica de dan\u00e7a de jovens bailarinos. Contudo, Silvano afirmou que n\u00e3o sente medo de nenhuma amea\u00e7a da intelig\u00eancia artificial tomar o lugar dos humanos: \u201cNada apaga o fator humano na dan\u00e7a. A IA dan\u00e7ando rapidamente perder\u00e1 a gra\u00e7a.\u201d<\/p>\n\n\n\n<p>Na mesma linha, o professor e diretor do Grupo de Dan\u00e7a Animal, Jhon Helder Garcia, de 34 anos, defende a ess\u00eancia humana na arte, mas alerta para a depend\u00eancia da IA. \u201cA dan\u00e7a precisa continuar sendo sobre o corpo e a energia do bailarino. Se a IA virar protagonista da cria\u00e7\u00e3o, j\u00e1 perde a ess\u00eancia\u201d, declara. Para ele, a \u201cdan\u00e7a \u00e9 processo e pesquisa. Se todo mundo usar as mesmas ferramentas, as obras come\u00e7am a ficar parecidas demais.\u201d<\/p>\n\n\n\n<p>O professor aponta que a IA tem trazido mudan\u00e7as em Joinville, j\u00e1 que sempre se busca por inova\u00e7\u00e3o em diversos segmentos envolvendo a dan\u00e7a. A ferramenta pode auxiliar nas composi\u00e7\u00f5es coreogr\u00e1ficas e at\u00e9 de acessibilidade, mudando a forma de ensino e de chegar a novos p\u00fablicos. Por fim, o dan\u00e7arino destaca que o maior desafio \u00e9 n\u00e3o cair na tenta\u00e7\u00e3o de usar a intelig\u00eancia para tudo, mas que ela pode ajudar a potencializar o que j\u00e1 existe dentro do artista. \u201cA arte tem que continuar vindo de dentro. A IA est\u00e1 a\u00ed para somar, n\u00e3o para substituir&#8221;, avalia.<\/p>\n\n    <div class=\"xs_social_share_widget xs_share_url after_content \t\tmain_content  wslu-style-1 wslu-share-box-shaped wslu-fill-colored wslu-none wslu-share-horizontal wslu-theme-font-no wslu-main_content\">\n\n\t\t\n        <ul>\n\t\t\t        <\/ul>\n    <\/div> \n","protected":false},"excerpt":{"rendered":"<p>Neste domingo (24) \u00e9 celebrado o Dia Nacional do Artista. E nessa data, a \u201cCidade da Dan\u00e7a\u201d celebra a arte, enquanto explora o impacto da nova tecnologia no meio art\u00edstico. Durante o 42\u00ba Festival de Dan\u00e7a de Joinville, realizado no Teatro Juarez Machado, uma atividade de forma\u00e7\u00e3o reflexiva entre estudantes, profissionais e apaixonados pela dan\u00e7a, [&hellip;]<\/p>\n","protected":false},"author":68,"featured_media":7453,"comment_status":"closed","ping_status":"open","sticky":false,"template":"","format":"standard","meta":{"footnotes":""},"categories":[581,266,545,354,609],"tags":[],"_links":{"self":[{"href":"https:\/\/primeirapauta.ielusc.br\/index.php\/wp-json\/wp\/v2\/posts\/7452"}],"collection":[{"href":"https:\/\/primeirapauta.ielusc.br\/index.php\/wp-json\/wp\/v2\/posts"}],"about":[{"href":"https:\/\/primeirapauta.ielusc.br\/index.php\/wp-json\/wp\/v2\/types\/post"}],"author":[{"embeddable":true,"href":"https:\/\/primeirapauta.ielusc.br\/index.php\/wp-json\/wp\/v2\/users\/68"}],"replies":[{"embeddable":true,"href":"https:\/\/primeirapauta.ielusc.br\/index.php\/wp-json\/wp\/v2\/comments?post=7452"}],"version-history":[{"count":3,"href":"https:\/\/primeirapauta.ielusc.br\/index.php\/wp-json\/wp\/v2\/posts\/7452\/revisions"}],"predecessor-version":[{"id":7475,"href":"https:\/\/primeirapauta.ielusc.br\/index.php\/wp-json\/wp\/v2\/posts\/7452\/revisions\/7475"}],"wp:featuredmedia":[{"embeddable":true,"href":"https:\/\/primeirapauta.ielusc.br\/index.php\/wp-json\/wp\/v2\/media\/7453"}],"wp:attachment":[{"href":"https:\/\/primeirapauta.ielusc.br\/index.php\/wp-json\/wp\/v2\/media?parent=7452"}],"wp:term":[{"taxonomy":"category","embeddable":true,"href":"https:\/\/primeirapauta.ielusc.br\/index.php\/wp-json\/wp\/v2\/categories?post=7452"},{"taxonomy":"post_tag","embeddable":true,"href":"https:\/\/primeirapauta.ielusc.br\/index.php\/wp-json\/wp\/v2\/tags?post=7452"}],"curies":[{"name":"wp","href":"https:\/\/api.w.org\/{rel}","templated":true}]}}