{"id":802,"date":"2019-05-06T21:03:55","date_gmt":"2019-05-07T00:03:55","guid":{"rendered":"http:\/\/primeirapauta.ielusc.br\/?p=802"},"modified":"2022-06-22T20:09:13","modified_gmt":"2022-06-22T23:09:13","slug":"projeto-mantem-esperanca-da-nao-extincao-de-golfinhos-na-baia-da-babitonga","status":"publish","type":"post","link":"https:\/\/primeirapauta.ielusc.br\/index.php\/2019\/05\/06\/projeto-mantem-esperanca-da-nao-extincao-de-golfinhos-na-baia-da-babitonga\/","title":{"rendered":"Projeto mant\u00e9m esperan\u00e7a da n\u00e3o extin\u00e7\u00e3o de golfinhos na Ba\u00eda da Babitonga"},"content":{"rendered":"<h4><em>A Toninha \u00e9 a menor esp\u00e9cie de mam\u00edfero do oceano e, atualmente, &nbsp;encontra-se amea\u00e7ada de extin\u00e7\u00e3o<\/em><\/h4>\n<p><iframe title=\"Apresenta\u00e7\u00e3o\" width=\"800\" height=\"450\" src=\"https:\/\/www.youtube.com\/embed\/pxZuISWcrnI?feature=oembed\" frameborder=\"0\" allow=\"accelerometer; autoplay; clipboard-write; encrypted-media; gyroscope; picture-in-picture\" allowfullscreen><\/iframe><\/p>\n<p><span style=\"font-weight: 400;\">Duas vezes por semana, Ana B\u00e1rbara Broni de Miranda sai da sede do Projeto Toninhas, em S\u00e3o Francisco do Sul, para a sa\u00edda de campo na Ba\u00eda da Babitonga. Ana \u00e9 bi\u00f3loga e trabalha de forma permanente no projeto. Ela atua juntamente com uma equipe de profissionais e alunos do curso de Ci\u00eancias Biol\u00f3gicas da Univille. As pesquisas com o mam\u00edfero marinho est\u00e3o sendo desenvolvidas h\u00e1 mais de dez anos, com objetivo de preservar e estudar o comportamento das Toninhas e de outros animais. As sa\u00eddas de campo s\u00e3o centralizadas principalmente nas regi\u00f5es entre as ilhas, a \u00e1rea de maior prefer\u00eancia das toninhas.<\/span><\/p>\n<figure id=\"attachment_816\" aria-describedby=\"caption-attachment-816\" style=\"width: 668px\" class=\"wp-caption aligncenter\"><img fetchpriority=\"high\" decoding=\"async\" class=\"size-full wp-image-816\" src=\"http:\/\/primeirapauta.ielusc.br\/wp-content\/uploads\/2019\/05\/Imagem-1.jpeg\" alt=\"\" width=\"668\" height=\"459\"><figcaption id=\"caption-attachment-816\" class=\"wp-caption-text\">Mapa de S\u00e3o Francisco do Sul &#8211; SC (Cr\u00e9ditos: Mapasblog)<\/figcaption><\/figure>\n<p><span style=\"font-weight: 400;\">A equipe pega o barco na Marina, local onde fica em terra seca, e se desloca para a Ba\u00eda. Durante os estudos de campo, s\u00e3o tiradas fotos da nadadeira dorsal e caracter\u00edstica singular de cada toninha. \u00c9 dessa forma que elas s\u00e3o identificadas. A esp\u00e9cie \u00e9 mais reservada que os golfinhos, chamadas at\u00e9 de \u201ct\u00edmidas\u201d pelos integrantes do projeto. Essa caracter\u00edstica dificulta um pouco a observa\u00e7\u00e3o, principalmente em dias com muito vento e com muitas ondas. Al\u00e9m disso, as sa\u00eddas de campo tamb\u00e9m servem para fazer o monitoramento das redes de pesca. Os monitores do projeto saem em busca das redes, marcando as posi\u00e7\u00f5es do GPS para saber o movimento da rede e assim tornar poss\u00edvel a observa\u00e7\u00e3o.<\/span><\/p>\n<p><span style=\"font-weight: 400;\">&nbsp;<\/span><\/p>\n\n<p><span style=\"font-weight: 400;\">A comunica\u00e7\u00e3o das toninhas \u00e9 pouco conhecida. Segundo informa\u00e7\u00f5es do projeto, um estudo comprova que elas t\u00eam a capacidade de ecolocaliza\u00e7\u00e3o, forma de comunica\u00e7\u00e3o por sentidos, atrav\u00e9s da emiss\u00e3o de ondas ultrass\u00f4nicas que possibilitam detectar a posi\u00e7\u00e3o e dist\u00e2ncia. A bioac\u00fastica pode gerar subs\u00eddios para a conserva\u00e7\u00e3o da toninha, possibilitando formas de evitar a pesca acidental. Esses estudos s\u00e3o feitos atrav\u00e9s do monitoramento ac\u00fastico com hidrofones, um aparelho aut\u00f4nomo que fica dentro da \u00e1gua gravando as informa\u00e7\u00f5es do som da toninha. A coordenadora de pesquisa do projeto, Marta Cremer, junto com integrantes, colocam v\u00e1rios aparelhos sistematicamente em toda a ba\u00eda para entender melhor a distribui\u00e7\u00e3o delas no ambiente, principalmente seus hor\u00e1rios.<\/span><\/p>\n\n<p><span style=\"font-weight: 400;\">Como todos os cet\u00e1ceos, seu corpo \u00e9 adaptado para ambientes aqu\u00e1ticos. A toninha \u00e9 um dos menores mam\u00edferos do oceano. Se alimenta de pequenos peixes, lulas e camar\u00f5es. Segundo o minist\u00e9rio do meio ambiente, ela \u00e9 atualmente a \u00fanica esp\u00e9cie amea\u00e7ada de extin\u00e7\u00e3o. Elas costumam nadar em regi\u00f5es onde os pescadores lan\u00e7am suas redes. <\/span><\/p>\n<figure id=\"attachment_827\" aria-describedby=\"caption-attachment-827\" style=\"width: 637px\" class=\"wp-caption aligncenter\"><img decoding=\"async\" class=\"size-full wp-image-827\" src=\"http:\/\/primeirapauta.ielusc.br\/wp-content\/uploads\/2019\/05\/Imagem-7.png\" alt=\"\" width=\"637\" height=\"373\"><figcaption id=\"caption-attachment-827\" class=\"wp-caption-text\">Caracter\u00edsticas das Toninha (Cr\u00e9ditos: Juliana Mews)<\/figcaption><\/figure>\n<p><span style=\"font-weight: 400;\">N\u00e3o saltam, n\u00e3o fazem piruetas e n\u00e3o brincam muito fora da \u00e1gua, como outros golfinhos. Em geral, elas costumam mostrar-se pouco, e sobem para a superf\u00edcie para respirar. Os grupos costumam ser pequenos, com dois ou cinco integrantes. \u00c9 bastante comum encontrar grupos pr\u00f3ximos, alguns estudos gen\u00e9ticos indicam que at\u00e9 possuem<\/span> <span style=\"font-weight: 400;\">la\u00e7os familiares. Por preferirem locais com profundidades mais baixas, ficam relativamente perto da costa, no m\u00e1ximo a 50 metros de profundidade. \u201c\u00c9 raro encontrar toninhas em ba\u00edas na costa leste do Brasil, aqui na Ba\u00eda da Babitonga \u00e9 o \u00fanico lugar com uma popula\u00e7\u00e3o residente que utiliza o mesmo espa\u00e7o de conviv\u00eancia\u201d, explica a bi\u00f3loga. As toninhas de mar aberto n\u00e3o entram, e as que j\u00e1 est\u00e3o na ba\u00eda n\u00e3o saem. Para a bi\u00f3loga Ana B\u00e1rbara, \u00e9 como se fosse uma verdadeira casa. A \u00faltima estimativa \u00e9 que aproximadamente 60 a 80 indiv\u00edduos vivem na ba\u00eda. Novos estudos e pesquisas est\u00e3o sendo feitos para atualiza\u00e7\u00e3o.<\/span><\/p>\n\n<p><span style=\"font-weight: 400;\">A reprodu\u00e7\u00e3o das toninhas acontece apenas uma vez a cada um, ou dois anos e a gesta\u00e7\u00e3o dura entre 11 e 12 meses. A maioria dos nascimentos acontecem na primavera, mas filhotes podem ser vistos durante todo o ano. Os filhotes nascem bem pequenos, com aproximadamente 70 e 80 cm de comprimento, mamam at\u00e9 os nove meses e come\u00e7am a se alimentar j\u00e1 aos quatro e seis meses de vida. Durante seu desenvolvimento, s\u00e3o ensinados pela m\u00e3e a capturar peixes e a se alimentarem sozinhos. <\/span><\/p>\n<p><span style=\"font-weight: 400;\">V\u00edtimas de captura acidental, os casos de golfinhos mortos e machucados s\u00f3 aumentam. A popula\u00e7\u00e3o jovem de toninhas acaba n\u00e3o tendo tempo para se reproduzir e fica cada vez mais amea\u00e7ada de extin\u00e7\u00e3o. Sem fiscaliza\u00e7\u00e3o constante, a preocupa\u00e7\u00e3o quanto a seguran\u00e7a dos animais \u00e9 frequente. \u201c\u00c9 dif\u00edcil saber quantas morrem n\u00e9, pois acontece l\u00e1 fora, no mar. Muitos pescadores tamb\u00e9m temem dar a informa\u00e7\u00e3o por medo de repres\u00e1lias, mas n\u00e3o \u00e9 a inten\u00e7\u00e3o. Queremos entender o problema para poder resolv\u00ea-lo,\u201d destaca a coordenadora do projeto, Marta Cremer.<\/span><\/p>\n<p><span style=\"font-weight: 400;\">Al\u00e9m das redes de pesca, outro problema que os mam\u00edferos encontram \u00e9 com os lixos nos locais em que vivem. No ano passado, uma toninha foi <\/span><a href=\"https:\/\/www.google.com\/amp\/s\/g1.globo.com\/google\/amp\/sp\/santos-regiao\/noticia\/2018\/12\/06\/lacre-plastico-faz-golfinho-em-extincao-morrer-de-fome-na-costa-de-sp.ghtml\"><span style=\"font-weight: 400;\">encontrada em Santos<\/span><\/a><span style=\"font-weight: 400;\">, no estado de S\u00e3o Paulo, com um lacre de refrigerante no rosto, impedindo-a de se alimentar.<\/span><\/p>\n<h3><b>A\u00e7\u00f5es do Projeto Toninhas na comunidade e cidades do entorno<\/b><\/h3>\n<p><span style=\"font-weight: 400;\">Com diversas iniciativas de preserva\u00e7\u00e3o, a equipe do projeto busca conscientizar a comunidade sobre a import\u00e2ncia de preserva\u00e7\u00e3o dos golfinhos. Os trabalhos de conscientiza\u00e7\u00e3o desenvolvidos pela equipe do projeto envolvem pescadores e inclusive os seus filhos. Al\u00e9m disso, o projeto busca estabelecer parceria com outras institui\u00e7\u00f5es, promovendo assim diferentes palestras sobre as toninhas e os ecossistemas costeiros. As palestras s\u00e3o apresentadas em escolas, empresas, organiza\u00e7\u00f5es, associa\u00e7\u00f5es e de acordo com a demanda da comunidade.<\/span><\/p>\n\n<p><span style=\"font-weight: 400;\">O p\u00fablico pode ter acesso \u00e0 mais informa\u00e7\u00f5es sobre a vida do mam\u00edfero n\u00e3o somente em palestras, mas no Espa\u00e7o Ambiental Babitonga, que possui em seu acervo esp\u00e9cies da regi\u00e3o, esqueletos, moldes de animais em tamanho real e aqu\u00e1rios de \u00e1gua doce e salgada. Os visitantes podem conhecer um pouco mais sobre o ambiente e os animais que vivem no local, atrav\u00e9s de uma trilha at\u00e9 o manguezal.<\/span><\/p>\n<p><span style=\"font-weight: 400;\">A Sala Toninha \u00e9 um ambiente decorado, ideal para o desenvolvimento de atividades de Educa\u00e7\u00e3o Ambiental. As visitas s\u00e3o recepcionadas e acompanhadas por uma equipe que fornece diversas informa\u00e7\u00f5es sobre a fauna e os ecossistemas da regi\u00e3o. <\/span><\/p>\n<p><span style=\"font-weight: 400;\">Os dois ambientes est\u00e3o localizados na Univille, unidade de S\u00e3o Francisco do Sul, que tamb\u00e9m realiza exposi\u00e7\u00f5es com animais taxidermizados, fotos e banners explicativos. Al\u00e9m do material j\u00e1 dispon\u00edvel no Espa\u00e7o Ambiental Babitonga, que tamb\u00e9m \u00e9 levado para fora da universidade com o objetivo de alcan\u00e7ar a comunidade em geral. <\/span><\/p>\n<figure id=\"attachment_832\" aria-describedby=\"caption-attachment-832\" style=\"width: 691px\" class=\"wp-caption aligncenter\"><img decoding=\"async\" class=\"size-full wp-image-832\" src=\"http:\/\/primeirapauta.ielusc.br\/wp-content\/uploads\/2019\/05\/Imagem-12.jpeg\" alt=\"\" width=\"691\" height=\"444\"><figcaption id=\"caption-attachment-832\" class=\"wp-caption-text\">Sede do Projeto Toninhas, em S\u00e3o Francisco do Sul &#8211; SC. (Cr\u00e9ditos: Projeto Toninhas)<\/figcaption><\/figure>\n<p><span style=\"font-weight: 400;\">As exposi\u00e7\u00f5es s\u00e3o realizadas em munic\u00edpios como: Garuva, Itapo\u00e1, Araquari e Barra do Sul. Munic\u00edpios como Florian\u00f3polis e Laguna, firmaram parceria com o projeto atrav\u00e9s do Laborat\u00f3rio de Mam\u00edferos Aqu\u00e1ticos da Universidade Federal de Santa Catarina (UFSC) e a Universidade do Estado de Santa Catarina (Udesc) de Laguna. Para essas regi\u00f5es, a \u201cCaravana da Toninha\u201d \u00e9 levada para os locais, onde ocorre a distribui\u00e7\u00e3o do material de divulga\u00e7\u00e3o, apresenta\u00e7\u00e3o do videodocument\u00e1rio <\/span><a href=\"http:\/\/www.projetotoninhas.org.br\/index.php\/site\/videodocumentario\"><span style=\"font-weight: 400;\">\u201cToninhas: no limite da sobreviv\u00eancia\u201d<\/span><\/a><span style=\"font-weight: 400;\">&nbsp;e exposi\u00e7\u00e3o de fotos e moldes em pontos estrat\u00e9gicos das cidades.<\/span><\/p>\n<div style=\"width: 800px;\" class=\"wp-video\"><!--[if lt IE 9]><script>document.createElement('video');<\/script><![endif]-->\n<video class=\"wp-video-shortcode\" id=\"video-802-1\" width=\"800\" height=\"450\" preload=\"metadata\" controls=\"controls\"><source type=\"video\/mp4\" src=\"http:\/\/primeirapauta.ielusc.br\/wp-content\/uploads\/2019\/05\/V\u00eddeo-2.mp4?_=1\" \/><a href=\"http:\/\/primeirapauta.ielusc.br\/wp-content\/uploads\/2019\/05\/V\u00eddeo-2.mp4\">http:\/\/primeirapauta.ielusc.br\/wp-content\/uploads\/2019\/05\/V\u00eddeo-2.mp4<\/a><\/video><\/div>\n<p><span style=\"font-weight: 400;\">Outra &nbsp;a\u00e7\u00e3o importante do Projeto Toninhas foi a confec\u00e7\u00e3o de um livro paradid\u00e1tico, feito com o objetivo de alcan\u00e7ar um n\u00famero maior de pessoas e dar visibilidade para a vida e rotina da toninha. Confeccionado por integrantes do projeto,<\/span><span style=\"font-weight: 400;\">&nbsp;<a href=\"http:\/\/www.projetotoninhas.org.br\/index.php\/site\/livro_paradidatico\">o livro \u00e9 todo ilustrado<\/a><\/span><span style=\"font-weight: 400;\">&nbsp;e&nbsp;distribu\u00eddo em escolas de S\u00e3o Francisco do Sul. A iniciativa tem como objetivo disponibilizar um material de refer\u00eancia para ser utilizado em salas de aula e que trate de temas locais, como ecossistemas costeiros e as toninhas. O projeto tamb\u00e9m possui um <\/span><a href=\"https:\/\/www.youtube.com\/watch?v=IJqja9MIp9k\"><span style=\"font-weight: 400;\">canal<\/span><\/a><span style=\"font-weight: 400;\">&nbsp;no YouTube, onde \u00e9 poss\u00edvel encontrar v\u00e1rias hist\u00f3rias da Toninha Babi, que s\u00e3o apresentadas em algumas escolas e CEIs.<\/span><\/p>\n<h3><b>Como posso ajudar na preserva\u00e7\u00e3o da esp\u00e9cie?<\/b><\/h3>\n<p><span style=\"font-weight: 400;\">Antes de tudo, \u00e9 preciso ter conscientiza\u00e7\u00e3o. Cada um precisa entender que todo res\u00edduo vai para algum lugar, &nbsp;tudo que consumimos gera lixo que leva anos para se decompor. Quando esse lixo n\u00e3o \u00e9 descartado da forma correta, acabam nos rios, e ent\u00e3o no mar. Pesquisadores j\u00e1 encontraram toninhas mortas com o lacre de garrafa PET preso no rosto, impedindo a alimenta\u00e7\u00e3o, bem como mam\u00edferos que acabaram consumindo pl\u00e1sticos e acabaram mortos na praia. A pesca consciente e cuidadosa, assim como a preserva\u00e7\u00e3o das \u00e1guas e do meio ambiente, s\u00e3o princ\u00edpios que auxiliam na preserva\u00e7\u00e3o das Toninhas.<\/span><\/p>\n<p>Por: Juliana Mews, Sara Lins e Paulo Ribeiro<\/p>\n\n    <div class=\"xs_social_share_widget xs_share_url after_content \t\tmain_content  wslu-style-1 wslu-share-box-shaped wslu-fill-colored wslu-none wslu-share-horizontal wslu-theme-font-no wslu-main_content\">\n\n\t\t\n        <ul>\n\t\t\t        <\/ul>\n    <\/div> \n","protected":false},"excerpt":{"rendered":"<p>A Toninha \u00e9 a menor esp\u00e9cie de mam\u00edfero do oceano e, atualmente, &nbsp;encontra-se amea\u00e7ada de extin\u00e7\u00e3o Duas vezes por semana, Ana B\u00e1rbara Broni de Miranda sai da sede do Projeto Toninhas, em S\u00e3o Francisco do Sul, para a sa\u00edda de campo na Ba\u00eda da Babitonga. Ana \u00e9 bi\u00f3loga e trabalha de forma permanente no projeto. [&hellip;]<\/p>\n","protected":false},"author":3,"featured_media":2458,"comment_status":"open","ping_status":"open","sticky":false,"template":"","format":"standard","meta":{"footnotes":""},"categories":[332],"tags":[136],"_links":{"self":[{"href":"https:\/\/primeirapauta.ielusc.br\/index.php\/wp-json\/wp\/v2\/posts\/802"}],"collection":[{"href":"https:\/\/primeirapauta.ielusc.br\/index.php\/wp-json\/wp\/v2\/posts"}],"about":[{"href":"https:\/\/primeirapauta.ielusc.br\/index.php\/wp-json\/wp\/v2\/types\/post"}],"author":[{"embeddable":true,"href":"https:\/\/primeirapauta.ielusc.br\/index.php\/wp-json\/wp\/v2\/users\/3"}],"replies":[{"embeddable":true,"href":"https:\/\/primeirapauta.ielusc.br\/index.php\/wp-json\/wp\/v2\/comments?post=802"}],"version-history":[{"count":1,"href":"https:\/\/primeirapauta.ielusc.br\/index.php\/wp-json\/wp\/v2\/posts\/802\/revisions"}],"predecessor-version":[{"id":2459,"href":"https:\/\/primeirapauta.ielusc.br\/index.php\/wp-json\/wp\/v2\/posts\/802\/revisions\/2459"}],"wp:featuredmedia":[{"embeddable":true,"href":"https:\/\/primeirapauta.ielusc.br\/index.php\/wp-json\/wp\/v2\/media\/2458"}],"wp:attachment":[{"href":"https:\/\/primeirapauta.ielusc.br\/index.php\/wp-json\/wp\/v2\/media?parent=802"}],"wp:term":[{"taxonomy":"category","embeddable":true,"href":"https:\/\/primeirapauta.ielusc.br\/index.php\/wp-json\/wp\/v2\/categories?post=802"},{"taxonomy":"post_tag","embeddable":true,"href":"https:\/\/primeirapauta.ielusc.br\/index.php\/wp-json\/wp\/v2\/tags?post=802"}],"curies":[{"name":"wp","href":"https:\/\/api.w.org\/{rel}","templated":true}]}}