{"id":8065,"date":"2025-10-08T22:31:00","date_gmt":"2025-10-09T01:31:00","guid":{"rendered":"https:\/\/primeirapauta.ielusc.br\/?p=8065"},"modified":"2025-12-11T14:43:40","modified_gmt":"2025-12-11T17:43:40","slug":"como-o-coelho-dominou-a-culinaria-de-malta","status":"publish","type":"post","link":"https:\/\/primeirapauta.ielusc.br\/index.php\/2025\/10\/08\/como-o-coelho-dominou-a-culinaria-de-malta\/","title":{"rendered":"Como o coelho dominou a culin\u00e1ria de Malta"},"content":{"rendered":"\n<figure class=\"wp-block-audio\"><audio controls src=\"https:\/\/primeirapauta.ielusc.br\/wp-content\/uploads\/2025\/10\/como-o-coelho-domino_N32Kk0hT.wav\"><\/audio><figcaption class=\"wp-element-caption\">Como o coelho dominou a culin\u00e1ria de Malta<\/figcaption><\/figure>\n\n\n\n<p>Situado no cora\u00e7\u00e3o do Mediterr\u00e2neo, o arquip\u00e9lago de Malta \u00e9 uma terra de peculiaridades. Sua hist\u00f3ria \u00e9 um reflexo das v\u00e1rias tradi\u00e7\u00f5es que por ali passaram, com influ\u00eancias que v\u00e3o desde os fen\u00edcios at\u00e9 os brit\u00e2nicos.&nbsp;<\/p>\n\n\n\n<p>Tendo conquistado sua independ\u00eancia apenas em 1964, a ilha carrega as marcas de diversas na\u00e7\u00f5es em seus costumes, arquitetura e, notavelmente, em sua gastronomia.<\/p>\n\n\n\n<figure class=\"wp-block-image size-full\"><img fetchpriority=\"high\" decoding=\"async\" width=\"1200\" height=\"1600\" src=\"https:\/\/primeirapauta.ielusc.br\/wp-content\/uploads\/2025\/10\/c82356d4-1601-4e86-a752-4835f062d7cb.jpeg\" alt=\"\" class=\"wp-image-8068\" srcset=\"https:\/\/primeirapauta.ielusc.br\/wp-content\/uploads\/2025\/10\/c82356d4-1601-4e86-a752-4835f062d7cb.jpeg 1200w, https:\/\/primeirapauta.ielusc.br\/wp-content\/uploads\/2025\/10\/c82356d4-1601-4e86-a752-4835f062d7cb-1152x1536.jpeg 1152w\" sizes=\"(max-width: 1200px) 100vw, 1200px\" \/><\/figure>\n\n\n\n<p>O prato que mais personifica essa heran\u00e7a \u00e9 o <strong>Fenek<\/strong>, <strong>a carne de coelho, considerado o prato oficial de Malta<\/strong>. Ele pode ser saboreado em guisados, sopas, recheado e frito ou assado. Muitas varia\u00e7\u00f5es levam alho e molhos \u00e0 base de vinho tinto, sendo comum encontrar o coelho acompanhado de legumes, croquetes, ou, em uma das formas mais populares, misturado com espaguete. Os malteses contam que o prato foi criado como um ato de resist\u00eancia no s\u00e9culo XVIII contra a proibi\u00e7\u00e3o da ca\u00e7a aos coelhos e, desde ent\u00e3o, firmou-se como um s\u00edmbolo nacional.<\/p>\n\n\n\n<h2 class=\"wp-block-heading\">O sabor da tradi\u00e7\u00e3o \u00e0 mesa<\/h2>\n\n\n\n<p>A aprecia\u00e7\u00e3o pelo fenek \u00e9 evidente em restaurantes tradicionais por toda a ilha. No La Maltija, em St. Julians, o prato de espaguete com carne de coelho \u00e9 um dos destaques.<\/p>\n\n\n\n<p>O m\u00e9todo de preparo garante que a carne desfie e se integre ao molho, que muitas vezes \u00e9 enriquecido com um toque adocicado, um tra\u00e7o que encanta os visitantes.<\/p>\n\n\n\n<p>&#8220;\u00c9 bem cultural e a carne \u00e9 uma del\u00edcia,&#8221; explicou um gar\u00e7om do La Maltija, ao ser questionado sobre a popularidade do coelho no menu.<\/p>\n\n\n\n<p>Para os turistas, a iguaria oferece uma experi\u00eancia gastron\u00f4mica \u00fanica.&nbsp;<\/p>\n\n\n\n<p>&#8220;\u00c9 um sabor diferente, mas eu gostei,&#8221; afirmou a brasileira Daniela Oliveira, que passa seus \u00faltimos dias no pa\u00eds.<\/p>\n\n\n\n<figure class=\"wp-block-image size-full\"><img decoding=\"async\" width=\"1600\" height=\"1375\" src=\"https:\/\/primeirapauta.ielusc.br\/wp-content\/uploads\/2025\/10\/b4b729e5-3eae-422e-a954-454c60bf9909.jpeg\" alt=\"\" class=\"wp-image-8066\" srcset=\"https:\/\/primeirapauta.ielusc.br\/wp-content\/uploads\/2025\/10\/b4b729e5-3eae-422e-a954-454c60bf9909.jpeg 1600w, https:\/\/primeirapauta.ielusc.br\/wp-content\/uploads\/2025\/10\/b4b729e5-3eae-422e-a954-454c60bf9909-1536x1320.jpeg 1536w\" sizes=\"(max-width: 1600px) 100vw, 1600px\" \/><figcaption class=\"wp-element-caption\">Cr\u00e9ditos: Yasmin Rech.<\/figcaption><\/figure>\n\n\n\n<h2 class=\"wp-block-heading\">Costumes locais<\/h2>\n\n\n\n<p>Al\u00e9m do paladar, a cultura maltesa revela um povo religioso e tradicional, que valoriza a tranquilidade e a privacidade.&nbsp;<\/p>\n\n\n\n<p>Nas cidades, \u00e9 considerado inadequado fazer barulho entre as 13h e 16h, um per\u00edodo reservado \u00e0 sesta que muitas fam\u00edlias ainda mant\u00eam ap\u00f3s o almo\u00e7o. De fato, o sil\u00eancio \u00e9 uma prioridade para os malteses em qualquer hor\u00e1rio, sendo flexibilizado apenas nas regi\u00f5es que concentram a vida noturna.<\/p>\n\n\n\n<p>\u201cSliema \u00e9 bem mais calmo\u201d, contou a brasileira Tamires Abrantes, que est\u00e1 fazendo interc\u00e2mbio no pa\u00eds. \u201cA cidade \u00e9 tranquila e os malteses preservam muito isso\u201d.<\/p>\n\n\n\n<p>A forte tradi\u00e7\u00e3o tamb\u00e9m carrega antigas supersti\u00e7\u00f5es, como a cren\u00e7a de que mulheres gr\u00e1vidas n\u00e3o devem se aproximar de cemit\u00e9rios.&nbsp;<\/p>\n\n\n\n<p>Esses costumes, embora peculiares, demonstram a profundidade da identidade maltesa, que se formou ao longo de s\u00e9culos de hist\u00f3ria.<\/p>\n\n\n\n<h2 class=\"wp-block-heading\">Descubra ainda mais sobre a ilha<\/h2>\n\n\n\n<figure class=\"wp-block-video\"><video controls src=\"https:\/\/primeirapauta.ielusc.br\/wp-content\/uploads\/2025\/12\/design-sem-nome_mm07T5pM.mp4\"><\/video><figcaption class=\"wp-element-caption\">Entenda por que os malteses colocam nomes em suas casas<\/figcaption><\/figure>\n\n    <div class=\"xs_social_share_widget xs_share_url after_content \t\tmain_content  wslu-style-1 wslu-share-box-shaped wslu-fill-colored wslu-none wslu-share-horizontal wslu-theme-font-no wslu-main_content\">\n\n\t\t\n        <ul>\n\t\t\t        <\/ul>\n    <\/div> \n","protected":false},"excerpt":{"rendered":"<p>Situado no cora\u00e7\u00e3o do Mediterr\u00e2neo, o arquip\u00e9lago de Malta \u00e9 uma terra de peculiaridades. Sua hist\u00f3ria \u00e9 um reflexo das v\u00e1rias tradi\u00e7\u00f5es que por ali passaram, com influ\u00eancias que v\u00e3o desde os fen\u00edcios at\u00e9 os brit\u00e2nicos.&nbsp; Tendo conquistado sua independ\u00eancia apenas em 1964, a ilha carrega as marcas de diversas na\u00e7\u00f5es em seus costumes, arquitetura [&hellip;]<\/p>\n","protected":false},"author":58,"featured_media":8069,"comment_status":"closed","ping_status":"open","sticky":false,"template":"","format":"standard","meta":{"footnotes":""},"categories":[266,609],"tags":[89,144,752,751],"_links":{"self":[{"href":"https:\/\/primeirapauta.ielusc.br\/index.php\/wp-json\/wp\/v2\/posts\/8065"}],"collection":[{"href":"https:\/\/primeirapauta.ielusc.br\/index.php\/wp-json\/wp\/v2\/posts"}],"about":[{"href":"https:\/\/primeirapauta.ielusc.br\/index.php\/wp-json\/wp\/v2\/types\/post"}],"author":[{"embeddable":true,"href":"https:\/\/primeirapauta.ielusc.br\/index.php\/wp-json\/wp\/v2\/users\/58"}],"replies":[{"embeddable":true,"href":"https:\/\/primeirapauta.ielusc.br\/index.php\/wp-json\/wp\/v2\/comments?post=8065"}],"version-history":[{"count":5,"href":"https:\/\/primeirapauta.ielusc.br\/index.php\/wp-json\/wp\/v2\/posts\/8065\/revisions"}],"predecessor-version":[{"id":9083,"href":"https:\/\/primeirapauta.ielusc.br\/index.php\/wp-json\/wp\/v2\/posts\/8065\/revisions\/9083"}],"wp:featuredmedia":[{"embeddable":true,"href":"https:\/\/primeirapauta.ielusc.br\/index.php\/wp-json\/wp\/v2\/media\/8069"}],"wp:attachment":[{"href":"https:\/\/primeirapauta.ielusc.br\/index.php\/wp-json\/wp\/v2\/media?parent=8065"}],"wp:term":[{"taxonomy":"category","embeddable":true,"href":"https:\/\/primeirapauta.ielusc.br\/index.php\/wp-json\/wp\/v2\/categories?post=8065"},{"taxonomy":"post_tag","embeddable":true,"href":"https:\/\/primeirapauta.ielusc.br\/index.php\/wp-json\/wp\/v2\/tags?post=8065"}],"curies":[{"name":"wp","href":"https:\/\/api.w.org\/{rel}","templated":true}]}}