{"id":8082,"date":"2025-10-09T19:41:57","date_gmt":"2025-10-09T22:41:57","guid":{"rendered":"https:\/\/primeirapauta.ielusc.br\/?p=8082"},"modified":"2025-11-22T13:06:07","modified_gmt":"2025-11-22T16:06:07","slug":"audiencia-publica-apresenta-estudos-ambientais-da-bacia-do-rio-itaum-acu","status":"publish","type":"post","link":"https:\/\/primeirapauta.ielusc.br\/index.php\/2025\/10\/09\/audiencia-publica-apresenta-estudos-ambientais-da-bacia-do-rio-itaum-acu\/","title":{"rendered":"Moradores do bairro Itaum relatam impactos das enchentes e cobram solu\u00e7\u00f5es"},"content":{"rendered":"\n<p>Audi\u00eancia p\u00fablica debate estudos ambientais e licenciamento de projeto de drenagem na zona sul de Joinville<\/p>\n\n\n\n<p>A <a href=\"https:\/\/www.joinville.sc.gov.br\/wp-content\/uploads\/2025\/07\/Relatorio-de-Impacto-Ambiental-RIMA-macrodrenagem-sub-bacia-rio-Itaum-Acu.pdf\" target=\"_blank\" rel=\"noreferrer noopener\">Prefeitura de Joinville<\/a> realizou, na noite de ter\u00e7a-feira (8), uma <strong>audi\u00eancia p\u00fablica<\/strong> para apresenta\u00e7\u00e3o dos estudos de impacto ambiental do projeto de macro e <strong>microdrenagem<\/strong> da bacia do <strong>rio Itaum-A\u00e7u<\/strong>, na zona sul da cidade. O encontro ocorreu no audit\u00f3rio da <strong>Secretaria de Planejamento Urbano<\/strong> e Desenvolvimento Sustent\u00e1vel e reuniu t\u00e9cnicos, representantes do <strong>poder p\u00fablico<\/strong> e moradores que convivem com as recorrentes enchentes na regi\u00e3o.<\/p>\n\n\n\n<figure class=\"wp-block-video\"><video controls src=\"https:\/\/primeirapauta.ielusc.br\/wp-content\/uploads\/2025\/10\/WhatsApp-Video-2025-10-09-at-17.29.53.mp4\"><\/video><figcaption class=\"wp-element-caption\">Bruno Costanzo explicando  sobre o licenciamento ambiental do projeto Itaum-A\u00e7u \/ V\u00eddeo: Priscila Pereira\n<\/figcaption><\/figure>\n\n\n\n<p>Entre os participantes estava a <strong>analista ambiental V\u00e2nia Morotomi<\/strong>, que mora a uma quadra do rio. Ela relatou que as <strong>inunda\u00e7\u00f5es <\/strong>se tornaram frequentes e causam preju\u00edzos a quem vive nas \u00e1reas mais baixas. \u201cNo \u00faltimo ano, a \u00e1gua chegou na altura do meu joelho dentro de casa.<strong> A rua inteira ficou debaixo d\u2019\u00e1gua<\/strong>. <strong>Muita gente perdeu tudo<\/strong>\u201d, afirmou.<\/p>\n\n\n\n<p>O motorista <strong>Gabriel P\u00e9rez<\/strong>, morador h\u00e1 cinco anos no bairro, contou que o problema \u00e9 agravado pela<strong> falta de manuten\u00e7\u00e3o<\/strong> e pelo<strong> ac\u00famulo de lixo nas margens do rio<\/strong>. \u201c<strong>A ponte da rua Suburbana<\/strong> \u00e9 muito baixa e acaba acumulando galhos e entulhos. Quando chove forte, a \u00e1gua volta e inunda as ruas pr\u00f3ximas\u201d, disse. Segundo ele, as <strong>enchentes desvalorizam os im\u00f3veis<\/strong> e dificultam a venda ou loca\u00e7\u00e3o de casas na regi\u00e3o.<\/p>\n\n\n\n<figure class=\"wp-block-image size-full\"><img fetchpriority=\"high\" decoding=\"async\" width=\"1600\" height=\"1200\" src=\"https:\/\/primeirapauta.ielusc.br\/wp-content\/uploads\/2025\/10\/papel-desenho.jpg\" alt=\"O panfleto comunica que a Audi\u00eancia P\u00fablica tem como objetivo esclarecer d\u00favidas sobre o RIMA \u2013 Relat\u00f3rio de Impacto Ambiental, documento t\u00e9cnico elaborado para as obras de macrodrenagem, microdrenagem e pavimenta\u00e7\u00e3o que ocorrer\u00e3o na sub-bacia do rio Itaum-A\u00e7u, localizada no munic\u00edpio de Joinville-SC.\" class=\"wp-image-8090\" srcset=\"https:\/\/primeirapauta.ielusc.br\/wp-content\/uploads\/2025\/10\/papel-desenho.jpg 1600w, https:\/\/primeirapauta.ielusc.br\/wp-content\/uploads\/2025\/10\/papel-desenho-1536x1152.jpg 1536w\" sizes=\"(max-width: 1600px) 100vw, 1600px\" \/><figcaption class=\"wp-element-caption\">Mapa e resumo do RIMA detalham o projeto de macrodrenagem da bacia do Itaum-A\u00e7u \/ Foto: Priscila Pereira<br><br><\/figcaption><\/figure>\n\n\n\n<p>Durante o evento, o <strong>engenheiro ambiental Bruno Costanzo<\/strong>, respons\u00e1vel pelo estudo, explicou que foram analisadas cinco alternativas de projeto para melhorar a vaz\u00e3o da bacia. A proposta escolhida prev\u00ea a <strong>remodela\u00e7\u00e3o do leito dos rios<\/strong> com perfis retangulares de concreto armado, buscando agilidade na execu\u00e7\u00e3o e redu\u00e7\u00e3o dos impactos ambientais.<\/p>\n\n\n\n<p><\/p>\n\n\n\n<figure class=\"wp-block-image size-full\"><img decoding=\"async\" width=\"1600\" height=\"1200\" src=\"https:\/\/primeirapauta.ielusc.br\/wp-content\/uploads\/2025\/10\/povo.jpg\" alt=\"Participantes acompanham a audi\u00eancia p\u00fablica sobre o projeto de macrodrenagem da sub-bacia do rio Itaum-A\u00e7u, em Joinville. O encontro reuniu moradores, t\u00e9cnicos e representantes p\u00fablicos para discutir os impactos e solu\u00e7\u00f5es da obra.\" class=\"wp-image-8091\" srcset=\"https:\/\/primeirapauta.ielusc.br\/wp-content\/uploads\/2025\/10\/povo.jpg 1600w, https:\/\/primeirapauta.ielusc.br\/wp-content\/uploads\/2025\/10\/povo-1536x1152.jpg 1536w\" sizes=\"(max-width: 1600px) 100vw, 1600px\" \/><figcaption class=\"wp-element-caption\">Moradores participam da audi\u00eancia sobre o projeto Itaum-A\u00e7u \/ Foto: Priscila Pereira<\/figcaption><\/figure>\n\n\n\n<p><strong>A engenheira civil S\u00edlvia Reolon<\/strong>, <strong>diretora da Unidade de Coordena\u00e7\u00e3o de Projetos da Secretaria de Administra\u00e7\u00e3o <\/strong>e Planejamento, destacou que o estudo foi protocolado no <strong>Instituto do Meio Ambiente (IMA)<\/strong> em 2021 e que a audi\u00eancia faz parte do processo de licenciamento ambiental pr\u00e9vio. \u201cEsta etapa \u00e9 destinada \u00e0 apresenta\u00e7\u00e3o dos estudos e \u00e0 escuta da comunidade\u201d, afirmou.<\/p>\n\n\n\n<figure class=\"wp-block-audio\"><audio controls src=\"https:\/\/primeirapauta.ielusc.br\/wp-content\/uploads\/2025\/10\/WhatsApp-Audio-2025-10-09-at-17.36.03.ogg\"><\/audio><figcaption class=\"wp-element-caption\">Gabriel Perez morador do bairro Itaum relatando os desafios de morar no bairro por consequ\u00eancia das enchentes que ocorrem quando chove muito em Joinville.<\/figcaption><\/figure>\n\n\n\n<p>O estudo de impacto ambiental prev\u00ea 26 impactos identificados e 19 programas de mitiga\u00e7\u00e3o e monitoramento, incluindo a\u00e7\u00f5es de controle de ru\u00eddo, recomposi\u00e7\u00e3o vegetal e comunica\u00e7\u00e3o social. A <strong>bacia do Ita\u00fa-A\u00e7u<\/strong> \u00e9 uma das maiores e mais adensadas de Joinville e sofre influ\u00eancia tanto fluvial quanto da mar\u00e9, o que contribui para os <strong>alagamentos recorrentes.<\/strong><\/p>\n\n\n\n<p>A audi\u00eancia encerrou com o compromisso de que as observa\u00e7\u00f5es feitas pelos moradores ser\u00e3o encaminhadas ao Instituto do Meio Ambiente, respons\u00e1vel pela an\u00e1lise final para <strong>emiss\u00e3o da licen\u00e7a pr\u00e9via<\/strong>.<\/p>\n\n    <div class=\"xs_social_share_widget xs_share_url after_content \t\tmain_content  wslu-style-1 wslu-share-box-shaped wslu-fill-colored wslu-none wslu-share-horizontal wslu-theme-font-no wslu-main_content\">\n\n\t\t\n        <ul>\n\t\t\t        <\/ul>\n    <\/div> \n","protected":false},"excerpt":{"rendered":"<p>Audi\u00eancia p\u00fablica debate estudos ambientais e licenciamento de projeto de drenagem na zona sul de Joinville A Prefeitura de Joinville realizou, na noite de ter\u00e7a-feira (8), uma audi\u00eancia p\u00fablica para apresenta\u00e7\u00e3o dos estudos de impacto ambiental do projeto de macro e microdrenagem da bacia do rio Itaum-A\u00e7u, na zona sul da cidade. O encontro ocorreu [&hellip;]<\/p>\n","protected":false},"author":62,"featured_media":8083,"comment_status":"closed","ping_status":"open","sticky":false,"template":"","format":"standard","meta":{"footnotes":""},"categories":[581,346,354,609,233],"tags":[795,756,804,806,808,797,802,814,544,793],"_links":{"self":[{"href":"https:\/\/primeirapauta.ielusc.br\/index.php\/wp-json\/wp\/v2\/posts\/8082"}],"collection":[{"href":"https:\/\/primeirapauta.ielusc.br\/index.php\/wp-json\/wp\/v2\/posts"}],"about":[{"href":"https:\/\/primeirapauta.ielusc.br\/index.php\/wp-json\/wp\/v2\/types\/post"}],"author":[{"embeddable":true,"href":"https:\/\/primeirapauta.ielusc.br\/index.php\/wp-json\/wp\/v2\/users\/62"}],"replies":[{"embeddable":true,"href":"https:\/\/primeirapauta.ielusc.br\/index.php\/wp-json\/wp\/v2\/comments?post=8082"}],"version-history":[{"count":11,"href":"https:\/\/primeirapauta.ielusc.br\/index.php\/wp-json\/wp\/v2\/posts\/8082\/revisions"}],"predecessor-version":[{"id":8572,"href":"https:\/\/primeirapauta.ielusc.br\/index.php\/wp-json\/wp\/v2\/posts\/8082\/revisions\/8572"}],"wp:featuredmedia":[{"embeddable":true,"href":"https:\/\/primeirapauta.ielusc.br\/index.php\/wp-json\/wp\/v2\/media\/8083"}],"wp:attachment":[{"href":"https:\/\/primeirapauta.ielusc.br\/index.php\/wp-json\/wp\/v2\/media?parent=8082"}],"wp:term":[{"taxonomy":"category","embeddable":true,"href":"https:\/\/primeirapauta.ielusc.br\/index.php\/wp-json\/wp\/v2\/categories?post=8082"},{"taxonomy":"post_tag","embeddable":true,"href":"https:\/\/primeirapauta.ielusc.br\/index.php\/wp-json\/wp\/v2\/tags?post=8082"}],"curies":[{"name":"wp","href":"https:\/\/api.w.org\/{rel}","templated":true}]}}