{"id":8135,"date":"2025-10-12T18:34:37","date_gmt":"2025-10-12T21:34:37","guid":{"rendered":"https:\/\/primeirapauta.ielusc.br\/?p=8135"},"modified":"2025-10-17T21:58:18","modified_gmt":"2025-10-18T00:58:18","slug":"paroquia-promove-festa-em-comemoracao-ao-dia-das-criancas-e-homenageia-padroeira-do-brasil","status":"publish","type":"post","link":"https:\/\/primeirapauta.ielusc.br\/index.php\/2025\/10\/12\/paroquia-promove-festa-em-comemoracao-ao-dia-das-criancas-e-homenageia-padroeira-do-brasil\/","title":{"rendered":"Par\u00f3quia promove festa para o Dia das Crian\u00e7as e homenageia Nossa Senhora Aparecida em Joinville"},"content":{"rendered":"\n<p><em>Festa na Par\u00f3quia Santu\u00e1rio Sagrado Cora\u00e7\u00e3o de Jesus celebra Dia das Crian\u00e7as com divers\u00e3o, f\u00e9 e uni\u00e3o da comunidade<\/em><\/p>\n\n\n\n<p>Neste s\u00e1bado (11), a <strong>Igreja Cat\u00f3lica<\/strong> <strong>Santu\u00e1rio Sagrado Cora\u00e7\u00e3o de Jesus<\/strong> realizou uma festa em comemora\u00e7\u00e3o ao <strong>Dia das Crian\u00e7as<\/strong>, que \u00e9 celebrado hoje (12), juntamente ao dia de <strong>Nossa Senhora Aparecida<\/strong>, padroeira do Brasil. O evento teve in\u00edcio \u00e0s 12h e reuniu centenas de pessoas, entre elas visitantes e volunt\u00e1rios.\u00a0<\/p>\n\n\n\n<p>A programa\u00e7\u00e3o contou com atra\u00e7\u00f5es como pintura de rosto, cama el\u00e1stica, infl\u00e1veis, t\u00eanis de mesa, palha\u00e7os e outros. A festa se estendeu durante toda a tarde e foi encerrada \u00e0s 16h com a tradicional <strong>missa das crian\u00e7as<\/strong>.<\/p>\n\n\n\n<figure class=\"wp-block-image size-full\"><img fetchpriority=\"high\" decoding=\"async\" width=\"1280\" height=\"834\" src=\"https:\/\/primeirapauta.ielusc.br\/wp-content\/uploads\/2025\/10\/WhatsApp-Image-2025-10-12-at-20.56.58-1.jpeg\" alt=\"\" class=\"wp-image-8142\" \/><figcaption class=\"wp-element-caption\">Atra\u00e7\u00e3o para as crian\u00e7as pintura de rosto feita por volunt\u00e1rios da comunidade \/ Maria Eduarda Ribeiro \/ Primeira Pauta<\/figcaption><\/figure>\n\n\n\n<p>\u201cEu j\u00e1 participei de v\u00e1rias festas aqui no sagrado, e comparado com o ano anterior esse ano h\u00e1 mais gente e est\u00e1 sendo muito legal. \u00c9 incr\u00edvel ver como as crian\u00e7as ficam felizes quando a gente brinca, quando a gente d\u00e1 aten\u00e7\u00e3o para elas\u201d, cita a volunt\u00e1ria <strong>Alana Moreira<\/strong>.<\/p>\n\n\n\n<p>Organizado pela igreja, o evento teve apoio de dezenas de fi\u00e9is que refor\u00e7aram os valores de solidariedade e uni\u00e3o da comunidade. \u201cA gente se envolve a semana toda, seja na cozinha, ou nas compras. Sexta-feira tem geralmente em torno de 10 pessoas para fazer os preparativos para a festa, e hoje tem bastante ajuda e todos s\u00e3o volunt\u00e1rios\u201d, conta <strong>Catia Regina Moreira Maia<\/strong>, coordenadora do evento.<\/p>\n\n\n\n<figure class=\"wp-block-video\"><video controls src=\"https:\/\/primeirapauta.ielusc.br\/wp-content\/uploads\/2025\/10\/WhatsApp-Video-2025-10-12-at-20.30.53.mp4\"><\/video><figcaption class=\"wp-element-caption\">V\u00eddeo com momentos do evento como crian\u00e7as brincando de t\u00eanis de mesa, capela com flores em homenagem a Nossa Senhora Aparecida e Missa das Crian\u00e7as. \/ Cr\u00e9ditos: Maria Eduarda Ribeiro<\/figcaption><\/figure>\n\n\n\n<p>A festa foi al\u00e9m da divers\u00e3o, tornou-se um momento de f\u00e9 e afeto, unindo a comunidade para festejar a inf\u00e2ncia e renovar a devo\u00e7\u00e3o \u00e0 <strong>Padroeira do Brasil<\/strong>. \u201cEu frequento h\u00e1 mais ou menos um m\u00eas essa igreja, e \u00e9 a minha primeira vez aqui nessa celebra\u00e7\u00e3o. Mas est\u00e1 sendo muito legal ver muita criancinha correndo pra l\u00e1 e pra c\u00e1. Pretendo vir mais vezes\u201d, explica o visitante <strong>Lucas Gabriel Borges Camargo<\/strong>.<\/p>\n\n\n\n<h2 class=\"wp-block-heading\">F\u00e9 que transforma<\/h2>\n\n\n\n<p>Celebrada em todo o pa\u00eds no dia <strong>12 de outubro<\/strong>, Nossa Senhora Aparecida \u00e9 reconhecida como a padroeira do Brasil e s\u00edmbolo de f\u00e9 e esperan\u00e7a para milh\u00f5es de devotos.&nbsp;<\/p>\n\n\n\n<p>A hist\u00f3ria dela se inicia em 1717, quando tr\u00eas pescadores encontraram a imagem da santa no <strong>Rio Para\u00edba do Sul<\/strong> enquanto viviam um per\u00edodo de escassez de peixes. Ap\u00f3s a encontrarem, a escassez chegou ao fim, marcando o in\u00edcio de uma devo\u00e7\u00e3o que atravessa s\u00e9culos.<\/p>\n\n\n\n<p>Para <strong>Edna Paini Lipinski<\/strong>, o evento foi mais do que apenas uma celebra\u00e7\u00e3o, foi um momento de reencontro e gratid\u00e3o. Volunt\u00e1ria, m\u00e3e e devota a Nossa Senhora Aparecida, Edna conta possuir uma forte liga\u00e7\u00e3o com a igreja ap\u00f3s viver um milagre com seu filho <strong>Gustavo Lipinski<\/strong>. \u201cH\u00e1 24 anos eu tive meu filho. Ele nasceu com um probleminha no pulm\u00e3o devido a demora no parto. Assim que eu ganhei alta do hospital, eu pedi para que o meu marido parasse na primeira igreja que visse, e n\u00f3s paramos aqui. Entramos na capelinha de Nossa Senhora, e eu pedi para que ela curasse meu filho que estava internado na UTI entre a vida e a morte. Nossa Senhora me deu esse milagre e por isso, todo ano eu trago rosas brancas para ela em agradecimento pela vida do meu filho&#8221;, finaliza Edna.<\/p>\n\n\n\n<h2 class=\"wp-block-heading\">Quando a f\u00e9 fala com as crian\u00e7as<\/h2>\n\n\n\n<p>Encerrando a tarde de celebra\u00e7\u00f5es, a missa das crian\u00e7as reuniu dezenas de fam\u00edlias na igreja. Conduzida pelo <strong>padre Rodrigo Bento<\/strong>, a celebra\u00e7\u00e3o foi leve e participativa com uma linguagem simples voltada aos pequenos. Contando tamb\u00e9m com a presen\u00e7a de fantoches no altar, um coral infantil e liturgias feitas integralmente por crian\u00e7as.<\/p>\n\n\n\n<figure class=\"wp-block-image size-full\"><img decoding=\"async\" width=\"1397\" height=\"959\" src=\"https:\/\/primeirapauta.ielusc.br\/wp-content\/uploads\/2025\/10\/WhatsApp-Image-2025-10-12-at-20.56.58.jpeg\" alt=\"\" class=\"wp-image-8141\" \/><figcaption class=\"wp-element-caption\">Corredor central da igreja Santu\u00e1rio Sagrado Cora\u00e7\u00e3o de Jesus \/ Cr\u00e9ditos: Maria Eduarda Ribeiro<\/figcaption><\/figure>\n\n\n\n<figure class=\"wp-block-video\"><video controls src=\"https:\/\/primeirapauta.ielusc.br\/wp-content\/uploads\/2025\/10\/WhatsApp-Audio-2025-10-12-at-20.42.34.mp4\"><\/video><figcaption class=\"wp-element-caption\">Coral infantil cantando a m\u00fasica &#8220;caminhando com Maria&#8221; de Jos\u00e9 Ac\u00e1cio Santana para iniciar a missa.<\/figcaption><\/figure>\n\n\n\n<p>Entre os destaques da celebra\u00e7\u00e3o houve a entrada de uma menina vestida de Nossa Senhora Aparecida, que percorreu o corredor central simbolizando pureza, f\u00e9 e a prote\u00e7\u00e3o da padroeira. O gesto refor\u00e7ou o verdadeiro significado da data: celebrar a inf\u00e2ncia com devo\u00e7\u00e3o e amor.<\/p>\n\n\n\n<p>Durante a missa, tamb\u00e9m houve sorteio de presentes para as crian\u00e7as e a entrega de brindes ao final da celebra\u00e7\u00e3o.<\/p>\n\n    <div class=\"xs_social_share_widget xs_share_url after_content \t\tmain_content  wslu-style-1 wslu-share-box-shaped wslu-fill-colored wslu-none wslu-share-horizontal wslu-theme-font-no wslu-main_content\">\n\n\t\t\n        <ul>\n\t\t\t        <\/ul>\n    <\/div> \n","protected":false},"excerpt":{"rendered":"<p>Festa na Par\u00f3quia Santu\u00e1rio Sagrado Cora\u00e7\u00e3o de Jesus celebra Dia das Crian\u00e7as com divers\u00e3o, f\u00e9 e uni\u00e3o da comunidade Neste s\u00e1bado (11), a Igreja Cat\u00f3lica Santu\u00e1rio Sagrado Cora\u00e7\u00e3o de Jesus realizou uma festa em comemora\u00e7\u00e3o ao Dia das Crian\u00e7as, que \u00e9 celebrado hoje (12), juntamente ao dia de Nossa Senhora Aparecida, padroeira do Brasil. O [&hellip;]<\/p>\n","protected":false},"author":56,"featured_media":8143,"comment_status":"closed","ping_status":"open","sticky":false,"template":"","format":"standard","meta":{"footnotes":""},"categories":[266,354,609],"tags":[144,431,365,29,46,39],"_links":{"self":[{"href":"https:\/\/primeirapauta.ielusc.br\/index.php\/wp-json\/wp\/v2\/posts\/8135"}],"collection":[{"href":"https:\/\/primeirapauta.ielusc.br\/index.php\/wp-json\/wp\/v2\/posts"}],"about":[{"href":"https:\/\/primeirapauta.ielusc.br\/index.php\/wp-json\/wp\/v2\/types\/post"}],"author":[{"embeddable":true,"href":"https:\/\/primeirapauta.ielusc.br\/index.php\/wp-json\/wp\/v2\/users\/56"}],"replies":[{"embeddable":true,"href":"https:\/\/primeirapauta.ielusc.br\/index.php\/wp-json\/wp\/v2\/comments?post=8135"}],"version-history":[{"count":6,"href":"https:\/\/primeirapauta.ielusc.br\/index.php\/wp-json\/wp\/v2\/posts\/8135\/revisions"}],"predecessor-version":[{"id":8294,"href":"https:\/\/primeirapauta.ielusc.br\/index.php\/wp-json\/wp\/v2\/posts\/8135\/revisions\/8294"}],"wp:featuredmedia":[{"embeddable":true,"href":"https:\/\/primeirapauta.ielusc.br\/index.php\/wp-json\/wp\/v2\/media\/8143"}],"wp:attachment":[{"href":"https:\/\/primeirapauta.ielusc.br\/index.php\/wp-json\/wp\/v2\/media?parent=8135"}],"wp:term":[{"taxonomy":"category","embeddable":true,"href":"https:\/\/primeirapauta.ielusc.br\/index.php\/wp-json\/wp\/v2\/categories?post=8135"},{"taxonomy":"post_tag","embeddable":true,"href":"https:\/\/primeirapauta.ielusc.br\/index.php\/wp-json\/wp\/v2\/tags?post=8135"}],"curies":[{"name":"wp","href":"https:\/\/api.w.org\/{rel}","templated":true}]}}