{"id":8146,"date":"2025-10-14T19:59:35","date_gmt":"2025-10-14T22:59:35","guid":{"rendered":"https:\/\/primeirapauta.ielusc.br\/?p=8146"},"modified":"2025-10-17T22:15:29","modified_gmt":"2025-10-18T01:15:29","slug":"literatura-desperta-criatividade-e-sonhos-infantis","status":"publish","type":"post","link":"https:\/\/primeirapauta.ielusc.br\/index.php\/2025\/10\/14\/literatura-desperta-criatividade-e-sonhos-infantis\/","title":{"rendered":"Literatura desperta criatividade e sonhos infantis"},"content":{"rendered":"\n<p><em>Iniciativas que unem conta\u00e7\u00e3o de hist\u00f3rias e participa\u00e7\u00e3o dos pais mostram que ler \u00e9 mais do que aprender<\/em><\/p>\n\n\n\n<p class=\"has-text-align-left\">Em um mundo cada vez mais digital, o h\u00e1bito da <strong>leitura <\/strong>na inf\u00e2ncia tem se mostrado fundamental n\u00e3o apenas para o desenvolvimento cognitivo, mas tamb\u00e9m para a constru\u00e7\u00e3o de v\u00ednculos afetivos entre crian\u00e7as e <strong>fam\u00edlias<\/strong>. No \u00faltimo s\u00e1bado (11), o Espa\u00e7o<strong> Caf\u00e9 Literarium<\/strong>, em Joinville, promoveu uma tarde especial de conta\u00e7\u00e3o de hist\u00f3rias, reunindo fam\u00edlias e despertando reflex\u00f5es sobre o papel da leitura na forma\u00e7\u00e3o de novos leitores.<\/p>\n\n\n\n<p class=\"has-text-align-left\">A programa\u00e7\u00e3o contou com a participa\u00e7\u00e3o da contadora de hist\u00f3rias e idealizadora do projeto <strong>Tekoar<\/strong>, <strong>Emily Lentz<\/strong>, que realiza workshops ligados \u00e0 natureza, arte e cultura. Segundo Emily, o segredo para o interesse das crian\u00e7as pelos livros est\u00e1 em respeitar a autonomia delas na escolha das hist\u00f3rias.<\/p>\n\n\n\n<figure class=\"wp-block-audio\"><audio controls src=\"https:\/\/primeirapauta.ielusc.br\/wp-content\/uploads\/2025\/10\/Emily-Lentz-.m4a\"><\/audio><\/figure>\n\n\n\n<blockquote class=\"wp-block-quote is-layout-flow wp-block-quote-is-layout-flow\">\n<p>&nbsp;\u201cN\u00e3o basta o adulto escolher o que acha melhor. A crian\u00e7a precisa se identificar com o que l\u00ea. Hist\u00f3rias que falam sobre natureza, animais e sentimentos costumam gerar mais engajamento\u201d, explica.<\/p>\n<cite>Emily Lentz, idealizadora do projeto Tekoar<\/cite><\/blockquote>\n\n\n\n<p>A fot\u00f3grafa e m\u00e3e de dois, <strong>Tainara Andrade Vieira<\/strong>, compartilha a mesma vis\u00e3o. Para ela, o est\u00edmulo \u00e0 leitura come\u00e7ou na gesta\u00e7\u00e3o e se mant\u00e9m vivo na rotina familiar, na hora de dormir e durante as brincadeiras. \u201cA leitura vai al\u00e9m de tirar as crian\u00e7as das telas. Ela ensina palavras, ajuda a compreender emo\u00e7\u00f5es e acalma. Meu filho Kauan adora o <em>Di\u00e1rio de Mike<\/em> porque se v\u00ea nas hist\u00f3rias do dia a dia. J\u00e1 a Ester decora as hist\u00f3rias que contamos, ela ama o livro de Jesus, que tem ilustra\u00e7\u00f5es para encontrar\u201d, relata.<\/p>\n\n\n\n<p><strong>Kauan Henrique Quost <\/strong>, de oito anos, tamb\u00e9m fez quest\u00e3o de contar o motivo de seu livro preferido: \u201cMeu favorito \u00e9 o <em>Di\u00e1rio de Mike<\/em> porque ele fala sobre hist\u00f3rias de uma fam\u00edlia e principalmente de um menino chamado Mike, que faz coisas que acontecem de verdade no nosso dia a dia, e tem v\u00e1rias imagens de desenho\u201d, conta sorrindo.<\/p>\n\n\n\n<p>A conex\u00e3o emocional durante a leitura \u00e9 destacada pela estudante de psicologia <strong>Lisa Reis<\/strong>, que v\u00ea na conta\u00e7\u00e3o de hist\u00f3rias uma ferramenta poderosa para ativar o imagin\u00e1rio e fortalecer a empatia. Segundo ela, o momento de escuta e partilha entre adultos e crian\u00e7as cria um espa\u00e7o de acolhimento e express\u00e3o emocional.<\/p>\n\n\n\n<blockquote class=\"wp-block-quote is-layout-flow wp-block-quote-is-layout-flow\">\n<p>\u201cQuando uma hist\u00f3ria \u00e9 contada com afeto, a crian\u00e7a se reconhece nos personagens e aprende a nomear o que sente. Isso ajuda a lidar com frustra\u00e7\u00f5es, desenvolver a sensibilidade e compreender o outro\u201d.<\/p>\n<cite>Lisa Reis, psic\u00f3loga<\/cite><\/blockquote>\n\n\n\n<p>Lisa tamb\u00e9m refor\u00e7a que a leitura compartilhada contribui para o v\u00ednculo <strong>familiar <\/strong>e para o desenvolvimento social, pois \u201cao ouvir e imaginar, a crian\u00e7a constr\u00f3i refer\u00eancias sobre o mundo, aprende a se colocar no lugar do outro e amplia sua capacidade de sonhar\u201d.<\/p>\n\n\n\n<p>O livreiro <strong>Henrique Ramos<\/strong>, que atua h\u00e1 mais de dez anos no setor e acompanha de perto o p\u00fablico infantil, observa que o interesse das crian\u00e7as pelos livros costuma nascer do exemplo dentro de casa. \u201cAs crian\u00e7as se encantam quando percebem que os adultos tamb\u00e9m se envolvem com as hist\u00f3rias. Muitos pais chegam procurando livros que possam ler juntos, n\u00e3o apenas para os filhos\u201d, conta. Para ele, o momento da leitura compartilhada cria um tipo de mem\u00f3ria afetiva. <\/p>\n\n\n\n<p><strong>Guilherme Vargas Buch<\/strong>, empreendedor e s\u00f3cio do Literarium, refor\u00e7a que o maior desafio para manter o h\u00e1bito da leitura \u00e9 a concorr\u00eancia com o entretenimento digital. \u201cVivemos em um mundo rodeado de telas que oferecem um entretenimento f\u00e1cil, mas nem sempre de qualidade. Cabe aos pais inserir a <strong>leitura <\/strong>na rotina de forma leve e interativa, lendo junto com os filhos e criando momentos de troca\u201d, avalia.<\/p>\n\n\n\n<p>O evento no <strong>Literarium <\/strong>demonstrou que, quando a leitura \u00e9 apresentada com entusiasmo e significado, torna-se um momento contagiante e de forte conex\u00e3o entre pais e filhos.<\/p>\n\n\n\n<blockquote class=\"wp-block-quote is-layout-flow wp-block-quote-is-layout-flow\">\n<p>&nbsp;\u201cVer a livraria cheia, com crian\u00e7as encantadas por hist\u00f3rias, prova que o interesse pela leitura permanece vivo. Mas isso precisa continuar em casa, com o apoio das fam\u00edlias\u201d, completa Guilherme.<\/p>\n<\/blockquote>\n\n\n\n<p>Pais e educadores concordam que ler para uma crian\u00e7a \u00e9 mais do que entretenimento, \u00e9 um instrumento para formar conex\u00f5es afetivas, desenvolver o pensamento cr\u00edtico e ajudar no reconhecimento das emo\u00e7\u00f5es desde cedo. Incentivar a leitura desde a gesta\u00e7\u00e3o, respeitar a escolha da crian\u00e7a e criar momentos reais de contato com os livros s\u00e3o estrat\u00e9gias que fortalecem o v\u00ednculo familiar e promovem o desenvolvimento integral dos pequenos.<\/p>\n\n\n\n<h2 class=\"wp-block-heading\">Leitura, m\u00fasica e intera\u00e7\u00e3o<\/h2>\n\n\n\n<p>As conta\u00e7\u00f5es de hist\u00f3rias tamb\u00e9m acontecem nas<strong> Livrarias Curitiba<\/strong>, realizadas aos fins de semana como parte da programa\u00e7\u00e3o cultural da rede. Aos s\u00e1bados, \u00e0s 15h, o p\u00fablico pode acompanhar apresenta\u00e7\u00f5es com a contadora <strong>Daniele Telma<\/strong>, que combina leitura, m\u00fasica e intera\u00e7\u00e3o com as crian\u00e7as. A iniciativa tem atra\u00eddo fam\u00edlias que buscam novas formas de aproximar os filhos do universo dos livros e transformar a leitura em um momento de lazer compartilhado. Essas atividades refor\u00e7am a import\u00e2ncia de espa\u00e7os que unem cultura e conviv\u00eancia, mantendo viva a curiosidade e o encantamento pelas hist\u00f3rias desde a inf\u00e2ncia.<\/p>\n\n\n\n<figure class=\"wp-block-video\"><video controls src=\"https:\/\/primeirapauta.ielusc.br\/wp-content\/uploads\/2025\/10\/Livraria.mp4\"><\/video><\/figure>\n\n\n\n<p><\/p>\n\n    <div class=\"xs_social_share_widget xs_share_url after_content \t\tmain_content  wslu-style-1 wslu-share-box-shaped wslu-fill-colored wslu-none wslu-share-horizontal wslu-theme-font-no wslu-main_content\">\n\n\t\t\n        <ul>\n\t\t\t        <\/ul>\n    <\/div> \n","protected":false},"excerpt":{"rendered":"<p>Iniciativas que unem conta\u00e7\u00e3o de hist\u00f3rias e participa\u00e7\u00e3o dos pais mostram que ler \u00e9 mais do que aprender Em um mundo cada vez mais digital, o h\u00e1bito da leitura na inf\u00e2ncia tem se mostrado fundamental n\u00e3o apenas para o desenvolvimento cognitivo, mas tamb\u00e9m para a constru\u00e7\u00e3o de v\u00ednculos afetivos entre crian\u00e7as e fam\u00edlias. No \u00faltimo [&hellip;]<\/p>\n","protected":false},"author":82,"featured_media":8147,"comment_status":"closed","ping_status":"open","sticky":false,"template":"","format":"standard","meta":{"footnotes":""},"categories":[581,345,346,609],"tags":[779,673,811,810,776,780,777,778],"_links":{"self":[{"href":"https:\/\/primeirapauta.ielusc.br\/index.php\/wp-json\/wp\/v2\/posts\/8146"}],"collection":[{"href":"https:\/\/primeirapauta.ielusc.br\/index.php\/wp-json\/wp\/v2\/posts"}],"about":[{"href":"https:\/\/primeirapauta.ielusc.br\/index.php\/wp-json\/wp\/v2\/types\/post"}],"author":[{"embeddable":true,"href":"https:\/\/primeirapauta.ielusc.br\/index.php\/wp-json\/wp\/v2\/users\/82"}],"replies":[{"embeddable":true,"href":"https:\/\/primeirapauta.ielusc.br\/index.php\/wp-json\/wp\/v2\/comments?post=8146"}],"version-history":[{"count":8,"href":"https:\/\/primeirapauta.ielusc.br\/index.php\/wp-json\/wp\/v2\/posts\/8146\/revisions"}],"predecessor-version":[{"id":8304,"href":"https:\/\/primeirapauta.ielusc.br\/index.php\/wp-json\/wp\/v2\/posts\/8146\/revisions\/8304"}],"wp:featuredmedia":[{"embeddable":true,"href":"https:\/\/primeirapauta.ielusc.br\/index.php\/wp-json\/wp\/v2\/media\/8147"}],"wp:attachment":[{"href":"https:\/\/primeirapauta.ielusc.br\/index.php\/wp-json\/wp\/v2\/media?parent=8146"}],"wp:term":[{"taxonomy":"category","embeddable":true,"href":"https:\/\/primeirapauta.ielusc.br\/index.php\/wp-json\/wp\/v2\/categories?post=8146"},{"taxonomy":"post_tag","embeddable":true,"href":"https:\/\/primeirapauta.ielusc.br\/index.php\/wp-json\/wp\/v2\/tags?post=8146"}],"curies":[{"name":"wp","href":"https:\/\/api.w.org\/{rel}","templated":true}]}}