{"id":839,"date":"2019-05-09T20:18:27","date_gmt":"2019-05-09T23:18:27","guid":{"rendered":"http:\/\/primeirapauta.ielusc.br\/?p=839"},"modified":"2025-07-04T20:37:50","modified_gmt":"2025-07-04T23:37:50","slug":"dress-code-impacta-nas-escolhas-dos-jovens-para-carreira-de-trabalho","status":"publish","type":"post","link":"https:\/\/primeirapauta.ielusc.br\/index.php\/2019\/05\/09\/dress-code-impacta-nas-escolhas-dos-jovens-para-carreira-de-trabalho\/","title":{"rendered":"Dress code impacta nas escolhas dos jovens para carreira de trabalho"},"content":{"rendered":"<h4><b>Regras de vestu\u00e1rio n\u00e3o combinam com os valores dos jovens millennials, nova gera\u00e7\u00e3o a entrar no mercado de trabalho<\/b><\/h4>\n<p><span style=\"font-weight: 400;\">O desemprego entre os <strong>jovens<\/strong> brasileiros \u00e9 uma chaga aberta que s\u00f3 vem piorando com o passar dos anos. Se em 2015 alcan\u00e7ava 600 mil pessoas na faixa et\u00e1ria de 18 a 24 anos, 2018 fechou com mais de 1,76 milh\u00f5es de jovens nesta condi\u00e7\u00e3o, segundo a Pesquisa Nacional Por Amostra de Domic\u00edlios Cont\u00ednua (Pnad-Cont\u00ednua) do IBGE. Em um cen\u00e1rio cada vez mais in\u00f3spito para a inser\u00e7\u00e3o do jovem no <strong>mercado de trabalho<\/strong>, a estudante de Direito, Gabriela Brandenburg, foge da estat\u00edstica.<\/span><\/p>\n<p><span style=\"font-weight: 400;\">O dia da acad\u00eamica come\u00e7a bem antes das 10h, hor\u00e1rio que ela deve chegar no <strong>est\u00e1gio<\/strong>. J\u00e1 nas primeiras horas da manh\u00e3, Gabriela toma um banho, se maquia, penteia os cabelos, escolhe o que vai usar entre as pe\u00e7as formais no seu guarda roupa, coloca os brincos e cal\u00e7a os saltos. \u00c0s 09h30 sai de casa para chegar a tempo num escrit\u00f3rio de advocacia tradicional de Joinville, onde ela estagia at\u00e9 \u00e0s 17h30. A faculdade fica a 15 minutos de dist\u00e2ncia a p\u00e9, mas dependendo do clima, Gabriela chama um Uber. A jornada s\u00f3 termina \u00e0s 23h, quando Gabriela chega em casa depois de ficar 13 horas fora.<\/span><\/p>\n<p><img fetchpriority=\"high\" decoding=\"async\" class=\"alignnone size-full wp-image-852\" src=\"http:\/\/primeirapauta.ielusc.br\/wp-content\/uploads\/2019\/05\/dress-code-direito.gif\" alt=\"\" width=\"1024\" height=\"682\"><\/p>\n<p style=\"text-align: center;\"><span style=\"font-weight: 400;\">Gabriela Brandenburg, acad\u00eamica de Direito e estagi\u00e1ria em Direito Empresarial. (Cr\u00e9ditos: Catherine Kuehl)<\/span><\/p>\n<p><span style=\"font-weight: 400;\">Beatriz Mendes da Silva, <strong>acad\u00eamica<\/strong> de Com\u00e9rcio Exterior, tamb\u00e9m \u00e9 estagi\u00e1ria, por\u00e9m na \u00e1rea de Rela\u00e7\u00f5es Institucionais em uma multinacional brasileira. Ela, por outro lado, n\u00e3o segue nenhuma regra de <strong>vestu\u00e1rio<\/strong>. O <\/span><a href=\"https:\/\/en.wikipedia.org\/wiki\/Dress_code\"><span style=\"font-weight: 400;\">dress code<\/span><\/a><span style=\"font-weight: 400;\"> \u00e9 um manual de sugest\u00f5es de como os funcion\u00e1rios devem se vestir para o trabalho. \u201cNo meu est\u00e1gio, n\u00e3o \u00e9 expl\u00edcito, mas acho que impl\u00edcito tem. Por ser uma \u00e1rea corporativa espera-se que as pessoas, que estagiam e s\u00e3o efetivas, se vistam de uma maneira mais formal\u201d, comenta. De in\u00edcio, a estudante tentou se adequar aos par\u00e2metros de vestu\u00e1rio da empresa, mas percebeu que delimitar o uso de certas roupas devido \u00e0 uma regra organizacional era um empecilho para ela visto que dialoga com a sua personalidade. \u201cComo um corte de cabelo ou tatuagem, \u00e9 a forma que eu quero que as pessoas me vejam. Tenho que me sentir confort\u00e1vel e que estou conseguindo passar o que eu sou na ess\u00eancia\u201d, cita.<\/span><\/p>\n<p><span style=\"font-weight: 400;\">No ambiente de trabalho de Gabriela tem uma regra de vestu\u00e1rio bem definida. No escrit\u00f3rio \u00e9 imprescind\u00edvel o uso de roupa social e salto alto para as mulheres. \u201cDizer que amo parece estranho, mas gosto bastante. Nunca fui a menina que ama usar jeans e t\u00eanis\u201d, ressalta.<\/span><\/p>\n<p><span style=\"font-weight: 400;\">Segundo Vitor da Cunha Torres, advogado especialista em rela\u00e7\u00f5es trabalhistas e sindicais, n\u00e3o s\u00e3o todos os escrit\u00f3rios de advocacia na cidade que exigem <strong>dress code<\/strong>. A pr\u00e1tica \u00e9 mais comum para os advogados que t\u00eam contato direto com o cliente, ou participam de atos solenes, como nos minist\u00e9rios ou em audi\u00eancias. \u201cO dress code \u00e9 usado para manter um par\u00e2metro e ter um crit\u00e9rio objetivo de como as pessoas v\u00e3o representar o escrit\u00f3rio\u201d, explica.<\/span><\/p>\n<p><img decoding=\"async\" class=\"alignnone size-full wp-image-853\" src=\"http:\/\/primeirapauta.ielusc.br\/wp-content\/uploads\/2019\/05\/advogado-estagiario.gif\" alt=\"\" width=\"1024\" height=\"681\"><\/p>\n<p style=\"text-align: center;\">Vitor da Cunha Torres, advogado especializado em Rela\u00e7\u00f5es Trabalhistas e Sindicais. (Cr\u00e9dito: Catherine Kuehl)<\/p>\n<p><span style=\"font-weight: 400;\">Para o advogado, impor vestimenta vai contra os valores da gera\u00e7\u00e3o que entra agora no mercado de trabalho, como diversidade, inclus\u00e3o e respeito \u00e0s diferen\u00e7as. \u201cUma empresa interferir diretamente nisso n\u00e3o \u00e9 algo que cai muito bem, principalmente na cabe\u00e7a do pessoal que entra agora no mercado de trabalho\u201c. De acordo com Torres, a roupa \u00e9 um reflexo de gostos pessoais. &nbsp;<\/span><\/p>\n<p><span style=\"font-weight: 400;\">Vitor alega que a empresa querer estabelecer um padr\u00e3o de vestimenta invade a privacidade do colaborador. \u201cPrimeiro que anula a liberdade da pessoa em escolher a vestimenta\u201c, critica. \u201cSegundo que \u00e9 impor uma cultura que muitas vezes n\u00e3o \u00e9 dela\u201c. O advogado alerta para o mal-estar e dano moral causados pela imposi\u00e7\u00e3o de dress code para uma pessoa que muitas vezes n\u00e3o vem daquela realidade.<\/span><\/p>\n<p><span style=\"font-weight: 400;\">Beatriz destaca que se tivesse um dress code rigoroso na empresa que trabalha provavelmente afetaria seus resultados. \u201cChegaria um momento que estaria trabalhando com aquela roupa que eu n\u00e3o iria estar feliz de usar\u201d, admite. \u201cSe eu n\u00e3o estiver bem com ela pode interferir no meu humor e isso pode l\u00e1 na frente, no fim do ciclo, acarretar no meu trabalho.\u201d<\/span><\/p>\n<p><img decoding=\"async\" class=\"alignnone size-full wp-image-851\" src=\"http:\/\/primeirapauta.ielusc.br\/wp-content\/uploads\/2019\/05\/estagiaria-dress-code.gif\" alt=\"\" width=\"1024\" height=\"680\"><\/p>\n<p style=\"text-align: center;\">Beatriz Mendes da Silva, acad\u00eamica de Com\u00e9rcio Exterior e estagi\u00e1ria em Rela\u00e7\u00f5es Institucionais. (Cr\u00e9dito: Catherine Kuehl)<\/p>\n<h4><b>Comportamento dos millennials \u00e9 influenciado pelo dress code, aponta especialista<\/b><\/h4>\n<p><span style=\"font-weight: 400;\">Se as empresas investirem em um dress code male\u00e1vel para os colaboradores quem ganha \u00e9 a pr\u00f3pria organiza\u00e7\u00e3o. Segundo a designer de moda e consultora de imagem, Mari\u00ea Souza Ribeiro, a gera\u00e7\u00e3o Y est\u00e1 vindo para mudar a percep\u00e7\u00e3o de trabalho e o c\u00f3digo de vestimenta possui rela\u00e7\u00e3o com o desempenho dos jovens. <\/span><\/p>\n<p><span style=\"font-weight: 400;\">A designer entende a uniformiza\u00e7\u00e3o que as empresas imp\u00f5em e acrescenta que h\u00e1 uma preocupa\u00e7\u00e3o com a imagem do neg\u00f3cio, mas destaca que este ato aflige a liberdade de express\u00e3o dos jovens. \u201c\u00c9 uma gera\u00e7\u00e3o muito mais empreendedora que corre atr\u00e1s muito por si s\u00f3. Talvez seja por isso que eles sentem esse inc\u00f4modo de ter que estar uniformizados e iguais\u201d, defende. <\/span><\/p>\n<p><span style=\"font-weight: 400;\">De acordo com a designer, h\u00e1 meios de driblar a padroniza\u00e7\u00e3o de vestu\u00e1rio. \u201cQualquer coisa faz a diferen\u00e7a: um sapato que uma pessoa t\u00e1 usando, o dobrar a manga da camisa, um cinto, isso j\u00e1 basta para passar uma informa\u00e7\u00e3o sua mesmo usando o mesmo uniforme que o outro.\u201d<\/span><\/p>\n<p><b>Conte\u00fado produzido para o Primeira Pauta Digital. | Disciplina Jornalismo Digital II, 5\u00aa fase\/2019<\/b><\/p>\n<p><em>Reportagem: Catherine Kuehl e Roger Gustavo Caetano<\/em><\/p>\n<p>&nbsp;<\/p>\n\n    <div class=\"xs_social_share_widget xs_share_url after_content \t\tmain_content  wslu-style-1 wslu-share-box-shaped wslu-fill-colored wslu-none wslu-share-horizontal wslu-theme-font-no wslu-main_content\">\n\n\t\t\n        <ul>\n\t\t\t        <\/ul>\n    <\/div> \n","protected":false},"excerpt":{"rendered":"<p>Regras de vestu\u00e1rio n\u00e3o combinam com os valores dos jovens millennials, nova gera\u00e7\u00e3o a entrar no mercado de trabalho O desemprego entre os jovens brasileiros \u00e9 uma chaga aberta que s\u00f3 vem piorando com o passar dos anos. Se em 2015 alcan\u00e7ava 600 mil pessoas na faixa et\u00e1ria de 18 a 24 anos, 2018 fechou [&hellip;]<\/p>\n","protected":false},"author":3,"featured_media":2444,"comment_status":"open","ping_status":"open","sticky":false,"template":"","format":"standard","meta":{"footnotes":""},"categories":[345,266,597],"tags":[137,138,139,140,141,142,143],"_links":{"self":[{"href":"https:\/\/primeirapauta.ielusc.br\/index.php\/wp-json\/wp\/v2\/posts\/839"}],"collection":[{"href":"https:\/\/primeirapauta.ielusc.br\/index.php\/wp-json\/wp\/v2\/posts"}],"about":[{"href":"https:\/\/primeirapauta.ielusc.br\/index.php\/wp-json\/wp\/v2\/types\/post"}],"author":[{"embeddable":true,"href":"https:\/\/primeirapauta.ielusc.br\/index.php\/wp-json\/wp\/v2\/users\/3"}],"replies":[{"embeddable":true,"href":"https:\/\/primeirapauta.ielusc.br\/index.php\/wp-json\/wp\/v2\/comments?post=839"}],"version-history":[{"count":1,"href":"https:\/\/primeirapauta.ielusc.br\/index.php\/wp-json\/wp\/v2\/posts\/839\/revisions"}],"predecessor-version":[{"id":2445,"href":"https:\/\/primeirapauta.ielusc.br\/index.php\/wp-json\/wp\/v2\/posts\/839\/revisions\/2445"}],"wp:featuredmedia":[{"embeddable":true,"href":"https:\/\/primeirapauta.ielusc.br\/index.php\/wp-json\/wp\/v2\/media\/2444"}],"wp:attachment":[{"href":"https:\/\/primeirapauta.ielusc.br\/index.php\/wp-json\/wp\/v2\/media?parent=839"}],"wp:term":[{"taxonomy":"category","embeddable":true,"href":"https:\/\/primeirapauta.ielusc.br\/index.php\/wp-json\/wp\/v2\/categories?post=839"},{"taxonomy":"post_tag","embeddable":true,"href":"https:\/\/primeirapauta.ielusc.br\/index.php\/wp-json\/wp\/v2\/tags?post=839"}],"curies":[{"name":"wp","href":"https:\/\/api.w.org\/{rel}","templated":true}]}}