{"id":8400,"date":"2025-11-14T12:00:00","date_gmt":"2025-11-14T15:00:00","guid":{"rendered":"https:\/\/primeirapauta.ielusc.br\/?p=8400"},"modified":"2025-12-11T16:10:44","modified_gmt":"2025-12-11T19:10:44","slug":"bailarinos-do-moa-se-preparam-para-espetaculo-de-abertura-do-natal-de-joinville","status":"publish","type":"post","link":"https:\/\/primeirapauta.ielusc.br\/index.php\/2025\/11\/14\/bailarinos-do-moa-se-preparam-para-espetaculo-de-abertura-do-natal-de-joinville\/","title":{"rendered":"Bailarinos do MOA se preparam para espet\u00e1culo de abertura do Natal de Joinville"},"content":{"rendered":"\n<p>O <strong>Movimento Art\u00edstico Patr\u00edcia Dalchau<\/strong> (MOA) sobe ao palco para se apresentar na abertura do <strong>Natal de Joinville<\/strong> nos dias 15 e 16 de novembro, \u00e0s 19h30, em frente \u00e0 Prefeitura de Joinville. Esta ser\u00e1 a terceira participa\u00e7\u00e3o do grupo no evento, que j\u00e1 se consolidou como uma das principais atra\u00e7\u00f5es da programa\u00e7\u00e3o natalina da cidade. Com coreografias de <strong>Patr\u00edcia Dalchau<\/strong>, cerca de 30 bailarinos est\u00e3o em uma intensa rotina de ensaios para entregar uma performance que promete emocionar o p\u00fablico e celebrar a magia do Natal.<\/p>\n\n\n\n<figure class=\"wp-block-video\"><video controls src=\"https:\/\/primeirapauta.ielusc.br\/wp-content\/uploads\/2025\/11\/video.mp4\"><\/video><figcaption class=\"wp-element-caption\">Ensaio geral faltando uma semana para a apresenta\u00e7\u00e3o<\/figcaption><\/figure>\n\n\n\n<h2 class=\"wp-block-heading\">Prepara\u00e7\u00e3o intensa e rotina de ensaios<\/h2>\n\n\n\n<p>As \u00faltimas semanas t\u00eam sido marcadas por uma rotina de ensaios di\u00e1rios que chegam a ultrapassar quatro horas. \u201cOs ensaios t\u00eam sido cansativos e extensos, envolve muita dedica\u00e7\u00e3o e aten\u00e7\u00e3o\u201d, revela o dan\u00e7arino <strong>Jo\u00e3o Vitor dos Santos Trizote<\/strong>. Os bailarinos conciliam os hor\u00e1rios com trabalho, estudos e outras atividades, aproveitando qualquer momento livre para ajustar coreografias e detalhes de cena. A prepara\u00e7\u00e3o inclui n\u00e3o apenas o <strong>dom\u00ednio t\u00e9cnico<\/strong>, mas tamb\u00e9m o <strong>condicionamento f\u00edsico<\/strong> e o<strong> controle emocional<\/strong> para lidar com o cansa\u00e7o e a press\u00e3o do palco.&nbsp;<\/p>\n\n\n\n<p>Al\u00e9m da dan\u00e7a, alguns integrantes tamb\u00e9m atuam em pap\u00e9is c\u00eanicos, o que amplia os desafios. \u201cPrecisei vencer a vergonha, decorar falas e me moldar \u00e0 personagem\u201d, conta <strong>Let\u00edcia Maria Gheller dos Santos<\/strong>, que estreia em uma nova fun\u00e7\u00e3o neste ano.<\/p>\n\n\n\n<p>O elenco refor\u00e7a que, apesar do ritmo intenso, o processo tem sido gratificante. Ensaios longos, revis\u00f5es de movimentos e a busca por sincronia entre todos fazem parte do esfor\u00e7o coletivo.\u201c\u00c9 cansativo, mas necess\u00e1rio para fazer um espet\u00e1culo incr\u00edvel igual ao do ano passado\u201d, conta a dan\u00e7arina <strong>Maria Luiza Gheller dos Santos<\/strong>.<\/p>\n\n\n\n<figure class=\"wp-block-image size-full\"><img fetchpriority=\"high\" decoding=\"async\" width=\"1280\" height=\"718\" src=\"https:\/\/primeirapauta.ielusc.br\/wp-content\/uploads\/2025\/11\/foto-1.jpg\" alt=\"Grupo de bailarinos ensaia em um gin\u00e1sio\" class=\"wp-image-8405\"\/><figcaption class=\"wp-element-caption\">Na reta final os ensaios chegam a ultrapassar quatro horas (Foto: Maria Luiza Perovano Pacheco)<\/figcaption><\/figure>\n\n\n\n<h2 class=\"wp-block-heading\">O significado de participar do Natal de Joinville<\/h2>\n\n\n\n<p>Mais do que uma apresenta\u00e7\u00e3o, o espet\u00e1culo representa um momento simb\u00f3lico para cada bailarino. \u201cParticipar deste evento \u00e9 uma grande responsabilidade, mas \u00e9 gratificante poder representar a cidade e a dan\u00e7a nesse momento t\u00e3o especial\u201d, afirma Jo\u00e3o Vitor.<\/p>\n\n\n\n<p><strong>Geovana Merise<\/strong> ressalta o v\u00ednculo emocional com o Natal e com a dan\u00e7a:<\/p>\n\n\n\n<figure class=\"wp-block-audio\"><audio controls src=\"https:\/\/primeirapauta.ielusc.br\/wp-content\/uploads\/2025\/11\/Video-sem-titulo-\u2010-Feito-com-o-Clipchamp-online-audio-converter.com_.mp3\"><\/audio><\/figure>\n\n\n\n<p>A primeira participa\u00e7\u00e3o no evento tem significado especial para <strong>Let\u00edcia Sega Ruiz<\/strong>. \u201cNo ano passado eu estava na plateia assistindo, e agora estar no palco \u00e9 surreal. \u00c9 uma experi\u00eancia que vai ficar marcada na mem\u00f3ria para sempre\u201d, ela descreve.<\/p>\n\n\n\n<p>A emo\u00e7\u00e3o tamb\u00e9m toma conta de quem compartilha a cena com pessoas pr\u00f3ximas. Geovana contracena com a pr\u00f3pria m\u00e3e no espet\u00e1culo e afirma que essa conex\u00e3o torna o momento ainda mais especial. Segundo ela, a coreografia busca transmitir sentimentos de amor, uni\u00e3o e alegria, valores que refletem o esp\u00edrito natalino.<\/p>\n\n\n\n<h2 class=\"wp-block-heading\">Uni\u00e3o dentro e fora do palco<\/h2>\n\n\n\n<p>Entre ensaios intensos e prepara\u00e7\u00e3o emocional, o grupo mant\u00e9m uma rela\u00e7\u00e3o de parceria que se reflete na qualidade das apresenta\u00e7\u00f5es. A coopera\u00e7\u00e3o entre os bailarinos \u00e9 apontada como <strong>essencial para o sucesso do espet\u00e1culo<\/strong>.<\/p>\n\n\n\n<p>A sincronia e o apoio m\u00fatuo s\u00e3o cultivados dentro e fora do palco, criando um ambiente de amizade e confian\u00e7a. \u201cA sincronia d\u00e1 um aspecto de for\u00e7a quando estamos dan\u00e7ando juntos\u201d, explica Jo\u00e3o Vitor. J\u00e1 Maria Luiza refor\u00e7a que o trabalho em equipe \u00e9 indispens\u00e1vel para que o espet\u00e1culo aconte\u00e7a.<\/p>\n\n\n\n<p>Essa uni\u00e3o \u00e9 o que move o grupo a cada ensaio, garantindo que, mais uma vez, o MOA leve ao p\u00fablico um espet\u00e1culo envolvente e emocionante, transformando a dan\u00e7a em um s\u00edmbolo do esp\u00edrito natalino em Joinville.<\/p>\n\n\n\n<figure class=\"wp-block-image size-full\"><img decoding=\"async\" width=\"1280\" height=\"994\" src=\"https:\/\/primeirapauta.ielusc.br\/wp-content\/uploads\/2025\/11\/foto-2.jpg\" alt=\"Grupo de bailarinos executa saltos sincronizados em um gin\u00e1sio, elevando uma perna e mantendo os bra\u00e7os posicionados para a coreografia\" class=\"wp-image-8408\"\/><figcaption class=\"wp-element-caption\">Trabalho em equipe \u00e9 indispens\u00e1vel para que o espet\u00e1culo aconte\u00e7a (Foto: Maria Luiza Perovano Pacheco)<\/figcaption><\/figure>\n\n    <div class=\"xs_social_share_widget xs_share_url after_content \t\tmain_content  wslu-style-1 wslu-share-box-shaped wslu-fill-colored wslu-none wslu-share-horizontal wslu-theme-font-no wslu-main_content\">\n\n\t\t\n        <ul>\n\t\t\t        <\/ul>\n    <\/div> \n","protected":false},"excerpt":{"rendered":"<p>O Movimento Art\u00edstico Patr\u00edcia Dalchau (MOA) sobe ao palco para se apresentar na abertura do Natal de Joinville nos dias 15 e 16 de novembro, \u00e0s 19h30, em frente \u00e0 Prefeitura de Joinville. Esta ser\u00e1 a terceira participa\u00e7\u00e3o do grupo no evento, que j\u00e1 se consolidou como uma das principais atra\u00e7\u00f5es da programa\u00e7\u00e3o natalina da [&hellip;]<\/p>\n","protected":false},"author":81,"featured_media":8409,"comment_status":"closed","ping_status":"open","sticky":false,"template":"","format":"standard","meta":{"footnotes":""},"categories":[266,346,328,609],"tags":[144,274,172,29],"_links":{"self":[{"href":"https:\/\/primeirapauta.ielusc.br\/index.php\/wp-json\/wp\/v2\/posts\/8400"}],"collection":[{"href":"https:\/\/primeirapauta.ielusc.br\/index.php\/wp-json\/wp\/v2\/posts"}],"about":[{"href":"https:\/\/primeirapauta.ielusc.br\/index.php\/wp-json\/wp\/v2\/types\/post"}],"author":[{"embeddable":true,"href":"https:\/\/primeirapauta.ielusc.br\/index.php\/wp-json\/wp\/v2\/users\/81"}],"replies":[{"embeddable":true,"href":"https:\/\/primeirapauta.ielusc.br\/index.php\/wp-json\/wp\/v2\/comments?post=8400"}],"version-history":[{"count":2,"href":"https:\/\/primeirapauta.ielusc.br\/index.php\/wp-json\/wp\/v2\/posts\/8400\/revisions"}],"predecessor-version":[{"id":9095,"href":"https:\/\/primeirapauta.ielusc.br\/index.php\/wp-json\/wp\/v2\/posts\/8400\/revisions\/9095"}],"wp:featuredmedia":[{"embeddable":true,"href":"https:\/\/primeirapauta.ielusc.br\/index.php\/wp-json\/wp\/v2\/media\/8409"}],"wp:attachment":[{"href":"https:\/\/primeirapauta.ielusc.br\/index.php\/wp-json\/wp\/v2\/media?parent=8400"}],"wp:term":[{"taxonomy":"category","embeddable":true,"href":"https:\/\/primeirapauta.ielusc.br\/index.php\/wp-json\/wp\/v2\/categories?post=8400"},{"taxonomy":"post_tag","embeddable":true,"href":"https:\/\/primeirapauta.ielusc.br\/index.php\/wp-json\/wp\/v2\/tags?post=8400"}],"curies":[{"name":"wp","href":"https:\/\/api.w.org\/{rel}","templated":true}]}}