{"id":8575,"date":"2025-11-28T21:43:00","date_gmt":"2025-11-29T00:43:00","guid":{"rendered":"https:\/\/primeirapauta.ielusc.br\/?p=8575"},"modified":"2025-12-11T14:49:36","modified_gmt":"2025-12-11T17:49:36","slug":"primeira-parcela-do-13o-salario-deve-injetar-r-18-bilhao-na-economia-de-joinville","status":"publish","type":"post","link":"https:\/\/primeirapauta.ielusc.br\/index.php\/2025\/11\/28\/primeira-parcela-do-13o-salario-deve-injetar-r-18-bilhao-na-economia-de-joinville\/","title":{"rendered":"Pagamento do 13\u00ba sal\u00e1rio em Joinville ser\u00e1 dividido entre d\u00edvidas e investimentos"},"content":{"rendered":"\n<p>A contagem regressiva para o al\u00edvio no bolso j\u00e1 come\u00e7ou. At\u00e9 a pr\u00f3xima sexta-feira (28), a <strong>primeira parcela do 13\u00ba sal\u00e1rio<\/strong> dever\u00e1 cair na conta dos <strong>trabalhadores com carteira assinada<\/strong>. Em <strong>Joinville<\/strong>, a gratifica\u00e7\u00e3o natalina chega em um cen\u00e1rio econ\u00f4mico de contrastes. Enquanto o mercado catarinense acumula alta de 6% no ano, a <strong>inadimpl\u00eancia<\/strong> ainda afeta cerca de 32% das fam\u00edlias no estado. Essa dualidade ocasionar\u00e1 uma &#8220;batalha&#8221; entre o <strong>pagamento de boletos atrasados<\/strong> e a tenta\u00e7\u00e3o das vitrines.<\/p>\n\n\n\n<p>Estima-se que, neste ano, o benef\u00edcio injete cerca de <strong>R$984 milh\u00f5es<\/strong> na economia da maior cidade de Santa Catarina. Apenas na primeira parcela, <strong>R$492 milh\u00f5es<\/strong> devem ser injetados na cidade. &#8220;\u00c9 um recurso que incrementa com\u00e9rcio, servi\u00e7os, gera empregos e possibilita reduzir a inadimpl\u00eancia&#8221;, avalia a economista <strong>Anemarie Dalchau<\/strong>.<\/p>\n\n\n\n<p>Contudo, para uma parcela significativa, esse dinheiro n\u00e3o chegar\u00e1 a circular no com\u00e9rcio em forma de presentes. \u00c9 o caso de <strong>Odailso Pereira<\/strong>, torneiro mec\u00e2nico h\u00e1 mais de 15 anos, para quem o benef\u00edcio \u00e9 uma ferramenta de sobreviv\u00eancia. &#8220;\u00c9 como se a gente passasse o ano todo com a \u00e1gua batendo no pesco\u00e7o. A\u00ed vem o d\u00e9cimo e d\u00e1 aquela baixada na mar\u00e9 para a gente n\u00e3o se afogar&#8221;, desabafa Odailso.<\/p>\n\n\n\n<p>O torneiro ilustra a estat\u00edstica da <strong><a href=\"https:\/\/www.fecomercio-sc.com.br\/\" data-type=\"link\" data-id=\"https:\/\/www.fecomercio-sc.com.br\/\" target=\"_blank\" rel=\"noreferrer noopener\">Fecom\u00e9rcio SC<\/a><\/strong>, que aponta que 35% dos catarinenses usar\u00e3o o recurso para <strong>pagar d\u00edvidas<\/strong>. &#8220;A primeira coisa \u00e9 tapar o buraco do cart\u00e3o. A gente vai parcelando uma coisinha aqui, outra ali, e quando v\u00ea&#8221;, explica ele, que contou que viagens est\u00e3o fora de cogita\u00e7\u00e3o e os presentes ser\u00e3o apenas lembrancinhas.<\/p>\n\n\n\n<p>Na contram\u00e3o do aperto financeiro, h\u00e1 quem consiga respirar e planejar. A recepcionista <strong>Caroliny Let\u00edcia Carboni<\/strong>, de 18 anos, faz parte dos 31% que pretendem <strong>poupar ou investir<\/strong>. Com o or\u00e7amento equilibrado, ela encara o 13\u00ba como um verdadeiro b\u00f4nus. &#8220;Irei investir uma parte, ajudar em casa e usarei o restante para o lazer&#8221;, conta a jovem, que pretende gastar o excedente em passeios com o namorado e nas experi\u00eancias de fim de ano.<\/p>\n\n\n\n<p>Para o <strong>com\u00e9rcio local<\/strong>, o desafio \u00e9 capturar tanto o consumidor que vai investir em si mesmo, quanto aquele que deixar\u00e1 as compras para a \u00faltima hora. <strong>T\u00e2nia Silva<\/strong>, 47 anos, propriet\u00e1ria de uma loja de vestu\u00e1rio no bairro Vila Nova, refor\u00e7ou o estoque e contratou tempor\u00e1rios, mas percebe um comportamento cauteloso. &#8220;O joinvilense j\u00e1 \u00e9 mais &#8216;p\u00e9 no ch\u00e3o&#8217; por natureza. Ele n\u00e3o sai gastando \u00e0 toa. O pessoal n\u00e3o tem vergonha de pedir desconto, eles &#8216;choram&#8217; o pre\u00e7o mesmo&#8221;, relata a lojista.<\/p>\n\n\n\n<p>Afinal, o dinheiro vai para as d\u00edvidas ou para o lazer? Confira o que dizem os moradores na enquete a seguir.<\/p>\n\n\n\n<figure class=\"wp-block-audio\"><audio controls src=\"https:\/\/primeirapauta.ielusc.br\/wp-content\/uploads\/2025\/11\/ENQUETE_13o_TERCEIRO.mp3\"><\/audio><\/figure>\n\n\n\n<h2 class=\"wp-block-heading\">Negocia\u00e7\u00e3o de d\u00edvidas pode garantir sobra para o Natal<\/h2>\n\n\n\n<figure class=\"wp-block-gallery has-nested-images columns-default is-cropped wp-block-gallery-1 is-layout-flex wp-block-gallery-is-layout-flex\">\n<figure class=\"wp-block-image size-full\"><img fetchpriority=\"high\" decoding=\"async\" width=\"2560\" height=\"1707\" data-id=\"8580\" src=\"https:\/\/primeirapauta.ielusc.br\/wp-content\/uploads\/2025\/11\/Dinheiro-sendo-contado-scaled.jpg\" alt=\"\" class=\"wp-image-8580\" srcset=\"https:\/\/primeirapauta.ielusc.br\/wp-content\/uploads\/2025\/11\/Dinheiro-sendo-contado-scaled.jpg 2560w, https:\/\/primeirapauta.ielusc.br\/wp-content\/uploads\/2025\/11\/Dinheiro-sendo-contado-1536x1024.jpg 1536w, https:\/\/primeirapauta.ielusc.br\/wp-content\/uploads\/2025\/11\/Dinheiro-sendo-contado-2048x1365.jpg 2048w\" sizes=\"(max-width: 2560px) 100vw, 2560px\" \/><figcaption class=\"wp-element-caption\">Dinheiro e moedas sendo contadas<\/figcaption><\/figure>\n<\/figure>\n\n\n\n<p>A economista <strong>Anemarie Dalchau<\/strong> alerta que, para os endividados, n\u00e3o basta apenas pagar o que se deve; \u00e9 preciso negociar com intelig\u00eancia. &#8220;O ideal \u00e9, no seu c\u00e1lculo, deixar antecipadamente um valor. Se o 13\u00ba for de R$2 mil e a d\u00edvida for de R$4 mil, veja a proposta do credor e fa\u00e7a sua contraproposta num valor abaixo do seu 13\u00ba, digamos R$1,7 mil. Assim, voc\u00ea ter\u00e1 um saldo positivo de R$300 para incrementar suas <strong>festas natalinas<\/strong>&#8220;, ensina.<\/p>\n\n\n\n<p>Para que n\u00e3o t\u00eam d\u00edvidas, a tenta\u00e7\u00e3o de deixar o dinheiro parado na conta corrente ou na poupan\u00e7a deve ser evitada caso o prazo planejado seja curto. &#8220;Todas as opera\u00e7\u00f5es de curto prazo s\u00f3 valem a pena se forem realizadas, no m\u00ednimo, para 30 dias. O <strong><a href=\"https:\/\/www.gov.br\/investidor\/pt-br\" data-type=\"link\" data-id=\"https:\/\/www.gov.br\/investidor\/pt-br\" target=\"_blank\" rel=\"noreferrer noopener\">IOF (Imposto sobre Opera\u00e7\u00f5es Financeiras)<\/a><\/strong>&nbsp; pode levar de 96% (em 1 dia) at\u00e9 3% (em 29 dias) dos rendimentos&#8221;, alerta Anemarie.<\/p>\n\n\n\n<p>Outro ponto de aten\u00e7\u00e3o \u00e9 o m\u00eas de janeiro, tradicionalmente pesado devido a <strong>IPVA<\/strong>, <strong>IPTU<\/strong> e material escolar. Odailso Pereira resume a estrat\u00e9gia de quem tem o or\u00e7amento apertado: &#8220;Se sobrar a gente guarda para janeiro, que \u00e9 m\u00eas de pedreira&#8221;. A recomenda\u00e7\u00e3o dos especialistas \u00e9 reservar parte da <strong>segunda parcela<\/strong> (paga at\u00e9 20 de dezembro) exclusivamente para essas despesas obrigat\u00f3rias de in\u00edcio de ano, evitando come\u00e7ar 2026 criando novas d\u00edvidas.<\/p>\n\n    <div class=\"xs_social_share_widget xs_share_url after_content \t\tmain_content  wslu-style-1 wslu-share-box-shaped wslu-fill-colored wslu-none wslu-share-horizontal wslu-theme-font-no wslu-main_content\">\n\n\t\t\n        <ul>\n\t\t\t        <\/ul>\n    <\/div> \n","protected":false},"excerpt":{"rendered":"<p>A contagem regressiva para o al\u00edvio no bolso j\u00e1 come\u00e7ou. At\u00e9 a pr\u00f3xima sexta-feira (28), a primeira parcela do 13\u00ba sal\u00e1rio dever\u00e1 cair na conta dos trabalhadores com carteira assinada. Em Joinville, a gratifica\u00e7\u00e3o natalina chega em um cen\u00e1rio econ\u00f4mico de contrastes. Enquanto o mercado catarinense acumula alta de 6% no ano, a inadimpl\u00eancia ainda [&hellip;]<\/p>\n","protected":false},"author":69,"featured_media":8579,"comment_status":"closed","ping_status":"open","sticky":false,"template":"","format":"standard","meta":{"footnotes":""},"categories":[346,324,609],"tags":[853,882,852,881,880,854,59,855,29,883],"_links":{"self":[{"href":"https:\/\/primeirapauta.ielusc.br\/index.php\/wp-json\/wp\/v2\/posts\/8575"}],"collection":[{"href":"https:\/\/primeirapauta.ielusc.br\/index.php\/wp-json\/wp\/v2\/posts"}],"about":[{"href":"https:\/\/primeirapauta.ielusc.br\/index.php\/wp-json\/wp\/v2\/types\/post"}],"author":[{"embeddable":true,"href":"https:\/\/primeirapauta.ielusc.br\/index.php\/wp-json\/wp\/v2\/users\/69"}],"replies":[{"embeddable":true,"href":"https:\/\/primeirapauta.ielusc.br\/index.php\/wp-json\/wp\/v2\/comments?post=8575"}],"version-history":[{"count":7,"href":"https:\/\/primeirapauta.ielusc.br\/index.php\/wp-json\/wp\/v2\/posts\/8575\/revisions"}],"predecessor-version":[{"id":8946,"href":"https:\/\/primeirapauta.ielusc.br\/index.php\/wp-json\/wp\/v2\/posts\/8575\/revisions\/8946"}],"wp:featuredmedia":[{"embeddable":true,"href":"https:\/\/primeirapauta.ielusc.br\/index.php\/wp-json\/wp\/v2\/media\/8579"}],"wp:attachment":[{"href":"https:\/\/primeirapauta.ielusc.br\/index.php\/wp-json\/wp\/v2\/media?parent=8575"}],"wp:term":[{"taxonomy":"category","embeddable":true,"href":"https:\/\/primeirapauta.ielusc.br\/index.php\/wp-json\/wp\/v2\/categories?post=8575"},{"taxonomy":"post_tag","embeddable":true,"href":"https:\/\/primeirapauta.ielusc.br\/index.php\/wp-json\/wp\/v2\/tags?post=8575"}],"curies":[{"name":"wp","href":"https:\/\/api.w.org\/{rel}","templated":true}]}}