{"id":9055,"date":"2025-12-06T16:30:22","date_gmt":"2025-12-06T19:30:22","guid":{"rendered":"https:\/\/primeirapauta.ielusc.br\/?p=9055"},"modified":"2025-12-11T14:07:49","modified_gmt":"2025-12-11T17:07:49","slug":"como-os-animais-transformam-a-vida-de-seus-tutores","status":"publish","type":"post","link":"https:\/\/primeirapauta.ielusc.br\/index.php\/2025\/12\/06\/como-os-animais-transformam-a-vida-de-seus-tutores\/","title":{"rendered":"Como animais transformam vida de seus tutores"},"content":{"rendered":"\n<p><em>Mat\u00e9ria explora presen\u00e7a emocional dos pets, seus impactos pr\u00e1ticos e a redefini\u00e7\u00e3o contempor\u00e2nea de \u201cfam\u00edlia\u201d<\/em><br><\/p>\n\n\n\n<p>A presen\u00e7a de animais dentro dos lares brasileiros j\u00e1 n\u00e3o pode ser tratada apenas como afeto espont\u00e2neo. \u00c0 medida que animais assumem fun\u00e7\u00f5es emocionais e estruturais antes reservadas a v\u00ednculos exclusivamente humanos, a chamada <strong>fam\u00edlia multiesp\u00e9cie<\/strong> se consolida como um fen\u00f4meno social relevante e em plena expans\u00e3o. A tend\u00eancia atravessa gera\u00e7\u00f5es, classes e estilos de vida e revela uma reorganiza\u00e7\u00e3o afetiva que responde tanto a mudan\u00e7as demogr\u00e1ficas quanto a fragilidades contempor\u00e2neas, como o aumento de estados depressivos, a solid\u00e3o urbana e a instabilidade laboral.<\/p>\n\n\n\n<p>Entre jovens adultos que atravessam transi\u00e7\u00f5es de estudo e trabalho, a ado\u00e7\u00e3o de um animal frequentemente surge como um ajuste pr\u00e1tico \u00e0 vida em forma\u00e7\u00e3o. A estudante <strong>Natalia Rodriguez<\/strong>, m\u00e3e de um gato, resume essa l\u00f3gica com simplicidade e sinceridade. \u201cA rotina muda, mas muda pra melhor. O carinho do Ozzy \u00e9 genu\u00edno, e sinto que n\u00e3o estou mais sozinha. \u00c9 uma presen\u00e7a leve, que ocupa exatamente o espa\u00e7o que eu consigo oferecer\u201d, afirma. Para Natalia, o v\u00ednculo n\u00e3o \u00e9 substitutivo; \u00e9 uma reorganiza\u00e7\u00e3o emocional que permite manter autonomia sem abrir m\u00e3o do afeto.<\/p>\n\n\n<div class=\"wp-block-image\">\n<figure class=\"aligncenter size-full is-resized\"><img fetchpriority=\"high\" decoding=\"async\" width=\"718\" height=\"631\" src=\"https:\/\/primeirapauta.ielusc.br\/wp-content\/uploads\/2025\/12\/WhatsApp-Image-2025-12-05-at-16.54.04.jpeg\" alt=\"\" class=\"wp-image-9062\" style=\"width:554px;height:auto\"\/><figcaption class=\"wp-element-caption\">Ozzy [Acervo Pessoal, Nat\u00e1lia]<\/figcaption><\/figure><\/div>\n\n\n<p>Em lares em que responsabilidades se acumulam, a presen\u00e7a de um animal altera din\u00e2micas e prioridades. <strong>Natany Priscila<\/strong>, que cuida de uma cadela idosa e de uma filha pequena, descreve esse desafio sem idealiza\u00e7\u00f5es. \u201cExtremamente dif\u00edcil, porque no meu caso, que eu trato minha cachorrinha, Meg, como uma filha, membro da fam\u00edlia, mas ela \u00e9 muito brava, ent\u00e3o tem que existir uma separa\u00e7\u00e3o de espa\u00e7os e atividades, o sentimento de culpa \u00e9 extremo o tempo todo, porque com certeza eu dou mais aten\u00e7\u00e3o para minha filha agora e tento ficar sempre equilibrando, assim, me desdobrando para dar aten\u00e7\u00e3o para todas, de certa forma, at\u00e9 tira um pouquinho da qualidade de vida que ela [a Meg] tinha dentro de casa.\u201d <\/p>\n\n\n\n<p>A observa\u00e7\u00e3o liga cuidado afetivo a escolhas pr\u00e1ticas. Natany recomenda ado\u00e7\u00f5es pensadas, preferencialmente de animais adultos, porque a experi\u00eancia reduz demandas e facilita a conviv\u00eancia com crian\u00e7as. \u201cSe for falar em ado\u00e7\u00e3o, tem muito cachorrinho adulto precisando de um lar, ent\u00e3o assim, eu at\u00e9 indicaria, se eu fosse adotar hoje, eu n\u00e3o adotaria mais filhotes, eu adotaria um cachorro j\u00e1 na fase adulta.\u201d<\/p>\n\n\n<div class=\"wp-block-image\">\n<figure class=\"aligncenter size-full is-resized\"><img decoding=\"async\" width=\"717\" height=\"823\" src=\"https:\/\/primeirapauta.ielusc.br\/wp-content\/uploads\/2025\/12\/WhatsApp-Image-2025-12-06-at-16.05.46.jpeg\" alt=\"\" class=\"wp-image-9065\" style=\"width:352px;height:auto\"\/><figcaption class=\"wp-element-caption\">Meg [ Acervo Pessoal, Natany ]<\/figcaption><\/figure><\/div>\n\n\n<p>No consult\u00f3rio, veterin\u00e1ria e t\u00e9cnico precisam transpor o afeto para pr\u00e1ticas que garantam a sa\u00fade do animal. A veterin\u00e1ria <strong>La\u00eds Gastaldon<\/strong>, pessoa com defici\u00eancia e tutora de um cachorro de servi\u00e7o, observa que o fen\u00f4meno da fam\u00edlia multiesp\u00e9cie trouxe avan\u00e7os e tamb\u00e9m responsabilidades claras. \u201cO conceito de fam\u00edlia multiesp\u00e9cie tornou-se cada vez mais presente, refletindo a ideia de que os pets ocupam um lugar afetivo e social semelhante ao de um membro da fam\u00edlia. Hoje, muitos animais s\u00e3o tratados como \u2018filhos\u2019, recebendo cuidados antes restritos apenas aos humanos, como exames de rotina, acompanhamento veterin\u00e1rio frequente e investimentos em alimenta\u00e7\u00e3o de qualidade, incluindo a Alimenta\u00e7\u00e3o Natural.\u201d <\/p>\n\n\n\n<p>Ao mesmo tempo, La\u00eds alerta para as fases da vida que exigem preparo adicional. \u201cQuando os animais envelhecem, novas demandas surgem: doen\u00e7as cr\u00f4nicas, limita\u00e7\u00f5es f\u00edsicas e necessidade de maior acompanhamento veterin\u00e1rio. Infelizmente, \u00e9 nesse est\u00e1gio que cresce o \u00edndice de abandono, seja por falta de condi\u00e7\u00f5es financeiras, falta de tempo ou simplesmente pela dificuldade em lidar com os cuidados extras.\u201d<\/p>\n\n\n\n<p>A dimens\u00e3o cl\u00ednica e a dimens\u00e3o afetiva se cruzam em decis\u00f5es cotidianas. Sa\u00fade preventiva, vacina\u00e7\u00e3o, controle parasit\u00e1rio e nutri\u00e7\u00e3o adequada deixam de ser recomenda\u00e7\u00f5es marginalizadas e passam a integrar a rotina familiar. La\u00eds lembra que a ado\u00e7\u00e3o respons\u00e1vel envolve proje\u00e7\u00f5es de longo prazo e planejamento. \u201cA principal orienta\u00e7\u00e3o \u00e9: reflita profundamente sobre a responsabilidade que envolve ter um animal. Adotar n\u00e3o \u00e9 apenas acolher um pet porque ele \u00e9 bonito ou carinhoso, mas assumir um compromisso que envolve tempo, paci\u00eancia, disposi\u00e7\u00e3o emocional e recursos financeiros.\u201d<\/p>\n\n\n\n<figure class=\"wp-block-image size-full\"><img decoding=\"async\" width=\"1080\" height=\"940\" src=\"https:\/\/primeirapauta.ielusc.br\/wp-content\/uploads\/2025\/12\/WhatsApp-Image-2025-12-06-at-16.21.47.jpeg\" alt=\"\" class=\"wp-image-9066\"\/><figcaption class=\"wp-element-caption\">Gudang, c\u00e3o de servi\u00e7o [Acervo Pessoal, La\u00eds]<\/figcaption><\/figure>\n\n\n\n<p>Em muitos casos, o animal assume papel de apoio emocional em situa\u00e7\u00f5es marcantes da vida. Silvana, 59 anos, conta que adotou Cindy ap\u00f3s o falecimento do marido para enfrentar o vazio de uma casa que se tornou silenciosa. \u201cEu levantava e n\u00e3o tinha mais ningu\u00e9m pra perguntar como dormi. A Cindy mudou isso. Ela n\u00e3o preenche o lugar do meu marido, mas preenche a casa. E isso faz diferen\u00e7a\u201d, diz. A leitura psicol\u00f3gica confirma que, para idosos, a conviv\u00eancia com um animal pode significar manuten\u00e7\u00e3o de rotina, sensa\u00e7\u00e3o de seguran\u00e7a e est\u00edmulo para sair de casa e interagir com vizinhos e servi\u00e7os.<\/p>\n\n\n<div class=\"wp-block-image\">\n<figure class=\"aligncenter size-full is-resized\"><img loading=\"lazy\" decoding=\"async\" width=\"717\" height=\"647\" src=\"https:\/\/primeirapauta.ielusc.br\/wp-content\/uploads\/2025\/12\/WhatsApp-Image-2025-12-06-at-16.05.47-1.jpeg\" alt=\"\" class=\"wp-image-9064\" style=\"width:445px;height:auto\"\/><figcaption class=\"wp-element-caption\">Cindy [ Acervo Pessoal, Brendha Souza ]<\/figcaption><\/figure><\/div>\n\n\n<p>A psic\u00f3loga <strong>Juli Batista<\/strong> devolve ao tema uma perspectiva que mistura al\u00edvio e advert\u00eancia. \u201cExiste o lado em que o animal supre pro lado do bem, quando uma pessoa vive um luto ou tem uma car\u00eancia e consegue sentir esse carinho, essa prote\u00e7\u00e3o que ela oferece ao bichinho, mas tamb\u00e9m se sente protegida.\u201d A coloca\u00e7\u00e3o \u00e9 seguida de um alerta preciso. \u201cTem o lado negativo, que \u00e9 quase uma codepend\u00eancia emocional, porque aquele animal vira tudo pra ela, ent\u00e3o ela come\u00e7a a perder a raz\u00e3o entre o que realmente \u00e9 um bichinho de estima\u00e7\u00e3o e um ser humano. Com o aumento das doen\u00e7as psicol\u00f3gicas, isso cresceu de uma forma bem grandiosa.\u201d<\/p>\n\n\n\n<p>O tensionamento entre benef\u00edcio e risco aponta para necessidades concretas. Educa\u00e7\u00e3o de tutores, pol\u00edticas p\u00fablicas que facilitem acesso a cuidados veterin\u00e1rios, campanhas de conscientiza\u00e7\u00e3o sobre fases da vida animal e apoio social a fam\u00edlias em vulnerabilidade s\u00e3o medidas que especialistas consideram urgentes. Cl\u00ednicas que oferecem parcelamento de tratamentos, postos de sa\u00fade que incluam orienta\u00e7\u00e3o b\u00e1sica sobre zoonoses e alimenta\u00e7\u00e3o e grupos comunit\u00e1rios de cuidado coletivo aparecem como respostas pr\u00e1ticas a esse fen\u00f4meno.<\/p>\n\n\n\n<p>No fim, a fam\u00edlia multiesp\u00e9cie revela menos sobre os animais do que sobre as maneiras como a sociedade contempor\u00e2nea procura acolhimento. Esses v\u00ednculos mostram a capacidade humana de reconstruir la\u00e7os diante de perdas, a vontade de cuidar e a necessidade de limites t\u00e9cnicos que garantam sa\u00fade e bem-estar. O reconhecimento \u00e9 duplo. A afei\u00e7\u00e3o \u00e9 leg\u00edtima e transformadora. A responsabilidade \u00e9 inadi\u00e1vel. Em casas espalhadas pelo pa\u00eds, pessoas e animais continuam aprendendo, aos poucos, a dividir espa\u00e7o, tempo e afeto de forma que ambos saiam, sempre que poss\u00edvel, melhores.<\/p>\n\n    <div class=\"xs_social_share_widget xs_share_url after_content \t\tmain_content  wslu-style-1 wslu-share-box-shaped wslu-fill-colored wslu-none wslu-share-horizontal wslu-theme-font-no wslu-main_content\">\n\n\t\t\n        <ul>\n\t\t\t        <\/ul>\n    <\/div> \n","protected":false},"excerpt":{"rendered":"<p>Mat\u00e9ria explora a presen\u00e7a emocional dos pets, seus impactos pr\u00e1ticos e a redefini\u00e7\u00e3o contempor\u00e2nea de \u201cfam\u00edlia\u201d<\/p>\n","protected":false},"author":77,"featured_media":9062,"comment_status":"open","ping_status":"open","sticky":false,"template":"","format":"standard","meta":{"footnotes":""},"categories":[581,345,609,244],"tags":[924,925,29,34],"_links":{"self":[{"href":"https:\/\/primeirapauta.ielusc.br\/index.php\/wp-json\/wp\/v2\/posts\/9055"}],"collection":[{"href":"https:\/\/primeirapauta.ielusc.br\/index.php\/wp-json\/wp\/v2\/posts"}],"about":[{"href":"https:\/\/primeirapauta.ielusc.br\/index.php\/wp-json\/wp\/v2\/types\/post"}],"author":[{"embeddable":true,"href":"https:\/\/primeirapauta.ielusc.br\/index.php\/wp-json\/wp\/v2\/users\/77"}],"replies":[{"embeddable":true,"href":"https:\/\/primeirapauta.ielusc.br\/index.php\/wp-json\/wp\/v2\/comments?post=9055"}],"version-history":[{"count":2,"href":"https:\/\/primeirapauta.ielusc.br\/index.php\/wp-json\/wp\/v2\/posts\/9055\/revisions"}],"predecessor-version":[{"id":9073,"href":"https:\/\/primeirapauta.ielusc.br\/index.php\/wp-json\/wp\/v2\/posts\/9055\/revisions\/9073"}],"wp:featuredmedia":[{"embeddable":true,"href":"https:\/\/primeirapauta.ielusc.br\/index.php\/wp-json\/wp\/v2\/media\/9062"}],"wp:attachment":[{"href":"https:\/\/primeirapauta.ielusc.br\/index.php\/wp-json\/wp\/v2\/media?parent=9055"}],"wp:term":[{"taxonomy":"category","embeddable":true,"href":"https:\/\/primeirapauta.ielusc.br\/index.php\/wp-json\/wp\/v2\/categories?post=9055"},{"taxonomy":"post_tag","embeddable":true,"href":"https:\/\/primeirapauta.ielusc.br\/index.php\/wp-json\/wp\/v2\/tags?post=9055"}],"curies":[{"name":"wp","href":"https:\/\/api.w.org\/{rel}","templated":true}]}}