{"id":928,"date":"2019-06-28T20:32:56","date_gmt":"2019-06-28T23:32:56","guid":{"rendered":"http:\/\/primeirapauta.ielusc.br\/?p=928"},"modified":"2022-06-22T20:15:37","modified_gmt":"2022-06-22T23:15:37","slug":"governo-propoe-mudancas-no-programa-bolsa-atleta","status":"publish","type":"post","link":"https:\/\/primeirapauta.ielusc.br\/index.php\/2019\/06\/28\/governo-propoe-mudancas-no-programa-bolsa-atleta\/","title":{"rendered":"Governo prop\u00f5e mudan\u00e7as no programa Bolsa Atleta"},"content":{"rendered":"<p style=\"text-align: left;\"><em><span style=\"font-weight: 400;\">Especialistas abordam os benef\u00edcios do governo federal investir no esporte de base para o desenvolvimento de novos atletas, para as pr\u00f3ximas competi\u00e7\u00f5es<\/span><\/em><\/p>\n<p><span style=\"font-weight: 400;\">O Bolsa Atleta \u00e9 um programa do governo federal que incentiva a pr\u00e1tica esportiva no pa\u00eds. Atrav\u00e9s do benef\u00edcio, os atletas recebem valores mensais para ajudar nos custos do esporte. Em Joinville, a iniciativa atende jovens que praticam modalidades como atletismo, karat\u00ea, salto com vara, entre outras.&nbsp; A maior cidade do estado tem uma base forte no esporte e uma prova disso \u00e9 a quantidade de premia\u00e7\u00f5es que os esportistas joinvilenses trazem para a cidade. Muitos esportistas daqui s\u00e3o campe\u00f5es brasileiros e estaduais.<\/span><\/p>\n<p><span style=\"font-weight: 400;\">Segundo a ex-nadadora ol\u00edmpica Joanna Maranh\u00e3o, o programa<\/span> <span style=\"font-weight: 400;\">surgiu como uma forma do governo brasileiro auxiliar na promo\u00e7\u00e3o do esporte do pa\u00eds, visto que, no Brasil a forma de treino do esporte de alto rendimento \u00e9 club\u00edstico e n\u00e3o seria eficaz a constru\u00e7\u00e3o de muitos centros de treinamentos estatais.<\/span><\/p>\n<figure id=\"attachment_940\" aria-describedby=\"caption-attachment-940\" style=\"width: 717px\" class=\"wp-caption aligncenter\"><img fetchpriority=\"high\" decoding=\"async\" class=\"size-full wp-image-940\" src=\"http:\/\/primeirapauta.ielusc.br\/wp-content\/uploads\/2019\/06\/Screenshot_20180730-090020_01.jpg\" alt=\"\" width=\"717\" height=\"431\"><figcaption id=\"caption-attachment-940\" class=\"wp-caption-text\">Joanna Maranh\u00e3o em uma de suas competi\u00e7\u00f5es. Foto: Jornalpe \/ Foto: Divulga\u00e7\u00e3o<\/figcaption><\/figure>\n<p><span style=\"font-weight: 400;\">Joanna conta que existem diversos estudos comprovando que o programa Bolsa atleta \u00e9 eficaz para o desenvolvimento de novos atletas. A nadadora<\/span> <span style=\"font-weight: 400;\">reconhece que o Brasil est\u00e1 em crise, mas condena qualquer tipo de corte&nbsp; na iniciativa. \u201cNa minha opini\u00e3o o programa deve ser revisado, mantendo essas bolsas da base, e revisar as bolsas mais altas dos atletas p\u00f3dio. Se antes o benef\u00edcio atendia aos 20 melhores atletas, apenas aqueles que ficassem no top 10 receberiam\u201d, explica. Outra solu\u00e7\u00e3o para n\u00e3o prejudicar as bolsas da base, que s\u00e3o de&nbsp; R$ 370 era limitar que os atletas p\u00f3dio e os ol\u00edmpicos s\u00f3 recebam um tipo de recurso, e n\u00e3o acumulem bolsa atleta, bolsa militar e<\/span> <span style=\"font-weight: 400;\">bolsa estadual. Segundo a nadadora, essa medida faria com que mais atletas de base pudessem ser contemplados no programa.&nbsp;&nbsp;<\/span><\/p>\n<p><span style=\"font-weight: 400;\">Para o secret\u00e1rio de esporte de Joinville, Estevan Cattoni, esse incentivo do governo federal \u00e9 primordial para o desenvolvimento da base do esporte ol\u00edmpico brasileiro. \u201cO Bolsa Atleta \u00e9 fundamental para o atleta tanto no momento da inicia\u00e7\u00e3o esportiva, quanto no esporte de alto rendimento\u201d, conta. O esporte exige muitos custos, como por exemplo, o material esportivo, deslocamento, alimenta\u00e7\u00e3o, inscri\u00e7\u00e3o para as competi\u00e7\u00f5es, hospedagem, passagens \u00e1reas, al\u00e9m de outros gastos do&nbsp; dia a dia do treinamento. \u201cEsse recurso \u00e9 muito importante para o Brasil formar atletas ol\u00edmpicos para representar o pa\u00eds mundo afora\u201d, explica.&nbsp;&nbsp;&nbsp;&nbsp;<\/span><\/p>\n<p><span style=\"font-weight: 400;\">O presidente da Associa\u00e7\u00e3o Corville de Atletismo e treinador de atletismo, Fl\u00e1vio S\u00e9rgio Pscheidt, afirma que o aux\u00edlio \u00e9 essencial<\/span> <span style=\"font-weight: 400;\">para quem frequenta o clube Corville de atletismo. \u201c\u00c9 de suma import\u00e2ncia essa colabora\u00e7\u00e3o para os atletas que est\u00e3o come\u00e7ando, haja visto que, a maioria deles dependem dos pais para transporte, material esportivo, n\u00e3o s\u00f3 no atletismo, mas em todas as modalidades\u201d, explica. \u201cEsse incentivo faz com que cada um v\u00e1 em busca&nbsp; dos melhores resultados nos campeonatos a serem disputados\u201d, conclui.&nbsp;<\/span><\/p>\n<p><span style=\"font-weight: 400;\">Em 2018, o ex presidente Michel Temer (MDB) fez um corte de 60% no programa o que reduziu a iniciativa de R$ 79,3 milh\u00f5es para R$ 53,6 milh\u00f5es, diminuindo o benef\u00edcio da base e do estudantil, categorias fundamentais para a forma\u00e7\u00e3o do esporte ol\u00edmpico brasileiro. O t\u00e9cnico da sele\u00e7\u00e3o catarinense de Karat\u00ea, Sidnei Maciel, afirma que essa retirada promovida pelo ex presidente Michel Temer prejudicou bastante. \u201cFoi um balde de \u00e1gua fria, muitos atletas pensaram em desistir depois dessa a\u00e7\u00e3o\u201d, conta. Estevan tamb\u00e9m avaliou&nbsp; essa mudan\u00e7a no programa como algo negativo. \u201cEssa redu\u00e7\u00e3o de investimento na base seria extremamente prejudicial para o desporto brasileiro, pois ele impactaria e impediria a forma\u00e7\u00e3o de atletas ol\u00edmpicos\u201d, explica.&nbsp;<\/span><\/p>\n<p><span style=\"font-weight: 400;\">Sidnei Maciel conta que quando o corte de Michel Temer foi anunciado houve um choque muito grande, visto que a equipe de Karat\u00ea dele \u00e9 uma equipe de alto rendimento que representa Joinville, o estado de Santa Catarina e o Brasil, tanto em competi\u00e7\u00f5es nacionais, quanto internacionais. \u201cMuitos atletas da nossa equipe recebem o Bolsa Atleta Federal, por isso est\u00e3o com a gente viajando para as competi\u00e7\u00f5es, j\u00e1 sem essa ajuda n\u00e3o tem condi\u00e7\u00f5es\u201d, explica.&nbsp;<\/span><\/p>\n<p><span style=\"font-weight: 400;\">Na viv\u00eancia di\u00e1ria como treinador de atletismo e presidente do clube Corville, Fl\u00e1vio Pscheidt analisa sobre como o corte realizado no \u00faltimo dia do governo Michel Temer influ\u00eancia na forma\u00e7\u00e3o de novos atletas brasileiros. \u201cEsse corte \u00e9 algo descabido, a base \u00e9 justamente o que vai levar o atleta para o alto rendimento, ent\u00e3o se voc\u00ea corta a raiz voc\u00ea nunca vai ter frutos\u201d, sinaliza.&nbsp;<\/span><\/p>\n<p><span style=\"font-weight: 400;\">Durante a marca de 100 dias de governo, o presidente Jair Bolsonaro assinou um ato que devolveu o benef\u00edcio aos esportistas que haviam sido cortados do programa pelo ex-presidente Michel Temer. Com a medida, 3.142 esportistas ter\u00e3o o recurso novamente, totalizando 6.200 integrantes. Atrav\u00e9s da revis\u00e3o do or\u00e7amento pelo presidente, passam a integrar a iniciativa 2.491 atletas da categoria nacional, 381 da estudantil&nbsp; e 257 da base, al\u00e9m de oito bolsas ol\u00edmpicas e paral\u00edmpicas e cinco bolsas internacionais. O governo informou que com as medidas o or\u00e7amento do Bolsa Atleta vai aumentar para R$ 70 milh\u00f5es, com um acr\u00e9scimo de 10% no valor das bolsas.&nbsp;<\/span><\/p>\n<p><span style=\"font-weight: 400;\">O projeto tamb\u00e9m passou por mudan\u00e7as. A bolsa p\u00f3dio, que hoje oferece o benef\u00edcio aos atletas que integram o top 20 do mundo, passa a oferecer a bolsa apenas para o top 10. Outra mudan\u00e7a \u00e9 a jun\u00e7\u00e3o das categorias de base e estudantil, que passam a receber R$ 740. De acordo com o governo, a mudan\u00e7a serve para fortalecer o esporte brasileiro nos jogos de T\u00f3quio 2020. J\u00e1 a jun\u00e7\u00e3o das categorias \u00e9 para nivelar a categoria infantil com a juvenil para investir nas categorias de base que s\u00e3o o futuro do esporte ol\u00edmpico brasileiro. Para que as novas medidas entrem em vigor elas precisam da aprova\u00e7\u00e3o do Congresso.&nbsp;<\/span><\/p>\n<p><span style=\"font-weight: 400;\">Uma das atitudes sugeridas pela ex-nadadora Joanna Maranh\u00e3o j\u00e1 foi realizada. A partir de agora s\u00f3 os atletas top 10 do mundo v\u00e3o receber o Bolsa P\u00f3dio e n\u00e3o os top 20 como antes. J\u00e1 a sugest\u00e3o de limitar para que os atletas P\u00f3dio recebam apenas um tipo de bolsa, n\u00e3o foi colocada nessas mudan\u00e7as. Resta saber se as novas mudan\u00e7as v\u00e3o trazer os resultados desejados pelo governo.&nbsp;<\/span><\/p>\n<p><span style=\"font-weight: 400;\">Segundo Pscheidt, foi importante que o atual governo tenha voltado atr\u00e1s nesses pontos, afinal a categoria de base \u00e9 fundamental para ter um bom resultado a m\u00e9dio e longo prazo. Sidnei conta que na sua equipe de Karat\u00ea os atletas que n\u00e3o t\u00eam esse benef\u00edcio fazem ped\u00e1gio e eventos para arrecadar o or\u00e7amento necess\u00e1rio para a pr\u00e1tica da modalidade.<\/span><\/p>\n<p><span style=\"font-weight: 400;\">Neste ano o ministro da cidadania, Osmar Terra, respons\u00e1vel pela pasta do esporte no governo Bolsonaro, afirmou que a caixa vai cortar o patroc\u00ednio a times de futebol como Flamengo e Corinthians para fazer uma recomposi\u00e7\u00e3o no programa, totalizando um investimento de R$ 100 milh\u00f5es.<\/span><\/p>\n<p><span style=\"font-weight: 400;\">De acordo com o Secret\u00e1rio de esporte de Joinville, Estevan Cattoni, essa medida \u00e9 importante para consertar o corte do governo Michel Temer. \u201cOs times de futebol t\u00eam mais facilidade de captar recursos da iniciativa privada, j\u00e1 o esporte amador n\u00e3o. Essa transfer\u00eancia de recursos a m\u00e9dio e longo prazo traz benef\u00edcios para o esporte amador e, consequentemente pode trazer futuramente bons resultados no esporte ol\u00edmpico\u201d, conclui.<\/span><\/p>\n<p><span style=\"font-weight: 400;\">&nbsp;Assim como Estevan, Fl\u00e1vio Pscheidt aprova o corte da Caixa no patroc\u00ednio de times de futebol. \u201cOs clubes de futebol devem correr atr\u00e1s de suas pr\u00f3prias receitas e o dinheiro federal deve ser investido no esporte amador, visto que o futebol \u00e9 um caso a parte de esporte no Brasil\u201d, disse. Para o presidente do clube Corville de atletismo, investir no esporte amador \u00e9 investir na base da sociedade, porque a maioria dos atletas brasileiros praticam outras modalidades, e quem pratica o futebol geralmente paga escolinha. \u201cAqui no nosso clube todos os atletas t\u00eam acesso a excelentes profissionais de gra\u00e7a\u201d, finaliza.<\/span><\/p>\n<figure id=\"attachment_947\" aria-describedby=\"caption-attachment-947\" style=\"width: 1535px\" class=\"wp-caption alignnone\"><img decoding=\"async\" class=\"size-full wp-image-947\" src=\"http:\/\/primeirapauta.ielusc.br\/wp-content\/uploads\/2019\/06\/IMG_8148.jpg\" alt=\"\" width=\"1535\" height=\"1024\"><figcaption id=\"caption-attachment-947\" class=\"wp-caption-text\">Fl\u00e1vio S\u00e9rgio Pscheidt, presidente da Associa\u00e7\u00e3o Corville de Atletismo. Foto: Vin\u00edcius Leonardo<\/figcaption><\/figure>\n<p><span style=\"font-weight: 400;\">J\u00e1 a nadadora Joanna Maranh\u00e3o fez cr\u00edticas a essa atitude do governo. \u201cA gente tem que parar com isso de tirar de um lado para colocar no outro, uma coisa n\u00e3o justifica a outra. Esse governo tem um olhar muito de privatiza\u00e7\u00e3o, que o esporte tem que se autossustentar,&nbsp; mas as empresas n\u00e3o entendem isso, acho que esse governo tem muita fal\u00e1cia e pouca a\u00e7\u00e3o\u201d, cr\u00edtica.&nbsp;<\/span><\/p>\n<p><span style=\"font-weight: 400;\">Recentemente, o governo anunciou a nomea\u00e7\u00e3o do ex jogador de v\u00f4lei de Praia, Emanuel Rego, para a Secretaria Nacional de Alto Rendimento da Secretaria Especial de Esporte do governo federal.&nbsp; O nome do multicampe\u00e3o foi bem recebido por outros nomes do esporte como Hort\u00eancia, Lars Grael e Thiago Pereira. Na fun\u00e7\u00e3o, Emanuel fica respons\u00e1vel por projetos importantes para o esporte brasileiro, entre eles o programa Bolsa Atleta. A ex nadadora Joanna Maranh\u00e3o aprovou o nome de Emanuel para o cargo, mas n\u00e3o confia que o ex jogador de v\u00f4lei ter\u00e1 autonomia para desenvolver a fun\u00e7\u00e3o, pois segundo ela a Secretaria do governo est\u00e1 uma bagun\u00e7a.&nbsp;<\/span><\/p>\n<p><span style=\"font-weight: 400;\">Campe\u00e3 brasileira do salto em dist\u00e2ncia sub 18 em 2017, Rafaela Iavorski, 17, recebe o<\/span> <span style=\"font-weight: 400;\">Bolsa Atleta Nacional para representar Joinville nos campeonatos brasileiros das modalidades de salto em dist\u00e2ncia e cem metros com barreira. \u201cA import\u00e2ncia do programa<\/span> <span style=\"font-weight: 400;\">para mim \u00e9 poder ter continuidade no meu futuro como atleta, para conseguir evoluir e ter condi\u00e7\u00f5es de me manter no esporte\u201d, afirma. No in\u00edcio do ano, Rafaela teve seu benef\u00edcio cortado, por\u00e9m, a decis\u00e3o foi revista e ela recebeu uma notifica\u00e7\u00e3o informando que continuaria recebendo. \u201cNo in\u00edcio foi um baque bem grande, pensei: como vou me virar agora? Ser\u00e1 que eu continuo ou n\u00e3o?\u201d, conta.&nbsp;<\/span><\/p>\n<figure id=\"attachment_950\" aria-describedby=\"caption-attachment-950\" style=\"width: 1535px\" class=\"wp-caption alignnone\"><img decoding=\"async\" class=\"size-full wp-image-950\" src=\"http:\/\/primeirapauta.ielusc.br\/wp-content\/uploads\/2019\/06\/IMG_8137.jpg\" alt=\"\" width=\"1535\" height=\"1024\"><figcaption id=\"caption-attachment-950\" class=\"wp-caption-text\">Atleta Rafaela Iavorski em um dia de treinamento de salto em dist\u00e2ncia. Foto: Vin\u00edcius Leonardo<\/figcaption><\/figure>\n<p><span style=\"font-weight: 400;\">Assim como Rafaela, Samara Furtado, 21, tamb\u00e9m recebe o Bolsa Atleta Nacional<\/span><b>.<\/b><span style=\"font-weight: 400;\"> Ela representa Joinville nos campeonatos brasileiros das modalidades de lan\u00e7amento de martelo e lan\u00e7amento de disco, inclusive \u00e9 recordista brasileira do lan\u00e7amento de martelo na categoria mirim, marca alcan\u00e7ada em 2013. \u201cO Bolsa Atleta \u00e9 muito importante, tanto na \u00e9poca da base, quanto no profissional\u201d, disse. \u201cNa \u00e9poca da base \u00e9 importante porque dependemos dos nossos pais, al\u00e9m de nos ajudar com o esporte tem os custos de casa\u201d, fala.&nbsp;<\/span><\/p>\n<p><span style=\"font-weight: 400;\">Segundo Samara, muitas viagens para as competi\u00e7\u00f5es t\u00eam que ser bancadas do pr\u00f3prio bolso, por isso o recurso \u00e9 fundamental. O programa tamb\u00e9m \u00e9 importante, pois al\u00e9m de custear as viagens e os demais gastos com o esporte, o incentivo faz com que as crian\u00e7as consigam ajudar os pais nas despesas de casa, visto que, a grande maioria dos que fazem parte da modalidade do atletismo s\u00e3o crian\u00e7as mais carentes. \u201cAgora o benef\u00edcio voltou com crit\u00e9rios diferentes e com um valor um pouco maior, para buscar atender mais pessoas\u201d, conta.&nbsp;<\/span><\/p>\n<p><span style=\"font-weight: 400;\">De acordo com Samara, quando o atleta<\/span> <span style=\"font-weight: 400;\">chega perto da fase adulta, o benef\u00edcio continua importante, pois faz com que os atletas consigam se dedicar exclusivamente ao treino e aos estudos, sem precisar trabalhar. Os jovens que n\u00e3o t\u00eam essa oportunidade tem que se dividir entre estudar, trabalhar e treinar, o que torna tudo mais dif\u00edcil. \u201cO Brasil \u00e9 um pa\u00eds que tem muitos talentos, e muitos acabam sendo perdidos para as drogas e o esporte \u00e9 uma ferramenta de transforma\u00e7\u00e3o social, ent\u00e3o a partir do momento que voc\u00ea encontra um local que voc\u00ea fa\u00e7a boas amizades, que te ampare e d\u00ea a oportunidade de conhecer novos lugares, outros pa\u00edses e ainda ter uma renda \u00e9 bem legal. O Bolsa Atleta \u00e9 muito importante tamb\u00e9m na inclus\u00e3o social.\u201d, pontua.&nbsp;&nbsp;<\/span><\/p>\n<figure id=\"attachment_956\" aria-describedby=\"caption-attachment-956\" style=\"width: 1535px\" class=\"wp-caption alignnone\"><img loading=\"lazy\" decoding=\"async\" class=\"size-full wp-image-956\" src=\"http:\/\/primeirapauta.ielusc.br\/wp-content\/uploads\/2019\/06\/bolsa-atleta.jpg\" alt=\"\" width=\"1535\" height=\"1024\"><figcaption id=\"caption-attachment-956\" class=\"wp-caption-text\">Rafaela Iavorski (D) \u00e9 campe\u00e3 brasileira e atleta de salto em dist\u00e2ncia e cem metros com barreiras. Samara Furtado (E) \u00e9 recordista brasileira de lan\u00e7amento de martelo e de disco. Foto: Vin\u00edcius Leonardo<\/figcaption><\/figure>\n<p><span style=\"font-weight: 400;\">O treinador Sidnei Maciel tamb\u00e9m enxerga o programa como uma forma de inclus\u00e3o social, visto que, o esporte \u00e9 uma ferramenta transformadora que ajuda as crian\u00e7as e os adolescentes a socializarem e terem disciplina, fazendo assim com que se concentrem na modalidade e n\u00e3o tenham tempo para se envolver com as drogas e o mundo do crime.&nbsp;<\/span><\/p>\n<figure id=\"attachment_961\" aria-describedby=\"caption-attachment-961\" style=\"width: 907px\" class=\"wp-caption alignnone\"><img loading=\"lazy\" decoding=\"async\" class=\"wp-image-961 size-full\" src=\"http:\/\/primeirapauta.ielusc.br\/wp-content\/uploads\/2019\/06\/Sem-t\u00edtulo.png\" alt=\"\" width=\"907\" height=\"403\"><figcaption id=\"caption-attachment-961\" class=\"wp-caption-text\">Tabela de valores do programa Bolsa Atleta<\/figcaption><\/figure>\n<h2>Atletas da Sele\u00e7\u00e3o Brasileira Feminina recebem o Bolsa Atleta do Governo Federal<\/h2>\n<p><span style=\"font-weight: 400;\">O Bolsa atleta al\u00e9m de ajudar os atletas de esporte de base, amador e ol\u00edmpico, tamb\u00e9m contribui com o futebol feminino das 23 jogadoras convocadas para a copa do mundo de futebol feminino de 2019 na Fran\u00e7a, 17 recebem o benef\u00edcio.<\/span><\/p>\n<p><span style=\"font-weight: 400;\">O programa \u00e9 importante para ajudar nos custos das atletas da modalidade, visto que o futebol feminino n\u00e3o recebe os mesmos investimentos que o futebol masculino e que a maioria das atletas s\u00e3o amadoras, pois n\u00e3o possuem v\u00ednculo com os clubes no regime CLT (Consolida\u00e7\u00e3o das Leis do Trabalho), recebendo assim apenas uma ajuda de custo na modalidade, desse modo <\/span><span style=\"font-weight: 400;\">a bolsa completa o or\u00e7amento necess\u00e1rio.&nbsp;<\/span><\/p>\n<p><span style=\"font-weight: 400;\">Apenas 6 jogadoras convocadas n\u00e3o recebem o aux\u00edlio entre elas: Debinha, Daiane, Kathellen, Luana, Ludmilla e Formiga. J\u00e1 as atacantes Marta e Cristiane, as jogadoras mais importantes do elenco, recebem o benef\u00edcio, assim como o restante.&nbsp;<\/span><\/p>\n<p><span style=\"font-weight: 400;\">De acordo com as jogadoras o aux\u00edlio \u00e9 essencial para comprar as chuteiras, caneleiras e outros materiais necess\u00e1rios para a pr\u00e1tica do esporte. A maioria das atletas que recebem o benef\u00edcio atuam no Brasil, como \u00e9 o caso da atacante Cristiane, e da zagueira \u00c9rika, assim como a atacante Marta.<\/span><\/p>\n<figure id=\"attachment_969\" aria-describedby=\"caption-attachment-969\" style=\"width: 1535px\" class=\"wp-caption alignnone\"><img loading=\"lazy\" decoding=\"async\" class=\"size-full wp-image-969\" src=\"http:\/\/primeirapauta.ielusc.br\/wp-content\/uploads\/2019\/06\/selecao-feminina-posa-para-foto-oficial-da-copa-do-mundo-da-franca-1559402967729_v2_900x506.jpg\" alt=\"\" width=\"1535\" height=\"863\"><figcaption id=\"caption-attachment-969\" class=\"wp-caption-text\">Sele\u00e7\u00e3o Brasileira Feminina convocada para a Copa do Mundo realiza a foto oficial do time para a competi\u00e7\u00e3o em 2019. Foto: CBF \/ Foto: Divulga\u00e7\u00e3o<\/figcaption><\/figure>\n<p>Reportagem: Camila Campos e Vin\u00edcius Leonardo<br \/>\n<strong>Conte\u00fado original do Primeira Pauta Impresso, Edi\u00e7\u00e3o 145<\/strong>&nbsp;| Disciplina de Jornal Laborat\u00f3rio, 7\u00aa fase\/2019.<\/p>\n\n    <div class=\"xs_social_share_widget xs_share_url after_content \t\tmain_content  wslu-style-1 wslu-share-box-shaped wslu-fill-colored wslu-none wslu-share-horizontal wslu-theme-font-no wslu-main_content\">\n\n\t\t\n        <ul>\n\t\t\t        <\/ul>\n    <\/div> \n","protected":false},"excerpt":{"rendered":"<p>Especialistas abordam os benef\u00edcios do governo federal investir no esporte de base para o desenvolvimento de novos atletas, para as pr\u00f3ximas competi\u00e7\u00f5es O Bolsa Atleta \u00e9 um programa do governo federal que incentiva a pr\u00e1tica esportiva no pa\u00eds. Atrav\u00e9s do benef\u00edcio, os atletas recebem valores mensais para ajudar nos custos do esporte. Em Joinville, a [&hellip;]<\/p>\n","protected":false},"author":3,"featured_media":2396,"comment_status":"open","ping_status":"open","sticky":false,"template":"","format":"standard","meta":{"footnotes":""},"categories":[233],"tags":[171,172,173,174],"_links":{"self":[{"href":"https:\/\/primeirapauta.ielusc.br\/index.php\/wp-json\/wp\/v2\/posts\/928"}],"collection":[{"href":"https:\/\/primeirapauta.ielusc.br\/index.php\/wp-json\/wp\/v2\/posts"}],"about":[{"href":"https:\/\/primeirapauta.ielusc.br\/index.php\/wp-json\/wp\/v2\/types\/post"}],"author":[{"embeddable":true,"href":"https:\/\/primeirapauta.ielusc.br\/index.php\/wp-json\/wp\/v2\/users\/3"}],"replies":[{"embeddable":true,"href":"https:\/\/primeirapauta.ielusc.br\/index.php\/wp-json\/wp\/v2\/comments?post=928"}],"version-history":[{"count":1,"href":"https:\/\/primeirapauta.ielusc.br\/index.php\/wp-json\/wp\/v2\/posts\/928\/revisions"}],"predecessor-version":[{"id":2397,"href":"https:\/\/primeirapauta.ielusc.br\/index.php\/wp-json\/wp\/v2\/posts\/928\/revisions\/2397"}],"wp:featuredmedia":[{"embeddable":true,"href":"https:\/\/primeirapauta.ielusc.br\/index.php\/wp-json\/wp\/v2\/media\/2396"}],"wp:attachment":[{"href":"https:\/\/primeirapauta.ielusc.br\/index.php\/wp-json\/wp\/v2\/media?parent=928"}],"wp:term":[{"taxonomy":"category","embeddable":true,"href":"https:\/\/primeirapauta.ielusc.br\/index.php\/wp-json\/wp\/v2\/categories?post=928"},{"taxonomy":"post_tag","embeddable":true,"href":"https:\/\/primeirapauta.ielusc.br\/index.php\/wp-json\/wp\/v2\/tags?post=928"}],"curies":[{"name":"wp","href":"https:\/\/api.w.org\/{rel}","templated":true}]}}